{"id":113694,"date":"2022-03-25T09:41:14","date_gmt":"2022-03-25T12:41:14","guid":{"rendered":"https:\/\/grandepremio.com\/br\/noticias\/formula-1-comeca-gp-arabia-saudita-vento-forte-jeda\/"},"modified":"2022-03-25T09:41:21","modified_gmt":"2022-03-25T12:41:21","slug":"formula-1-comeca-gp-arabia-saudita-vento-forte-jeda","status":"publish","type":"post","link":"https:\/\/grandepremio.com\/br\/f1\/formula-1-comeca-gp-arabia-saudita-vento-forte-jeda\/","title":{"rendered":"F\u00f3rmula 1 come\u00e7a fim de semana do GP da Ar\u00e1bia Saudita com vento forte em Jed\u00e1"},"content":{"rendered":"\n<figure class=\"wp-block-embed is-type-video is-provider-youtube wp-block-embed-youtube wp-embed-aspect-16-9 wp-has-aspect-ratio\"><div class=\"wp-block-embed__wrapper\">\n<iframe loading=\"lazy\" title=\"F\u00d3RMULA 1 2022: FERRARI R\u00c1PIDA, MERCEDES LENTA E RED BULL DE VIDRO NA F1 | TTGP #45\" width=\"500\" height=\"281\" src=\"https:\/\/www.youtube.com\/embed\/bb7jU-F3Cus?feature=oembed\" frameborder=\"0\" allow=\"accelerometer; autoplay; clipboard-write; encrypted-media; gyroscope; picture-in-picture; web-share\" referrerpolicy=\"strict-origin-when-cross-origin\" allowfullscreen><\/iframe>\n<\/div><figcaption>F\u00d3RMULA 1 2022: FERRARI R\u00c1PIDA, MERCEDES LENTA E RED BULL DE VIDRO NA F1 | TTGP #45<\/figcaption><\/figure>\n\n\n\n<p class=\"wp-block-paragraph\">Quase n\u00e3o deu para respirar ap\u00f3s a abertura da temporada 2022 da F\u00f3rmula 1, h\u00e1 menos de uma semana, no Bahrein, e os carros est\u00e3o de volta. O Mundial come\u00e7a o fim de semana do GP da Ar\u00e1bia Saudita nesta sexta-feira (25), na pista de rua de Jed\u00e1. Apesar de mais uma prova no Oriente M\u00e9dio, a temperatura \u00e9 at\u00e9 razo\u00e1vel na noite saudita, mas ser\u00e1 um dia de ventania.<\/p>\n\n\n\n<p class=\"wp-block-paragraph\">O fato da temperatura ser razo\u00e1vel n\u00e3o quer dizer que o calor deixou de existir. \u00c9 um dia mais quente que os tr\u00eas no Bahrein, por exemplo. No primeiro treino livre, marcado para as 17h locais (11h de Bras\u00edlia GMT-3), o clima bate os 25\u00b0 e sensa\u00e7\u00e3o t\u00e9rmica de 24\u00b0C no ocaso da tarde em Jed\u00e1. A expectativa para a umidade relativa do ar \u00e9 de 39%.<\/p>\n\n\n\n<p class=\"wp-block-paragraph\"><strong>\u25b6\ufe0f\u00a0Inscreva-se nos dois canais do GRANDE PR\u00caMIO no YouTube:\u00a0<a href=\"https:\/\/www.youtube.com\/channel\/UC9OlHEgxoaY6QY6nWPoiqQg?sub_confirmation=1\" target=\"_blank\" rel=\"noreferrer noopener\">GP<\/a>\u00a0|\u00a0<a href=\"https:\/\/www.youtube.com\/channel\/UC9csiS6q_C3C0FYhyr1rnFA?sub_confirmation=1\" target=\"_blank\" rel=\"noreferrer noopener\">GP2<\/a><\/strong><br><strong>Hamilton n\u00e3o blefou: Mercedes tem falhas reais <a href=\"https:\/\/www.grandepremio.com\/br\/f1\/noticias\/lewis-hamilton-mercedes-falhas-reais-formula-1\/\">no mundo invertido em que vive<\/a> na F1<\/strong><\/p>\n\n\n\n<p class=\"wp-block-paragraph\">As informa\u00e7\u00f5es s\u00e3o do servi\u00e7o de meteorologia Accuweather. Mas o que chama mais a aten\u00e7\u00e3o \u00e9 o vento. As rajadas de vento podem chegar a at\u00e9 60 km\/h, com m\u00e9dia de 32 km\/h. \u00c9 bem mais forte que no Bahrein, semana passada, quando os pilotos chegaram a reclamar do vento sobretudo nos treinos do fim de tarde. Ao menos 10 km\/h mais forte.<\/p>\n\n\n\n<p class=\"wp-block-paragraph\">J\u00e1 o segundo treino livre, que est\u00e1 marcado para as 20h locais (14h de Bras\u00edlia), hor\u00e1rio para a qual tamb\u00e9m est\u00e1 marcada a corrida do domingo, acontece na noite absoluta. A temperatura, entretanto, segue bem parecida: 24\u00b0C e 22\u00b0C de sensa\u00e7\u00e3o t\u00e9rmica. A umidade sobe para 51%, n\u00famero alto. A for\u00e7a do vento cai um pouco: 48 km\/h de rajadas e 28 km\/h de m\u00e9dia.<\/p>\n\n\n\n<p class=\"wp-block-paragraph\">O <strong>GRANDE PR\u00caMIO<\/strong> acompanha todas as atividades do GP da Ar\u00e1bia Saudita <a href=\"https:\/\/www.grandepremio.com\/br\/f1\/ao-vivo\"><strong>AO VIVO<\/strong> e <strong>EM TEMPO REAL<\/strong><\/a>.<\/p>\n\n\n\n<figure class=\"wp-block-embed is-type-rich is-provider-spotify wp-block-embed-spotify wp-embed-aspect-21-9 wp-has-aspect-ratio\"><div class=\"wp-block-embed__wrapper\">\n<iframe title=\"Spotify Embed: Paddockast #140: J\u00e1 pode se empolgar com a Ferrari? E se preocupar com a Mercedes?\" style=\"border-radius: 12px\" width=\"100%\" height=\"152\" frameborder=\"0\" allowfullscreen allow=\"autoplay; clipboard-write; encrypted-media; fullscreen; picture-in-picture\" loading=\"lazy\" src=\"https:\/\/open.spotify.com\/embed\/episode\/5G7OFZ8jR3DsxN1Yz525vm?utm_source=oembed\"><\/iframe>\n<\/div><figcaption>Paddockast #140 | J\u00e1 pode se empolgar com a Ferrari? E se preocupar com a Mercedes?<\/figcaption><\/figure>\n","protected":false},"excerpt":{"rendered":"<p>O primeiro dia de atividades da F\u00f3rmula 1 na Ar\u00e1bia Saudita conta com temperatura razo\u00e1vel e vento consider\u00e1vel na pista de rua<\/p>\n","protected":false},"author":0,"featured_media":1000552400,"comment_status":"closed","ping_status":"closed","sticky":false,"template":"","format":"standard","meta":{"42wp_featured_image_caption":"","42wp_featured_image_credits":"","42wp_featured_video":"","42wp_featured_image_hidden":false,"42wp_authors_list":[],"footnotes":""},"categories":[2],"tags":[1357,26841,26266,24836,28288,26627,2033],"42wp_author":[47120],"class_list":["post-113694","post","type-post","status-publish","format-standard","has-post-thumbnail","hentry","category-f1","tag-f1-2022","tag-formula-1-2022","tag-gp-da-arabia-saudita","tag-grande-premio-2","tag-grandepremio-2","tag-jeda","tag-temperatura","42wp_author-pedro-henrique-marum"],"_links":{"self":[{"href":"https:\/\/grandepremio.com\/br\/wp-json\/wp\/v2\/posts\/113694","targetHints":{"allow":["GET"]}}],"collection":[{"href":"https:\/\/grandepremio.com\/br\/wp-json\/wp\/v2\/posts"}],"about":[{"href":"https:\/\/grandepremio.com\/br\/wp-json\/wp\/v2\/types\/post"}],"replies":[{"embeddable":true,"href":"https:\/\/grandepremio.com\/br\/wp-json\/wp\/v2\/comments?post=113694"}],"version-history":[{"count":0,"href":"https:\/\/grandepremio.com\/br\/wp-json\/wp\/v2\/posts\/113694\/revisions"}],"wp:featuredmedia":[{"embeddable":true,"href":"https:\/\/grandepremio.com\/br\/wp-json\/wp\/v2\/media\/1000552400"}],"wp:attachment":[{"href":"https:\/\/grandepremio.com\/br\/wp-json\/wp\/v2\/media?parent=113694"}],"wp:term":[{"taxonomy":"category","embeddable":true,"href":"https:\/\/grandepremio.com\/br\/wp-json\/wp\/v2\/categories?post=113694"},{"taxonomy":"post_tag","embeddable":true,"href":"https:\/\/grandepremio.com\/br\/wp-json\/wp\/v2\/tags?post=113694"},{"taxonomy":"42wp_author","embeddable":true,"href":"https:\/\/grandepremio.com\/br\/wp-json\/wp\/v2\/42wp_author?post=113694"}],"curies":[{"name":"wp","href":"https:\/\/api.w.org\/{rel}","templated":true}]}}