{"id":113717,"date":"2022-03-24T08:20:54","date_gmt":"2022-03-24T11:20:54","guid":{"rendered":"https:\/\/grandepremio.com\/br\/noticias\/fia-negocia-realocacao-michael-masi-nova-funcao\/"},"modified":"2022-03-24T08:21:02","modified_gmt":"2022-03-24T11:21:02","slug":"fia-negocia-realocacao-michael-masi-nova-funcao","status":"publish","type":"post","link":"https:\/\/grandepremio.com\/br\/f1\/fia-negocia-realocacao-michael-masi-nova-funcao\/","title":{"rendered":"FIA negocia realoca\u00e7\u00e3o de Masi em nova fun\u00e7\u00e3o: &#8220;Figura importante&#8221;"},"content":{"rendered":"\n<figure class=\"wp-block-embed is-type-video is-provider-youtube wp-block-embed-youtube wp-embed-aspect-16-9 wp-has-aspect-ratio\"><div class=\"wp-block-embed__wrapper\">\n<iframe loading=\"lazy\" title=\"F\u00d3RMULA 1 2022: FERRARI R\u00c1PIDA, MERCEDES LENTA E RED BULL DE VIDRO NA F1 | TTGP #45\" width=\"500\" height=\"281\" src=\"https:\/\/www.youtube.com\/embed\/bb7jU-F3Cus?feature=oembed\" frameborder=\"0\" allow=\"accelerometer; autoplay; clipboard-write; encrypted-media; gyroscope; picture-in-picture; web-share\" referrerpolicy=\"strict-origin-when-cross-origin\" allowfullscreen><\/iframe>\n<\/div><figcaption>F\u00d3RMULA 1 2022: FERRARI R\u00c1PIDA, MERCEDES LENTA E RED BULL DE VIDRO NA F1 | TTGP #45<\/figcaption><\/figure>\n\n\n\n<p class=\"wp-block-paragraph\">O presidente da FIA (Federa\u00e7\u00e3o Internacional de Automobilismo), Mohammed Ben Sulayem, revelou que est\u00e1 em negocia\u00e7\u00e3o para realocar Michael Masi, mas em uma nova fun\u00e7\u00e3o na entidade m\u00e1xima do esporte a motor. Depois da divulga\u00e7\u00e3o do relat\u00f3rio sobre os acontecimentos nas voltas finais do GP de Abu Dhabi, o dirigente ratificou que \u00e9 necess\u00e1rio colocar um ponto final sobre o que aconteceu na decis\u00e3o do t\u00edtulo mundial da \u00faltima temporada e enfatizou que o foco agora deve ser sobre o novo ano na F\u00f3rmula 1.<\/p>\n\n\n\n<p class=\"wp-block-paragraph\">Logo ap\u00f3s a terceira sess\u00e3o de treinos livres para o GP do Bahrein, que abriu a temporada 2022 da categoria, a <a href=\"https:\/\/www.grandepremio.com\/br\/f1\/noticias\/fia-erro-humano-michael-masi-mantem-resultado-abu-dhabi\/\" target=\"_blank\" rel=\"noreferrer noopener\">FIA emitiu o relat\u00f3rio sobre os pol\u00eamicos eventos finais da prova disputada em Abu Dhabi e reconheceu que foi um \u2018erro humano\u2019, mas incentivado por uma \u2018boa f\u00e9\u2019 de Masi<\/a>, que fez o ent\u00e3o diretor de provas deixar de seguir o regulamento com o objetivo de possibilitar um final mais emocionante \u2014 ao permitir que apenas os retardat\u00e1rios que estivessem entre os l\u00edderes ultrapassagem o carro de seguran\u00e7a.<\/p>\n\n\n\n<p class=\"wp-block-paragraph\">No documento, a FIA tamb\u00e9m manteve o resultado final da prova, com Max Verstappen como vencedor e, por consequ\u00eancia, Campe\u00e3o Mundial de F1, em disputa vencida sobre Lewis Hamilton na volta final da corrida em Yas Marina.<\/p>\n\n\n\n<p class=\"wp-block-paragraph\"><strong>\u25b6\ufe0f Inscreva-se nos dois canais do GRANDE PR\u00caMIO no YouTube:&nbsp;<a href=\"https:\/\/www.youtube.com\/channel\/UC9OlHEgxoaY6QY6nWPoiqQg?sub_confirmation=1\">GP<\/a>&nbsp;|&nbsp;<a href=\"https:\/\/www.youtube.com\/channel\/UC9csiS6q_C3C0FYhyr1rnFA?sub_confirmation=1\">GP2<\/a><\/strong><\/p>\n\n\n\n<figure class=\"wp-block-image size-large\"><img decoding=\"async\" src=\"https:\/\/www.grandepremio.com\/br\/wp-content\/uploads\/2020\/05\/12-1-1024x576.jpg\" alt=\"\" class=\"wp-image-538274\"\/><figcaption>Michael Masi perdeu o emprego como diretor de provas da F1 (Foto: Reprodu\u00e7\u00e3o\/F1)<\/figcaption><\/figure>\n\n\n\n<p class=\"wp-block-paragraph\">Novamente sob holofotes ap\u00f3s a divulga\u00e7\u00e3o do relat\u00f3rio, o presidente da entidade m\u00e1xima do esporte, Ben Sulayem, declarou que reconhece o trabalho feito por Masi \u00e0 frente da dire\u00e7\u00e3o de prova nas \u00faltimas tr\u00eas temporadas na F1 e tamb\u00e9m revelou que est\u00e1 em fase negocia\u00e7\u00e3o para realoca\u00e7\u00e3o do comiss\u00e1rio na FIA.<\/p>\n\n\n\n<p class=\"wp-block-paragraph\">&#8220;Somos gratos pelos tr\u00eas anos que ele esteve conosco, e dedicou o seu tempo [na F1]\u201d, disse em entrevista ao site oficial do \u00f3rg\u00e3o. \u201cMas, agora, estamos negociando com ele para ficar na FIA. Ele \u00e9 uma figura importante para n\u00f3s. Nosso pessoal est\u00e1 negociando outro, n\u00e3o diria um emprego, mas outra fun\u00e7\u00e3o para ele dentro da FIA\u201d, completou.<\/p>\n\n\n\n<p class=\"wp-block-paragraph\">Por toda persegui\u00e7\u00e3o sofrida por Masi, principalmente nas redes sociais, ap\u00f3s as pol\u00eamicas decis\u00f5es tomadas durante a \u00faltima temporada, mas que atingiram o estopim ao t\u00e9rmino do GP de Abu Dhabi, o presidente da entidade contou por quais motivos a FIA ainda n\u00e3o definiu o novo cargo para Masi na federa\u00e7\u00e3o.<\/p>\n\n\n\n<p class=\"wp-block-paragraph\">&#8220;[Queremos] tirar a press\u00e3o e o estresse dele, porque ele realmente passou por muita coisa&#8221;, afirmou.<\/p>\n\n\n\n<figure class=\"wp-block-image size-large\"><img decoding=\"async\" src=\"https:\/\/www.grandepremio.com\/br\/wp-content\/uploads\/2022\/02\/GPF1-8-1024x576.jpeg\" alt=\"\" class=\"wp-image-542535\"\/><figcaption>Mohammed Ben Sulayem, presidente da FIA, negocia um novo cargo para Masi (Foto: Reprodu\u00e7\u00e3o\/FIA)<\/figcaption><\/figure>\n\n\n\n<p class=\"wp-block-paragraph\">Com o Campeonato Mundial de 2022 j\u00e1 em andamento, Ben Sulayem pediu para que os assuntos relacionados \u00e0s pol\u00eamicas da temporada 2021 sejam encerrados, para que o foco seja apenas neste ano, que marca o in\u00edcio do novo regulamento t\u00e9cnico na F1.<\/p>\n\n\n\n<p class=\"wp-block-paragraph\">&#8220;Agora queremos seguir em frente e terminar a corrida em Abu Dhabi com esse relat\u00f3rio&#8221;, disse. &#8220;\u00c9 o in\u00edcio de 2022, com todos os carros novos e toda emo\u00e7\u00e3o. Acho que devemos aproveitar e deixar isso para tr\u00e1s e garantir que tenhamos um bom ano&#8221;, concluiu.<\/p>\n\n\n\n<p class=\"wp-block-paragraph\"><a href=\"https:\/\/www.grandepremio.com\/br\/f1\/noticias\/quem-sao-niels-wittich-e-eduardo-freitas-novos-diretores-de-prova-da-f1\/\" target=\"_blank\" rel=\"noreferrer noopener\">Com Niels Wittich e Eduardo Freitas dividindo a fun\u00e7\u00e3o de diretor de provas, al\u00e9m de Herbie Blash como conselheiro-s\u00eanior<\/a>, a segunda etapa da temporada 2022 da F\u00f3rmula 1 acontece neste domingo (27), com o GP de Abu Dhabi. O&nbsp;<strong>GRANDE PR\u00caMIO<\/strong>&nbsp;acompanha tudo&nbsp;<strong><a href=\"https:\/\/www.grandepremio.com\/br\/f1\/ao-vivo\"><strong>AO VIVO<\/strong>&nbsp;e<strong>&nbsp;EM&nbsp;<\/strong><\/a><strong><a href=\"https:\/\/www.grandepremio.com\/br\/ao-vivo\/\" target=\"_blank\" rel=\"noreferrer noopener\">TEMPO REAL<\/a><\/strong><\/strong>.<\/p>\n\n\n\n<p class=\"wp-block-paragraph\"><strong>LEIA TAMB\u00c9M<\/strong><br><strong><a href=\"https:\/\/www.grandepremio.com\/br\/f1\/noticias\/alexander-albon-piora-nova-regra-retardatarios-safety-car-formula-1\/\" target=\"_blank\" rel=\"noreferrer noopener\">+Albon v\u00ea piora em nova regra para retardat\u00e1rios durante safety-car na F1<\/a><\/strong><br><strong><a href=\"https:\/\/www.grandepremio.com\/br\/f1\/noticias\/pierre-gasly-torce-motor-recuperado-apos-incendio\/\" target=\"_blank\" rel=\"noreferrer noopener\">+Gasly torce para que motor \u201cn\u00e3o tenha ido embora\u201d ap\u00f3s inc\u00eandio: \u201cVirou churrasco\u201d<\/a><\/strong><\/p>\n\n\n\n<figure class=\"wp-block-embed is-type-video is-provider-youtube wp-block-embed-youtube wp-embed-aspect-16-9 wp-has-aspect-ratio\"><div class=\"wp-block-embed__wrapper\">\n<iframe loading=\"lazy\" title=\"BAHREIN CONFIRMA: FERRARI \u00c9 CANDIDATA AO T\u00cdTULO DA F\u00d3RMULA 1 2022\" width=\"500\" height=\"281\" src=\"https:\/\/www.youtube.com\/embed\/Fbo0lAmkmN8?start=1&amp;feature=oembed\" frameborder=\"0\" allow=\"accelerometer; autoplay; clipboard-write; encrypted-media; gyroscope; picture-in-picture; web-share\" referrerpolicy=\"strict-origin-when-cross-origin\" allowfullscreen><\/iframe>\n<\/div><figcaption>BAHREIN CONFIRMA: FERRARI \u00c9 CANDIDATA AO T\u00cdTULO DA F\u00d3RMULA 1 2022<\/figcaption><\/figure>\n","protected":false},"excerpt":{"rendered":"<p>Presidente da FIA, Mohammed Ben Sulayem reconheceu o trabalho realizado por Masi na dire\u00e7\u00e3o de prova da F\u00f3rmula 1, e pediu para encerrar os assuntos sobre a \u00faltima temporada <\/p>\n","protected":false},"author":0,"featured_media":1000542535,"comment_status":"closed","ping_status":"closed","sticky":false,"template":"","format":"standard","meta":{"42wp_featured_image_caption":"","42wp_featured_image_credits":"","42wp_featured_video":"","42wp_featured_image_hidden":false,"42wp_authors_list":[],"footnotes":""},"categories":[2],"tags":[103,24837,26841,30843,28285,1385,30344,30400],"42wp_author":[47145],"class_list":["post-113717","post","type-post","status-publish","format-standard","has-post-thumbnail","hentry","category-f1","tag-fia","tag-formula-1-2","tag-formula-1-2022","tag-gp-de-abu-dhabi-2021","tag-grandepremio","tag-michael-masi","tag-mohammed-ben-sulayem","tag-temporada-formula-1-2022","42wp_author-alessandro-pinheiro"],"_links":{"self":[{"href":"https:\/\/grandepremio.com\/br\/wp-json\/wp\/v2\/posts\/113717","targetHints":{"allow":["GET"]}}],"collection":[{"href":"https:\/\/grandepremio.com\/br\/wp-json\/wp\/v2\/posts"}],"about":[{"href":"https:\/\/grandepremio.com\/br\/wp-json\/wp\/v2\/types\/post"}],"replies":[{"embeddable":true,"href":"https:\/\/grandepremio.com\/br\/wp-json\/wp\/v2\/comments?post=113717"}],"version-history":[{"count":0,"href":"https:\/\/grandepremio.com\/br\/wp-json\/wp\/v2\/posts\/113717\/revisions"}],"wp:featuredmedia":[{"embeddable":true,"href":"https:\/\/grandepremio.com\/br\/wp-json\/wp\/v2\/media\/1000542535"}],"wp:attachment":[{"href":"https:\/\/grandepremio.com\/br\/wp-json\/wp\/v2\/media?parent=113717"}],"wp:term":[{"taxonomy":"category","embeddable":true,"href":"https:\/\/grandepremio.com\/br\/wp-json\/wp\/v2\/categories?post=113717"},{"taxonomy":"post_tag","embeddable":true,"href":"https:\/\/grandepremio.com\/br\/wp-json\/wp\/v2\/tags?post=113717"},{"taxonomy":"42wp_author","embeddable":true,"href":"https:\/\/grandepremio.com\/br\/wp-json\/wp\/v2\/42wp_author?post=113717"}],"curies":[{"name":"wp","href":"https:\/\/api.w.org\/{rel}","templated":true}]}}