{"id":113725,"date":"2022-03-24T04:15:00","date_gmt":"2022-03-24T07:15:00","guid":{"rendered":"https:\/\/grandepremio.com\/br\/noticias\/mercedes-ve-bom-passo-relatorio-reconheceu-erro-humano-abu-dhabi\/"},"modified":"2022-03-23T19:29:28","modified_gmt":"2022-03-23T22:29:28","slug":"mercedes-ve-bom-passo-relatorio-reconheceu-erro-humano-abu-dhabi","status":"publish","type":"post","link":"https:\/\/grandepremio.com\/br\/f1\/mercedes-ve-bom-passo-relatorio-reconheceu-erro-humano-abu-dhabi\/","title":{"rendered":"Mercedes v\u00ea &#8220;bom passo&#8221; em relat\u00f3rio que &#8220;reconheceu erro humano&#8221; em Abu Dhabi"},"content":{"rendered":"\n<figure class=\"wp-block-embed is-type-video is-provider-youtube wp-block-embed-youtube wp-embed-aspect-16-9 wp-has-aspect-ratio\"><div class=\"wp-block-embed__wrapper\">\n<iframe loading=\"lazy\" title=\"F\u00d3RMULA 1 2022: TUDO SOBRE O GP DO BAHREIN DE F1 | Briefing\" width=\"500\" height=\"281\" src=\"https:\/\/www.youtube.com\/embed\/6bURKxBIkTI?feature=oembed\" frameborder=\"0\" allow=\"accelerometer; autoplay; clipboard-write; encrypted-media; gyroscope; picture-in-picture; web-share\" referrerpolicy=\"strict-origin-when-cross-origin\" allowfullscreen><\/iframe>\n<\/div><figcaption>F\u00d3RMULA 1 2022: TUDO SOBRE O GP DO BAHREIN DE F1 | Briefing<br><\/figcaption><\/figure>\n\n\n\n<p class=\"wp-block-paragraph\"><a href=\"https:\/\/www.grandepremio.com\/br\/f1\/noticias\/fia-erro-humano-michael-masi-mantem-resultado-abu-dhabi\/#:~:text=Ocorreu%20um%20erro.,-Tente%20assistir%20o&amp;text=Michael%20Masi%20foi%20removido%20do,F%C3%B3rmula%201%20para%20Max%20Verstappen.\" target=\"_blank\" rel=\"noreferrer noopener\">Foi durante o GP do Bahrein que a FIA (Federa\u00e7\u00e3o Internacional do Automobilismo) divulgou o relat\u00f3rio completo sobre os acontecimentos em Abu Dhabi,<\/a> na corrida que resultou em t\u00edtulo para\u00a0<a href=\"https:\/\/www.grandepremio.com\/br\/piloto\/max-verstappen\/\" target=\"_blank\" rel=\"noreferrer noopener\">Max Verstappen<\/a>\u00a0em 2021. No documento, a entidade concluiu que houve &#8220;erro humano&#8221;, ainda que o ex-diretor de provas Michael Masi \u201cestivesse agindo de boa f\u00e9 e com o melhor de seu conhecimento&#8221;. Apesar de apontar o equ\u00edvoco do australiano, a FIA decidiu manter o resultado. <\/p>\n\n\n\n<p class=\"wp-block-paragraph\">Toto Wolff, chefe de equipe da Mercedes, que foi figura muito importante durante todo o processo de investiga\u00e7\u00e3o, falou sobre o resultado. Segundo ele, a conclus\u00e3o da grande confus\u00e3o em cima da final da F\u00f3rmula 1 2021 foi muito positiva, j\u00e1 que gerou mudan\u00e7as significativas na categoria. <\/p>\n\n\n\n<p class=\"wp-block-paragraph\">\u201cAcho que \u00e9 uma grande mudan\u00e7a em rela\u00e7\u00e3o ao que vimos antes [na F1]. Independentemente de o relat\u00f3rio estar completo ou n\u00e3o, divulg\u00e1-lo \u00e9 um bom passo em termos de transpar\u00eancia, e voc\u00ea pode l\u00ea-lo de qualquer maneira. Para n\u00f3s, h\u00e1 uma frase que diz &#8216;erro humano&#8217; e o reconhecimento disso \u00e9 muito importante para encerrar a hist\u00f3ria&#8221;, disse o austr\u00edaco. <\/p>\n\n\n\n<p class=\"wp-block-paragraph\"><strong>\u25b6\ufe0f Inscreva-se nos dois canais do GRANDE PR\u00caMIO no YouTube:\u00a0<a href=\"https:\/\/www.youtube.com\/channel\/UC9OlHEgxoaY6QY6nWPoiqQg?sub_confirmation=1\">GP<\/a>\u00a0|\u00a0<a href=\"https:\/\/www.youtube.com\/channel\/UC9csiS6q_C3C0FYhyr1rnFA?sub_confirmation=1\">GP2<\/a><\/strong><\/p>\n\n\n\n<figure class=\"wp-block-image size-large\"><img decoding=\"async\" src=\"https:\/\/www.grandepremio.com\/br\/wp-content\/uploads\/2021\/12\/redbull-maxverstappen-02-5-1024x683.jpg\" alt=\"\" class=\"wp-image-532116\"\/><figcaption>Max Verstappen superou Lewis Hamilton na \u00faltima volta para conquistar o t\u00edtulo (Foto: Red Bull Content Pool)<\/figcaption><\/figure>\n\n\n\n<p class=\"wp-block-paragraph\">\u201cSei que o relat\u00f3rio saiu, mas n\u00e3o tenho pensado mais em Abu Dhabi desde que nosso carro provou n\u00e3o ser competitivo na pista este ano&#8221;, finalizou Wolff.<\/p>\n\n\n\n<p class=\"wp-block-paragraph\">Na ocasi\u00e3o, Masi gerou pol\u00eamica por conta das decis\u00f5es tomadas na corrida, que deu o t\u00edtulo da\u00a0<a href=\"https:\/\/www.grandepremio.com\/formula-1\/\" target=\"_blank\" rel=\"noreferrer noopener\">F\u00f3rmula 1<\/a>\u00a0para\u00a0<a href=\"https:\/\/www.grandepremio.com\/br\/piloto\/max-verstappen\/\" target=\"_blank\" rel=\"noreferrer noopener\">Max Verstappen<\/a>. O holand\u00eas era segundo colocado, atr\u00e1s de Lewis Hamilton, mas a situa\u00e7\u00e3o mudou ap\u00f3s o acidente de\u00a0<a href=\"https:\/\/www.grandepremio.com\/br\/piloto\/nicholas-latifi\/\" target=\"_blank\" rel=\"noreferrer noopener\">Nicholas Latifi<\/a>,\u00a0com cinco voltas para o final. Antes da relargada, no \u00faltimo giro da prova, Michael optou por remover apenas os retardat\u00e1rios que estavam entre os candidatos ao t\u00edtulo em vez de liberar todos ou nenhum, como prev\u00ea o regulamento.<\/p>\n\n\n\n<p class=\"wp-block-paragraph\">Com o embate direto criado para a \u00faltima volta, Verstappen ultrapassou Hamilton e conquistou o primeiro t\u00edtulo mundial na\u00a0<a href=\"https:\/\/www.grandepremio.com\/formula-1\/\" target=\"_blank\" rel=\"noreferrer noopener\">F\u00f3rmula 1<\/a>. Como consequ\u00eancias diretas da controv\u00e9rsia, a FIA substituiu Masi por Niels Wittich e Eduardo Freitas no cargo de diretor de provas, al\u00e9m de criar um \u2018VAR\u2019 (Video Assistant Referee, ou \u00c1rbitro Assistente de V\u00eddeo, em tradu\u00e7\u00e3o literal), tal como no futebol. A assist\u00eancia por v\u00eddeo ser\u00e1 posicionada em um escrit\u00f3rio da entidade, fora dos circuitos, e em conex\u00e3o em tempo real com diretor de prova, ajudar\u00e1 a aplicar o regulamento usando ferramentas tecnol\u00f3gicas.<\/p>\n\n\n\n<figure class=\"wp-block-embed is-type-video is-provider-youtube wp-block-embed-youtube wp-embed-aspect-16-9 wp-has-aspect-ratio\"><div class=\"wp-block-embed__wrapper\">\n<iframe loading=\"lazy\" title=\"FERRARI EST\u00c1 DE VOLTA E NOVAS REGRAS EMBARALHAM F\u00d3RMULA 1 2022 | Paddock GP #279\" width=\"500\" height=\"281\" src=\"https:\/\/www.youtube.com\/embed\/ni9awps3srA?feature=oembed\" frameborder=\"0\" allow=\"accelerometer; autoplay; clipboard-write; encrypted-media; gyroscope; picture-in-picture; web-share\" referrerpolicy=\"strict-origin-when-cross-origin\" allowfullscreen><\/iframe>\n<\/div><figcaption>FERRARI EST\u00c1 DE VOLTA E NOVAS REGRAS EMBARALHAM F\u00d3RMULA 1 2022 | Paddock GP\u00a0<a href=\"https:\/\/www.youtube.com\/hashtag\/279\">#279<\/a><br><\/figcaption><\/figure>\n\n\n\n<p class=\"wp-block-paragraph\"><\/p>\n\n\n\n<p class=\"wp-block-paragraph\"><\/p>\n","protected":false},"excerpt":{"rendered":"<p>A FIA divulgou o resultado do relat\u00f3rio do GP de Abu Dhabi de 2021, e Toto Wolff, chefe da Mercedes, ficou satisfeito com a divulga\u00e7\u00e3o do documento<\/p>\n","protected":false},"author":0,"featured_media":1000532910,"comment_status":"closed","ping_status":"closed","sticky":false,"template":"","format":"standard","meta":{"42wp_featured_image_caption":"","42wp_featured_image_credits":"","42wp_featured_video":"","42wp_featured_image_hidden":false,"42wp_authors_list":[],"footnotes":""},"categories":[2],"tags":[156,1357,103,24837,30843,24836,87,203,82,1385,204,150],"42wp_author":[47139],"class_list":["post-113725","post","type-post","status-publish","format-standard","has-post-thumbnail","hentry","category-f1","tag-f1-2021","tag-f1-2022","tag-fia","tag-formula-1-2","tag-gp-de-abu-dhabi-2021","tag-grande-premio-2","tag-lewis-hamilton","tag-max-verstappen","tag-mercedes","tag-michael-masi","tag-red-bull","tag-toto-wolff","42wp_author-ana-cerveira"],"_links":{"self":[{"href":"https:\/\/grandepremio.com\/br\/wp-json\/wp\/v2\/posts\/113725","targetHints":{"allow":["GET"]}}],"collection":[{"href":"https:\/\/grandepremio.com\/br\/wp-json\/wp\/v2\/posts"}],"about":[{"href":"https:\/\/grandepremio.com\/br\/wp-json\/wp\/v2\/types\/post"}],"replies":[{"embeddable":true,"href":"https:\/\/grandepremio.com\/br\/wp-json\/wp\/v2\/comments?post=113725"}],"version-history":[{"count":0,"href":"https:\/\/grandepremio.com\/br\/wp-json\/wp\/v2\/posts\/113725\/revisions"}],"wp:featuredmedia":[{"embeddable":true,"href":"https:\/\/grandepremio.com\/br\/wp-json\/wp\/v2\/media\/1000532910"}],"wp:attachment":[{"href":"https:\/\/grandepremio.com\/br\/wp-json\/wp\/v2\/media?parent=113725"}],"wp:term":[{"taxonomy":"category","embeddable":true,"href":"https:\/\/grandepremio.com\/br\/wp-json\/wp\/v2\/categories?post=113725"},{"taxonomy":"post_tag","embeddable":true,"href":"https:\/\/grandepremio.com\/br\/wp-json\/wp\/v2\/tags?post=113725"},{"taxonomy":"42wp_author","embeddable":true,"href":"https:\/\/grandepremio.com\/br\/wp-json\/wp\/v2\/42wp_author?post=113725"}],"curies":[{"name":"wp","href":"https:\/\/api.w.org\/{rel}","templated":true}]}}