{"id":113764,"date":"2022-03-22T10:43:27","date_gmt":"2022-03-22T13:43:27","guid":{"rendered":"https:\/\/grandepremio.com\/br\/noticias\/porsche-conversa-antonio-felix-costa-substituir-andre-lotterer-formula-e-2023\/"},"modified":"2022-03-22T12:35:38","modified_gmt":"2022-03-22T15:35:38","slug":"porsche-conversa-antonio-felix-costa-substituir-andre-lotterer-formula-e-2023","status":"publish","type":"post","link":"https:\/\/grandepremio.com\/br\/formula-e\/porsche-conversa-antonio-felix-costa-substituir-andre-lotterer-formula-e-2023\/","title":{"rendered":"Porsche conversa com Da Costa para substituir Lotterer na F\u00f3rmula E em 2023"},"content":{"rendered":"\n<figure class=\"wp-block-embed is-type-video is-provider-youtube wp-block-embed-youtube wp-embed-aspect-16-9 wp-has-aspect-ratio\"><div class=\"wp-block-embed__wrapper\">\n<iframe loading=\"lazy\" title=\"F\u00d3RMULA 1 2022: TUDO SOBRE O GP DO BAHREIN DE F1 | Briefing\" width=\"500\" height=\"281\" src=\"https:\/\/www.youtube.com\/embed\/6bURKxBIkTI?feature=oembed\" frameborder=\"0\" allow=\"accelerometer; autoplay; clipboard-write; encrypted-media; gyroscope; picture-in-picture; web-share\" referrerpolicy=\"strict-origin-when-cross-origin\" allowfullscreen><\/iframe>\n<\/div><figcaption>F\u00d3RMULA 1 AO VIVO 2022: TUDO SOBRE O GP DO BAHREIN DE F1 | Briefing<\/figcaption><\/figure>\n\n\n\n<p class=\"wp-block-paragraph\">Campe\u00e3o da F\u00f3rmula E na temporada 2019\/2020, Ant\u00f3nio F\u00e9lix da Costa vai mudar de equipe para a pr\u00f3xima temporada \u2014 ano de estreia dos novos carros Gen3 da categoria. E de acordo com informa\u00e7\u00f5es do portal The Race, o piloto portugu\u00eas j\u00e1 estaria em conversas com a Porsche para defender a equipe em um acordo de m\u00faltiplos anos que representaria tamb\u00e9m a sa\u00edda de Andr\u00e9 Lotterer da equipe \u2014 ao menos, como titular na FE.<\/p>\n\n\n\n<p class=\"wp-block-paragraph\">Esta n\u00e3o seria, no entanto, a \u00fanica op\u00e7\u00e3o de Da Costa na categoria at\u00e9 o momento. O competidor tamb\u00e9m negocia com a DS \u2014 atual fornecedora de motor da sua equipe, a Techeetah \u2014, que vai passar a fabricar o trem de for\u00e7a para outra escuderia do grid a partir do ano que vem \u2014 a favorita no momento \u00e9 a Venturi, que deve correr como Maserati a partir do ano que vem, utilizando os motores da DS.<\/p>\n\n\n\n<p class=\"wp-block-paragraph\">Como os testes pr\u00e9 e p\u00f3s homologa\u00e7\u00e3o come\u00e7ar\u00e3o a ser feitos no m\u00eas de maio, \u00e9 esperada uma defini\u00e7\u00e3o por parte de Da Costa at\u00e9 o final de abril. No momento, a Porsche aparece como favorita na negocia\u00e7\u00e3o para formar uma dupla entre o portugu\u00eas e Pascal Wehrlein.<\/p>\n\n\n\n<figure class=\"wp-block-image size-large\"><img decoding=\"async\" src=\"https:\/\/www.grandepremio.com\/br\/wp-content\/uploads\/2022\/02\/GPF6-1024x682.jpeg\" alt=\"\" class=\"wp-image-541127\"\/><figcaption>Ant\u00f3nio F\u00e9lix da Costa ocupa o d\u00e9cimo lugar no Mundial de Pilotos da F\u00f3rmula E, com 12 pontos em tr\u00eas corridas (Foto: DS Techeetah)<\/figcaption><\/figure>\n\n\n\n<p class=\"wp-block-paragraph\">Isso significaria a sa\u00edda do alem\u00e3o Andr\u00e9 Lotterer, que foi confirmado para uma terceira temporada com a equipe depois da Porsche n\u00e3o entrar em acordo com Mitch Evans, que renovou com a Jaguar. Apesar do bom in\u00edcio de campeonato, Lotterer pode ser sacado em 2023 para a entrada de Da Costa. Caso isso aconte\u00e7a, \u00e9 esperado que o piloto permane\u00e7a com a equipe e retorne ao endurance.<\/p>\n\n\n\n<p class=\"wp-block-paragraph\">Desde o ver\u00e3o de 2020, informa\u00e7\u00f5es d\u00e3o conta de que tanto o portugu\u00eas como seu companheiro de equipe, Jean-\u00c8ric Vergne, estariam incomodados com alguns atrasos de pagamento da equipe, ap\u00f3s algumas complica\u00e7\u00f5es no investimento dos donos da equipe, a empresa de marketing esportivo chinesa SECA.<\/p>\n\n\n\n<p class=\"wp-block-paragraph\">Para se ter uma ideia, Da Costa j\u00e1 havia avaliado outras op\u00e7\u00f5es dentro do grid da F\u00f3rmula E quando os problemas permaneceram no ano passado, e chegou a conversar com a Mercedes sobre uma vaga \u2014 enquanto o nome de Nyck De Vries era envolvido em uma poss\u00edvel ida para a Williams na F\u00f3rmula 1.<\/p>\n\n\n\n<figure class=\"wp-block-image size-large\"><img decoding=\"async\" src=\"https:\/\/www.grandepremio.com\/br\/wp-content\/uploads\/2022\/02\/9-EPS803_190111_W6I2541-1024x683.jpg\" alt=\"\" class=\"wp-image-541724\"\/><figcaption>Empatado com o companheiro Wehrlein nos 30 pontos, Lotterer pode ficar sem vaga em 2023 (Foto: FIA F\u00f3rmula E)<\/figcaption><\/figure>\n\n\n\n<p class=\"wp-block-paragraph\"><strong>\u25b6\ufe0f\u00a0Inscreva-se nos dois canais do GRANDE PR\u00caMIO no YouTube:\u00a0<a href=\"https:\/\/www.youtube.com\/channel\/UC9OlHEgxoaY6QY6nWPoiqQg?sub_confirmation=1\" target=\"_blank\" rel=\"noreferrer noopener\">GP<\/a>\u00a0|\u00a0<a href=\"https:\/\/www.youtube.com\/channel\/UC9csiS6q_C3C0FYhyr1rnFA?sub_confirmation=1\" target=\"_blank\" rel=\"noreferrer noopener\">GP2<\/a><\/strong><\/p>\n\n\n\n<p class=\"wp-block-paragraph\">No entanto, o acordo n\u00e3o saiu e tanto De Vries como Da Costa permaneceram em suas respectivas equipes. Anthony Diorio, empres\u00e1rio do ramo de criptomoedas, se envolveu em conversas para adquirir a equipe, mas tamb\u00e9m n\u00e3o entrou em acordo. Atualmente, a Techeetah vem sendo comandada pelo CEO Mark Preston e o diretor-comercial Keith Smout.<\/p>\n\n\n\n<p class=\"wp-block-paragraph\">Da Costa j\u00e1 defendeu tr\u00eas equipes diferentes na F\u00f3rmula E, e a tend\u00eancia \u00e9 que escolha a quarta para o ano que vem. De 2014 a 2016, o portugu\u00eas foi piloto da Amlin Aguri, antes de trocar para a Andretti por mais tr\u00eas temporadas. Ant\u00f3nio, ent\u00e3o, substituiu o pr\u00f3prio Lotterer na DS Techeetah em 2019 e venceu o campeonato em sua primeira participa\u00e7\u00e3o com o time sediado na Fran\u00e7a.<\/p>\n\n\n\n<p class=\"wp-block-paragraph\"><strong>LEIA MAIS<br>\u2014 <a href=\"https:\/\/www.grandepremio.com\/br\/formula-e\/noticias\/formula-e-altera-layout-londres-incidentes-planeja-alargar-pista-2023\/\" target=\"_blank\" rel=\"noreferrer noopener\">F\u00f3rmula E altera layout de Londres ap\u00f3s incidentes e planeja alargar pista em 2023<\/a><\/strong><\/p>\n","protected":false},"excerpt":{"rendered":"<p>Com um t\u00edtulo da F\u00f3rmula E no curr\u00edculo, Ant\u00f3nio F\u00e9lix da Costa vai deixar a DS Techeetah e j\u00e1 est\u00e1 em conversas com a Porsche por um poss\u00edvel acordo para 2023, ano de estreia dos carros Gen3<\/p>\n","protected":false},"author":0,"featured_media":1000537722,"comment_status":"closed","ping_status":"closed","sticky":false,"template":"","format":"standard","meta":{"42wp_featured_image_caption":"","42wp_featured_image_credits":"","42wp_featured_video":"","42wp_featured_image_hidden":false,"42wp_authors_list":[],"footnotes":""},"categories":[19],"tags":[1861,30159,852,379,27903,840,28327,24836,28285,8870,1194,736,660],"42wp_author":[47142],"class_list":["post-113764","post","type-post","status-publish","format-standard","has-post-thumbnail","hentry","category-formula-e","tag-andre-lotterer","tag-antonio-felix-da-costa-3","tag-ds-techeetah","tag-fe","tag-fe-2022","tag-formula-e","tag-formula-e-2022","tag-grande-premio-2","tag-grandepremio","tag-maserati","tag-pascal-wehrlein","tag-porsche","tag-venturi","42wp_author-jp-nascimento"],"_links":{"self":[{"href":"https:\/\/grandepremio.com\/br\/wp-json\/wp\/v2\/posts\/113764","targetHints":{"allow":["GET"]}}],"collection":[{"href":"https:\/\/grandepremio.com\/br\/wp-json\/wp\/v2\/posts"}],"about":[{"href":"https:\/\/grandepremio.com\/br\/wp-json\/wp\/v2\/types\/post"}],"replies":[{"embeddable":true,"href":"https:\/\/grandepremio.com\/br\/wp-json\/wp\/v2\/comments?post=113764"}],"version-history":[{"count":0,"href":"https:\/\/grandepremio.com\/br\/wp-json\/wp\/v2\/posts\/113764\/revisions"}],"wp:featuredmedia":[{"embeddable":true,"href":"https:\/\/grandepremio.com\/br\/wp-json\/wp\/v2\/media\/1000537722"}],"wp:attachment":[{"href":"https:\/\/grandepremio.com\/br\/wp-json\/wp\/v2\/media?parent=113764"}],"wp:term":[{"taxonomy":"category","embeddable":true,"href":"https:\/\/grandepremio.com\/br\/wp-json\/wp\/v2\/categories?post=113764"},{"taxonomy":"post_tag","embeddable":true,"href":"https:\/\/grandepremio.com\/br\/wp-json\/wp\/v2\/tags?post=113764"},{"taxonomy":"42wp_author","embeddable":true,"href":"https:\/\/grandepremio.com\/br\/wp-json\/wp\/v2\/42wp_author?post=113764"}],"curies":[{"name":"wp","href":"https:\/\/api.w.org\/{rel}","templated":true}]}}