{"id":11386,"date":"2026-03-06T08:23:49","date_gmt":"2026-03-06T11:23:49","guid":{"rendered":"https:\/\/grandepremio.com\/br\/noticias\/franco-colapinto-admite-alpine-nao-teve-inicio-mais-tranquilo-australia\/"},"modified":"2026-03-06T08:24:10","modified_gmt":"2026-03-06T11:24:10","slug":"franco-colapinto-admite-alpine-nao-teve-inicio-mais-tranquilo-australia","status":"publish","type":"post","link":"https:\/\/grandepremio.com\/br\/f1\/franco-colapinto-admite-alpine-nao-teve-inicio-mais-tranquilo-australia\/","title":{"rendered":"Colapinto admite que Alpine &#8220;n\u00e3o teve o in\u00edcio mais tranquilo&#8221; na Austr\u00e1lia"},"content":{"rendered":"\n<p class=\"wp-block-paragraph\"><strong>Franco Colapinto<\/strong> teve um in\u00edcio conturbado no <strong>GP da Austr\u00e1lia<\/strong>, <a href=\"https:\/\/www.grandepremio.com\/br\/f1\/noticias\/oscar-piastri-acena-mclaren-lidera-treino-livre-2-gp-australia-f1-gabriel-bortoleto-14o\/\">ap\u00f3s encerrar os treinos livres desta sexta-feira (6)<\/a> em 18\u00ba lugar e com problemas nas duas sess\u00f5es. O argentino, por\u00e9m, minimizou o desempenho fraco e argumentou que as dificuldades s\u00e3o advindas da adapta\u00e7\u00e3o ao novo regulamento.<\/p>\n\n\n\n<p class=\"wp-block-paragraph\"><a href=\"https:\/\/www.grandepremio.com\/br\/f1\/noticias\/charles-leclerc-troca-golpes-max-verstappen-lidera-tl1-gp-da-australia-f1-gabriel-bortoleto-9o\/\">Na primeira atividade do dia<\/a>, o dono da <strong>A526 #43<\/strong> errou na Curva 3 e teve de passar pela brita. O tempo final foi de <strong>1min23s325<\/strong>, a 3s058 do l\u00edder <strong>Charles Leclerc<\/strong>, da <strong>Ferrari<\/strong>. J\u00e1 no TL2, <a href=\"https:\/\/www.grandepremio.com\/br\/video\/f1\/lewis-hamilton-se-esquiva-franco-colapinto-evita-acidente-tl2-australia\/\">quase foi protagonista do primeiro grande acidente<\/a> ao reduzir a velocidade drasticamente na reta principal e atrapalhar a volta de <strong>Lewis Hamilton<\/strong>. Ao final do dia, a melhor marca pessoal foi de <strong>1min22s619<\/strong>.<\/p>\n\n\n\n<figure class=\"wp-block-embed is-type-video is-provider-youtube wp-block-embed-youtube wp-embed-aspect-16-9 wp-has-aspect-ratio\"><div class=\"wp-block-embed__wrapper\">\n<iframe loading=\"lazy\" title=\"F1 2026: PIASTRI 1\u00ba, FERRARI E MERCEDES FORTES E ASTON MARTIN SOFRE: TREINOS NA AUSTR\u00c1LIA | Briefing\" width=\"500\" height=\"281\" src=\"https:\/\/www.youtube.com\/embed\/N76bVz8Ug4o?feature=oembed\" frameborder=\"0\" allow=\"accelerometer; autoplay; clipboard-write; encrypted-media; gyroscope; picture-in-picture; web-share\" referrerpolicy=\"strict-origin-when-cross-origin\" allowfullscreen><\/iframe>\n<\/div><\/figure>\n\n\n\n<p class=\"wp-block-paragraph\">\u201cN\u00e3o tivemos o in\u00edcio mais tranquilo para o fim de semana aqui em <strong>Melbourne<\/strong>, mas tenho certeza de que aprendemos o suficiente hoje para melhorar o desempenho amanh\u00e3\u201d, come\u00e7ou Colapinto ap\u00f3s as atividades no <strong>Circuito de Albert Park<\/strong>.<\/p>\n\n\n\n<p class=\"wp-block-paragraph\">\u201cNo entanto, \u00e9 apenas um treino. Identificamos algumas \u00e1reas importantes que sabemos que precisamos corrigir e muitas coisas a melhorar, o que estou confiante de que podemos fazer antes de amanh\u00e3\u201d, continuou.<\/p>\n\n\n\n<p class=\"wp-block-paragraph\">O companheiro de Colapinto, <strong>Pierre Gasly<\/strong>, tamb\u00e9m n\u00e3o ficou longe. No primeiro treino, terminou em 18\u00ba, a 3s768 de Leclerc, e ao final do dia, subiu apenas para 16\u00ba, <a href=\"https:\/\/www.grandepremio.com\/br\/f1\/noticias\/oscar-piastri-acena-mclaren-lidera-treino-livre-2-gp-australia-f1-gabriel-bortoleto-14o\/\">a 2s438 de <strong>Oscar Piastri<\/strong><\/a>. \u201cTemos de esperar alguns desafios, especialmente em uma pista \u00fanica como Albert Park, com um carro completamente novo e novos sistemas para entender\u201d, argumentou.<\/p>\n\n\n\n<figure class=\"wp-block-image size-large\"><img decoding=\"async\" src=\"https:\/\/www.grandepremio.com\/br\/wp-content\/uploads\/2026\/03\/australia-treinos-livres-f1-2026-alpine-franco-colapinto-01-1200x727.jpg\" alt=\"\" class=\"wp-image-1064350\"\/><figcaption class=\"wp-element-caption\">Franco Colapinto avaliou primeiro dia da Alpine na Austr\u00e1lia (Foto: Alpine)<\/figcaption><\/figure>\n\n\n\n<p class=\"wp-block-paragraph\">\u201cDemos um bom n\u00famero de voltas, o que nos d\u00e1 muito o que analisar e, com sorte, poderemos encontrar algumas melhorias durante a noite. Da minha parte, tive um pequeno problema com um pouco de gelo seco e detritos nos olhos no final do TL2. Felizmente, n\u00e3o foi nada grave e n\u00e3o h\u00e1 motivo para preocupa\u00e7\u00e3o\u201d, encerrou Colapinto.<\/p>\n\n\n\n<p class=\"wp-block-paragraph\">Abertura da temporada 2026 da F\u00f3rmula 1, o GP da Austr\u00e1lia segue em disputa at\u00e9 o dia&nbsp;<strong>8 de mar\u00e7o<\/strong>. O&nbsp;<strong>GRANDE PR\u00caMIO<\/strong>&nbsp;acompanha todas as atividades<a href=\"https:\/\/www.grandepremio.com\/br\/ao-vivo\/f1\/\">&nbsp;<strong>AO VIVO E EM&nbsp;<\/strong><\/a><strong><a href=\"https:\/\/www.grandepremio.com\/br\/ao-vivo\/\" target=\"_blank\" rel=\"noreferrer noopener\">TEMPO REAL<\/a><\/strong>,&nbsp;<a href=\"https:\/\/www.youtube.com\/@GrandePremio1\/streams\">al\u00e9m de classifica\u00e7\u00e3o e corrida em&nbsp;<strong>SEGUNDA TELA&nbsp;<\/strong>no YouTube<\/a>, em parceria com a&nbsp;<strong>Voz do Esporte<\/strong>. O&nbsp;<strong>Briefing&nbsp;<\/strong>chega para analisar ap\u00f3s o fim de cada dia de atividades nas redes sociais e na&nbsp;<strong>GPTV<\/strong>.<\/p>\n\n\n\n<p class=\"wp-block-paragraph\"><strong>GP da Austr\u00e1lia de F1: veja os hor\u00e1rios em Brasil, Cabo Verde,&nbsp;<a href=\"https:\/\/grandepremio.pt\/\" target=\"_blank\" rel=\"noreferrer noopener\">Portugal<\/a>, Angola e Mo\u00e7ambique:<\/strong><\/p>\n\n\n\n<figure class=\"wp-block-table\"><table class=\"has-fixed-layout\"><tbody><tr><td><strong>Sess\u00e3o<\/strong><\/td><td><strong>BRA*<\/strong><\/td><td><strong>CBV<\/strong><\/td><td><strong>POR<\/strong><br><strong>ANG<\/strong><\/td><td><strong>MOZ<\/strong><\/td><\/tr><tr><td>Treino livre 3<\/td><td>22:30<\/td><td>0:30<\/td><td>02:30<\/td><td>03:30<\/td><\/tr><tr><td>Classifica\u00e7\u00e3o<\/td><td>02:00<\/td><td>04:00<\/td><td>06:00<\/td><td>07:00<\/td><\/tr><tr><td>Corrida<\/td><td>01:00<\/td><td>03:00<\/td><td>05:00<\/td><td>06:00<\/td><\/tr><\/tbody><\/table><\/figure>\n\n\n\n<p class=\"wp-block-paragraph\"><em>*Hor\u00e1rio de Bras\u00edlia<\/em><\/p>\n\n\n\n<p class=\"wp-block-paragraph\">\u25b6\ufe0f&nbsp;<strong>Inscreva-se nos dois canais do GRANDE PR\u00caMIO no YouTube:&nbsp;<a href=\"https:\/\/www.youtube.com\/channel\/UC9OlHEgxoaY6QY6nWPoiqQg?sub_confirmation=1\" target=\"_blank\" rel=\"noreferrer noopener\">GP<\/a>&nbsp;|&nbsp;<a href=\"https:\/\/www.youtube.com\/channel\/UC9csiS6q_C3C0FYhyr1rnFA?sub_confirmation=1\" target=\"_blank\" rel=\"noreferrer noopener\">GPTV<\/a><\/strong><\/p>\n\n\n\n<h2 class=\"wp-block-heading\" id=\"h-guia-da-f1-2026-o-que-esperar-da-temporada\">GUIA DA F1 2026: o que esperar da temporada<\/h2>\n\n\n\n<p class=\"wp-block-paragraph\">\u25b6\ufe0f&nbsp;<strong><a href=\"https:\/\/www.grandepremio.com\/br\/f1\/noticias\/guia-2026-lando-norris-estampa-trunfo-batalha-promete-oscar-piastri-mordido\/\"><\/a><a href=\"https:\/\/www.grandepremio.com\/br\/f1\/noticias\/guia-2026-lewis-hamilton-ve-novo-regulamento-esperanca-fazer-uniao-ferrari-dar-certo\/\">Hamilton v\u00ea em novo regulamento esperan\u00e7a de fazer uni\u00e3o com Ferrari dar certo<\/a>&nbsp;<br><\/strong>\u25b6\ufe0f&nbsp;<strong><a href=\"https:\/\/www.grandepremio.com\/br\/f1\/noticias\/guia-2026-ferrari-encara-f1-sob-pressao-mas-com-esperancas-no-novo-regulamento\/\"><\/a><a href=\"https:\/\/www.grandepremio.com\/br\/f1\/noticias\/guia-2026-audi-tira-sonho-ousado-papel-inicia-jornada-formula-1\/\">Audi tira sonho ousado do papel e inicia jornada na F\u00f3rmula 1<\/a><br><\/strong>\u25b6\ufe0f&nbsp;<strong><a href=\"https:\/\/www.grandepremio.com\/br\/f1\/noticias\/guia-2026-cadillac-aposta-sergio-perez-valtteri-bottas-consolidar-vaga-suada-grid-f1\/\"><\/a><a href=\"https:\/\/www.grandepremio.com\/br\/f1\/noticias\/guia-2026-red-bull-inicia-nova-era-motor-proprio-desafio-retomar-topo-f1\/\">Red Bull inicia nova era com motor e desafio de retomar topo da F1<\/a><br><\/strong>\u25b6\ufe0f&nbsp;<strong><a href=\"https:\/\/www.grandepremio.com\/br\/f1\/noticias\/guia-2026-williams-vive-primeira-crise-era-james-vowles-luta-contra-queda-brusca-formula-1\/\"><\/a><a href=\"https:\/\/www.grandepremio.com\/br\/f1\/noticias\/guia-2026-aston-martin-vive-pesadelo-comeca-ano-unico-alvo-fugir-lanterna\/\">Aston Martin vive pesadelo e come\u00e7a ano com \u00fanico alvo: fugir da lanterna<\/a><br><\/strong>\u25b6\ufe0f&nbsp;<strong><a href=\"https:\/\/www.grandepremio.com\/br\/f1\/noticias\/guia-2026-racing-bulls-inicia-era-helmut-marko-dividida-entre-formadora-concorrente\/\"><\/a><a href=\"https:\/\/www.grandepremio.com\/br\/f1\/noticias\/guia-2026-george-russell-mostra-predicados-brigar-titulo-sonha-carro-a-altura\/\">Russell mostra predicados para brigar por t\u00edtulo e sonha com carro \u00e0 altura<\/a><\/strong><br>\u25b6\ufe0f&nbsp;<a href=\"https:\/\/www.grandepremio.com\/br\/f1\/noticias\/guia-2026-andrea-kimi-antonelli-se-livra-holofotes-mira-george-russell-para-provar-valor-mercedes\/\"><\/a><strong><a href=\"https:\/\/www.grandepremio.com\/br\/f1\/noticias\/guia-2026-arvid-lindblad-estreia-expectativas-missao-manter-alto-nivel-novatos-f1\/\">Lindblad estreia com expectativas e miss\u00e3o de manter alto n\u00edvel de novatos da F1<\/a><\/strong><\/p>\n","protected":false},"excerpt":{"rendered":"<p>Franco Colapinto pontuou alguns problemas encontrados durante as primeiras atividades na Austr\u00e1lia, mas disse que confia na evolu\u00e7\u00e3o da Alpine<\/p>\n","protected":false},"author":0,"featured_media":1001064304,"comment_status":"closed","ping_status":"closed","sticky":false,"template":"","format":"standard","meta":{"42wp_featured_image_caption":"","42wp_featured_image_credits":"","42wp_featured_video":"","42wp_featured_image_hidden":false,"42wp_authors_list":[],"footnotes":""},"categories":[2],"tags":[20491,26271,5273,147,29516,29148,207,180,31425,28995,25440,1491,28285,30840,87,90,46031,35129,676,31470],"42wp_author":[47168],"class_list":["post-11386","post","type-post","status-publish","format-standard","has-post-thumbnail","hentry","category-f1","tag-alpine","tag-calendario-f1","tag-classificacao-f1","tag-f1","tag-f1-2026","tag-f1-hoje","tag-ferrari","tag-formula-1","tag-formula-1-2026","tag-formula-1-hoje","tag-franco-colapinto","tag-grande-premio","tag-grandepremio","tag-horarios-f1","tag-lewis-hamilton","tag-mclaren","tag-melbourne-2026","tag-onde-assistir-f1","tag-pierre-gasly","tag-temporada-2026-f1","42wp_author-ana-leticia-ferro"],"_links":{"self":[{"href":"https:\/\/grandepremio.com\/br\/wp-json\/wp\/v2\/posts\/11386","targetHints":{"allow":["GET"]}}],"collection":[{"href":"https:\/\/grandepremio.com\/br\/wp-json\/wp\/v2\/posts"}],"about":[{"href":"https:\/\/grandepremio.com\/br\/wp-json\/wp\/v2\/types\/post"}],"replies":[{"embeddable":true,"href":"https:\/\/grandepremio.com\/br\/wp-json\/wp\/v2\/comments?post=11386"}],"version-history":[{"count":0,"href":"https:\/\/grandepremio.com\/br\/wp-json\/wp\/v2\/posts\/11386\/revisions"}],"wp:featuredmedia":[{"embeddable":true,"href":"https:\/\/grandepremio.com\/br\/wp-json\/wp\/v2\/media\/1001064304"}],"wp:attachment":[{"href":"https:\/\/grandepremio.com\/br\/wp-json\/wp\/v2\/media?parent=11386"}],"wp:term":[{"taxonomy":"category","embeddable":true,"href":"https:\/\/grandepremio.com\/br\/wp-json\/wp\/v2\/categories?post=11386"},{"taxonomy":"post_tag","embeddable":true,"href":"https:\/\/grandepremio.com\/br\/wp-json\/wp\/v2\/tags?post=11386"},{"taxonomy":"42wp_author","embeddable":true,"href":"https:\/\/grandepremio.com\/br\/wp-json\/wp\/v2\/42wp_author?post=11386"}],"curies":[{"name":"wp","href":"https:\/\/api.w.org\/{rel}","templated":true}]}}