{"id":113868,"date":"2022-03-19T16:39:28","date_gmt":"2022-03-19T19:39:28","guid":{"rendered":"https:\/\/grandepremio.com\/br\/noticias\/rubens-barrichello-comemora-conquista-especial-pole-goiania-alegre-emocionado\/"},"modified":"2022-03-19T16:40:26","modified_gmt":"2022-03-19T19:40:26","slug":"rubens-barrichello-comemora-conquista-especial-pole-goiania-alegre-emocionado","status":"publish","type":"post","link":"https:\/\/grandepremio.com\/br\/stock-car\/rubens-barrichello-comemora-conquista-especial-pole-goiania-alegre-emocionado\/","title":{"rendered":"Barrichello comemora &#8220;conquista especial&#8221; da pole em Goi\u00e2nia: &#8220;Alegre e emocionado&#8221;"},"content":{"rendered":"\n<figure class=\"wp-block-embed is-type-video is-provider-youtube wp-block-embed-youtube wp-embed-aspect-16-9 wp-has-aspect-ratio\"><div class=\"wp-block-embed__wrapper\">\n<iframe loading=\"lazy\" title=\"F\u00d3RMULA 1 2022: TUDO SOBRE A CLASSIFICA\u00c7\u00c3O DO GP DO BAHREIN | Briefing\" width=\"500\" height=\"281\" src=\"https:\/\/www.youtube.com\/embed\/QfityQSrRnM?feature=oembed\" frameborder=\"0\" allow=\"accelerometer; autoplay; clipboard-write; encrypted-media; gyroscope; picture-in-picture; web-share\" referrerpolicy=\"strict-origin-when-cross-origin\" allowfullscreen><\/iframe>\n<\/div><figcaption>F\u00d3RMULA 1 AO VIVO 2022: TUDO SOBRE A CLASSIFICA\u00c7\u00c3O DO GP DO BAHREIN | Briefing<br><\/figcaption><\/figure>\n\n\n\n<p class=\"wp-block-paragraph\">Rubens Barrichello \u00e9 conhecido por ter desempenho incr\u00edvel em Goi\u00e2nia e, agora, est\u00e1 a um passo de fazer mais hist\u00f3ria. <a href=\"https:\/\/www.grandepremio.com\/br\/stock-car\/noticias\/rubens-barrichello-domina-classificacao-goiania-conquista-pole-position-stock-car\/\" target=\"_blank\" rel=\"noreferrer noopener\">Isso porque o piloto conquistou a pole-position da segunda etapa da Stock Car 2022 neste s\u00e1bado<\/a> e, se triunfar amanh\u00e3, pode ser de forma isolada o maior vencedor no Aut\u00f3dromo Internacional Ayrton Senna \u2014 neste momento ele est\u00e1 empatado com Ricardo Maur\u00edcio, com seis vit\u00f3rias.  <\/p>\n\n\n\n<p class=\"wp-block-paragraph\">\u201cEstou muito alegre, se eu falar que estou emocionado, vou ficar com a voz embargada. Passa o tempo, a gente tem altos e baixos, mas que felicidade poder marcar essa pole. O mais legal \u00e9 ter a competitividade para amanh\u00e3 e poder continuar no topo aqui em Goi\u00e2nia, que \u00e9 muito gostoso&#8221;, disse ele, em entrevista ao canal SporTV.<\/p>\n\n\n\n<p class=\"wp-block-paragraph\"><strong>\u25b6\ufe0f\u00a0Inscreva-se nos dois canais do GRANDE PR\u00caMIO no YouTube:\u00a0<\/strong><a href=\"https:\/\/www.youtube.com\/channel\/UC9OlHEgxoaY6QY6nWPoiqQg?sub_confirmation=1\" target=\"_blank\" rel=\"noreferrer noopener\">GP<\/a><strong>\u00a0|\u00a0<\/strong><a href=\"https:\/\/www.youtube.com\/channel\/UC9csiS6q_C3C0FYhyr1rnFA?sub_confirmation=1\" target=\"_blank\" rel=\"noreferrer noopener\">GP2<\/a><\/p>\n\n\n\n<figure class=\"wp-block-image size-large\"><img decoding=\"async\" src=\"https:\/\/www.grandepremio.com\/br\/wp-content\/uploads\/2022\/03\/02_StockCar2022_DudaBairros-030012-1024x682.jpg\" alt=\"\" class=\"wp-image-550464\"\/><figcaption>Rubens Barrichello \u00e9 o pole-position em Goi\u00e2nia (Foto: Duda Bairros)<\/figcaption><\/figure>\n\n\n\n<p class=\"wp-block-paragraph\">Para esta segunda etapa especificamente no anel externo de Goi\u00e2nia, a Stock Car teve uma classifica\u00e7\u00e3o diferente. Os 33 competidores que participaram da classifica\u00e7\u00e3o foram divididos em nove grupos. Cada um tinha uma volta de aquecimento e outras tr\u00eas para marcar seus tempos. O piloto do carro #111 aprovou a ideia, e ainda agradeceu o apoio de seu filho mais novo, Fernando.<\/p>\n\n\n\n<p class=\"wp-block-paragraph\">\u201cO modelo da classifica\u00e7\u00e3o teve que mudar para o oval, acredito que tenha sido uma boa medida. Acho que a pista poderia estar melhor no come\u00e7o e no final. Falei para o Fefo [Barrichello] que ele ia me ajudar muito, estou muito emocionado&#8221;, concluiu.<\/p>\n\n\n\n<p class=\"wp-block-paragraph\">A corrida 1 da\u00a0<a href=\"https:\/\/www.grandepremio.com\/br\/stock-car\/\" target=\"_blank\" rel=\"noreferrer noopener\">Stock Car<\/a>\u00a0em Goi\u00e2nia est\u00e1 marcada para \u00e0s 15h10 (de Bras\u00edlia) deste domingo (20). A etapa ser\u00e1 transmitida em TV aberta pela Band e no SporTV por assinatura. O\u00a0<strong>GRANDE PR\u00caMIO\u00a0<\/strong>cobre todas as a\u00e7\u00f5es.<\/p>\n\n\n\n<figure class=\"wp-block-embed is-type-video is-provider-youtube wp-block-embed-youtube wp-embed-aspect-16-9 wp-has-aspect-ratio\"><div class=\"wp-block-embed__wrapper\">\n<iframe loading=\"lazy\" title=\"GUIA DA F\u00d3RMULA 1 2022: 5 RAZ\u00d5ES PARA PRESTAR ATEN\u00c7\u00c3O NA TEMPORADA DA F1\" width=\"500\" height=\"281\" src=\"https:\/\/www.youtube.com\/embed\/jepM6MRYQhc?feature=oembed\" frameborder=\"0\" allow=\"accelerometer; autoplay; clipboard-write; encrypted-media; gyroscope; picture-in-picture; web-share\" referrerpolicy=\"strict-origin-when-cross-origin\" allowfullscreen><\/iframe>\n<\/div><figcaption>GUIA DA F\u00d3RMULA 1 2022: 5 RAZ\u00d5ES PARA PRESTAR ATEN\u00c7\u00c3O NA TEMPORADA DA F1<br><\/figcaption><\/figure>\n\n\n\n<p class=\"wp-block-paragraph\"><\/p>\n","protected":false},"excerpt":{"rendered":"<p>Com chances de se tornar de forma isolada o maior vencedor de Goi\u00e2nia, Rubens Barrichello se disse emocionado com a conquista de 14\u00aa pole na Stock Car<\/p>\n","protected":false},"author":0,"featured_media":1000550465,"comment_status":"closed","ping_status":"closed","sticky":false,"template":"","format":"standard","meta":{"42wp_featured_image_caption":"","42wp_featured_image_credits":"","42wp_featured_video":"","42wp_featured_image_hidden":false,"42wp_authors_list":[],"footnotes":""},"categories":[11],"tags":[27867,185,25513,1491,175,69,29663],"42wp_author":[47139],"class_list":["post-113868","post","type-post","status-publish","format-standard","has-post-thumbnail","hentry","category-stock-car","tag-classificacao-stock-car","tag-full-time","tag-goiania-2","tag-grande-premio","tag-rubens-barrichello","tag-stock-car","tag-stock-car-2022","42wp_author-ana-cerveira"],"_links":{"self":[{"href":"https:\/\/grandepremio.com\/br\/wp-json\/wp\/v2\/posts\/113868","targetHints":{"allow":["GET"]}}],"collection":[{"href":"https:\/\/grandepremio.com\/br\/wp-json\/wp\/v2\/posts"}],"about":[{"href":"https:\/\/grandepremio.com\/br\/wp-json\/wp\/v2\/types\/post"}],"replies":[{"embeddable":true,"href":"https:\/\/grandepremio.com\/br\/wp-json\/wp\/v2\/comments?post=113868"}],"version-history":[{"count":0,"href":"https:\/\/grandepremio.com\/br\/wp-json\/wp\/v2\/posts\/113868\/revisions"}],"wp:featuredmedia":[{"embeddable":true,"href":"https:\/\/grandepremio.com\/br\/wp-json\/wp\/v2\/media\/1000550465"}],"wp:attachment":[{"href":"https:\/\/grandepremio.com\/br\/wp-json\/wp\/v2\/media?parent=113868"}],"wp:term":[{"taxonomy":"category","embeddable":true,"href":"https:\/\/grandepremio.com\/br\/wp-json\/wp\/v2\/categories?post=113868"},{"taxonomy":"post_tag","embeddable":true,"href":"https:\/\/grandepremio.com\/br\/wp-json\/wp\/v2\/tags?post=113868"},{"taxonomy":"42wp_author","embeddable":true,"href":"https:\/\/grandepremio.com\/br\/wp-json\/wp\/v2\/42wp_author?post=113868"}],"curies":[{"name":"wp","href":"https:\/\/api.w.org\/{rel}","templated":true}]}}