{"id":113879,"date":"2022-03-19T14:02:47","date_gmt":"2022-03-19T17:02:47","guid":{"rendered":"https:\/\/grandepremio.com\/br\/noticias\/max-verstappen-red-bull-bahrein-formula-1\/"},"modified":"2022-03-19T14:02:57","modified_gmt":"2022-03-19T17:02:57","slug":"max-verstappen-red-bull-bahrein-formula-1","status":"publish","type":"post","link":"https:\/\/grandepremio.com\/br\/f1\/max-verstappen-red-bull-bahrein-formula-1\/","title":{"rendered":"Verstappen aponta falta de equil\u00edbrio no Q3, mas v\u00ea Red Bull forte no GP do Bahrein"},"content":{"rendered":"\n<figure class=\"wp-block-embed is-type-video is-provider-youtube wp-block-embed-youtube wp-embed-aspect-16-9 wp-has-aspect-ratio\"><div class=\"wp-block-embed__wrapper\">\n<iframe loading=\"lazy\" title=\"GUIA DA F\u00d3RMULA 1 2022: 5 RAZ\u00d5ES PARA PRESTAR ATEN\u00c7\u00c3O NA TEMPORADA DA F1\" width=\"500\" height=\"281\" src=\"https:\/\/www.youtube.com\/embed\/jepM6MRYQhc?start=5&amp;feature=oembed\" frameborder=\"0\" allow=\"accelerometer; autoplay; clipboard-write; encrypted-media; gyroscope; picture-in-picture; web-share\" referrerpolicy=\"strict-origin-when-cross-origin\" allowfullscreen><\/iframe>\n<\/div><figcaption>GUIA DA F\u00d3RMULA 1 2022: 5 RAZ\u00d5ES PARA PRESTAR ATEN\u00c7\u00c3O NA TEMPORADA DA F1<\/figcaption><\/figure>\n\n\n\n<p class=\"wp-block-paragraph\">Depois de liderar o segundo e terceiro treinos livres, Max Verstappen precisou se contentar em largar <a href=\"https:\/\/www.grandepremio.com\/br\/f1\/noticias\/charles-leclerc-desbanca-max-verstappen-coloca-ferrari-pole-bahrein-formula-1-2022\/\" target=\"_blank\" rel=\"noreferrer noopener\">na segunda posi\u00e7\u00e3o no GP do Bahrein<\/a>. Na primeira classifica\u00e7\u00e3o da temporada 2022 da F\u00f3rmula 1, o atual campe\u00e3o do mundo lutou durante toda a sess\u00e3o contra os carros da Ferrari, mas ficou mesmo a 0s123 do pole-position, Charles Leclerc, que registrou o tempo de 1min30s558 no circuito barenita.<\/p>\n\n\n\n<p class=\"wp-block-paragraph\"><strong>\u25b6\ufe0f&nbsp;Inscreva-se nos dois canais do GRANDE PR\u00caMIO no YouTube:&nbsp;<a href=\"https:\/\/www.youtube.com\/channel\/UC9OlHEgxoaY6QY6nWPoiqQg?sub_confirmation=1\" target=\"_blank\" rel=\"noreferrer noopener\">GP<\/a>&nbsp;|&nbsp;<a href=\"https:\/\/www.youtube.com\/channel\/UC9csiS6q_C3C0FYhyr1rnFA?sub_confirmation=1\" target=\"_blank\" rel=\"noreferrer noopener\">GP2<\/a><\/strong><\/p>\n\n\n\n<p class=\"wp-block-paragraph\">O carro #1 da Red Bull dominou as sess\u00f5es que antecederam a classifica\u00e7\u00e3o no Bahrein e manteve-se no topo no Q2. Por\u00e9m, na \u00faltima volta que encerrou a terceira parte da disputa, o holand\u00eas foi mais lento que Leclerc no setor final da pista e registrou o tempo de 1min31s785 para posicionar o RB18 ao lado da Ferrari do monegasco na primeira fila.<\/p>\n\n\n\n<p class=\"wp-block-paragraph\">Em entrevista coletiva ao fim da defini\u00e7\u00e3o do grid, Verstappen lamentou o desempenho no Q3, mas acrescentou que o carro taurino ser\u00e1 competitivo na corrida deste domingo (20). \u201cNo Q2, a gente foi muito bem. No Q3, n\u00e3o tivemos um bom equil\u00edbrio no carro, mas foi bom. Acredito que temos um bom carro para corrida, que \u00e9 a parte mais importante. Foi um dia bom e um bom come\u00e7o dessa era&#8221;, afirmou.<\/p>\n\n\n\n<figure class=\"wp-block-image size-large\"><img decoding=\"async\" src=\"https:\/\/www.grandepremio.com\/br\/wp-content\/uploads\/2022\/03\/Verstappen-3-1024x683.jpg\" alt=\"\" class=\"wp-image-550224\"\/><figcaption>Max Verstappen vai largar em segundo no GP do Bahrein (Foto: Red Bull Content Pool)<\/figcaption><\/figure>\n\n\n\n<p class=\"wp-block-paragraph\">Questionado sobre estar surpreso ao ver a Ferrari t\u00e3o forte na classifica\u00e7\u00e3o, Max destacou a evolu\u00e7\u00e3o da equipe italiana em compara\u00e7\u00e3o ao ano passado, por\u00e9m, ressaltou que tem ritmo semelhante ao dos carros vermelhos e espera por uma disputa acirrada no circuito do Sakhir. \u201cA gente est\u00e1 perto tanto do Sainz quanto do Leclerc, eles fizeram um bom trabalho nas f\u00e9rias. Ser\u00e1 uma corrida excitante amanh\u00e3&#8221;, explicou. <\/p>\n\n\n\n<p class=\"wp-block-paragraph\">Verstappen tamb\u00e9m revelou que os pneus est\u00e3o com maior desgaste por causa da nova concep\u00e7\u00e3o dos carros em compara\u00e7\u00e3o a 2021. Logo, o cuidado com os pneus pode ser um fator determinante para a corrida. \u201cA gente nunca esteve nessa posi\u00e7\u00e3o antes, temos muitas coisas para melhorar e aprender. Os pneus est\u00e3o sofrendo mais em compara\u00e7\u00e3o com o carro do ano passado\u201d, avaliou.<\/p>\n\n\n\n<p class=\"wp-block-paragraph\">Com Verstappen dividindo a primeira fila com Leclerc, o GP do Bahrein acontece neste domingo, a partir das 12h. A largada do GP do Bahrein est\u00e1 marcada para as 12h (hor\u00e1rio de Bras\u00edlia) do domingo. O <strong>GRANDE PR\u00caMIO <\/strong>acompanha tudo <a href=\"https:\/\/www.grandepremio.com\/br\/ao-vivo\/\" target=\"_blank\" rel=\"noreferrer noopener\">AO VIVO e EM <\/a><a href=\"https:\/\/www.grandepremio.com\/br\/ao-vivo\/f1\/\" target=\"_blank\" rel=\"noreferrer noopener\">TEMPO REAL<\/a>.<\/p>\n\n\n\n<p class=\"wp-block-paragraph\"><strong>Leia tamb\u00e9m<\/strong><\/p>\n\n\n\n<p class=\"wp-block-paragraph\"><strong><a href=\"https:\/\/www.grandepremio.com\/br\/f1\/noticias\/fia-busca-diretor-esportivo-para-supervisionar-criacao-de-regras-na-f1\/\" target=\"_blank\" rel=\"noreferrer noopener\">+FIA busca diretor-esportivo para supervisionar cria\u00e7\u00e3o de regras na F1<\/a><\/strong><br><strong><a href=\"https:\/\/www.grandepremio.com\/br\/f1\/noticias\/fia-erro-humano-michael-masi-mantem-resultado-abu-dhabi\/\" target=\"_blank\" rel=\"noreferrer noopener\">+FIA admite \u201cerro humano\u201d de Masi, mas mant\u00e9m resultado de GP em Abu Dhabi<\/a><\/strong><\/p>\n\n\n\n<figure class=\"wp-block-embed is-type-video is-provider-youtube wp-block-embed-youtube wp-embed-aspect-16-9 wp-has-aspect-ratio\"><div class=\"wp-block-embed__wrapper\">\n<iframe loading=\"lazy\" title=\"F\u00d3RMULA 1 2022: SAINZ E LECLERC COM CHANCES IGUAIS NA FERRARI. POR QUE \u00c9 IMPORTANTE?\" width=\"500\" height=\"281\" src=\"https:\/\/www.youtube.com\/embed\/xSt6CNZZUpE?start=2&amp;feature=oembed\" frameborder=\"0\" allow=\"accelerometer; autoplay; clipboard-write; encrypted-media; gyroscope; picture-in-picture; web-share\" referrerpolicy=\"strict-origin-when-cross-origin\" allowfullscreen><\/iframe>\n<\/div><figcaption>F\u00d3RMULA 1 2022: SAINZ E LECLERC COM CHANCES IGUAIS NA FERRARI. POR QUE \u00c9 IMPORTANTE?<\/figcaption><\/figure>\n","protected":false},"excerpt":{"rendered":"<p>Max Verstappen chegou a terminar o Q2 no topo da classifica\u00e7\u00e3o, mas foi superado pelo veloz Charles Leclerc, da Ferrari, e vai largar em 2\u00ba no GP do Bahrein<\/p>\n","protected":false},"author":0,"featured_media":1000550182,"comment_status":"closed","ping_status":"closed","sticky":false,"template":"","format":"standard","meta":{"42wp_featured_image_caption":"","42wp_featured_image_credits":"","42wp_featured_video":"","42wp_featured_image_hidden":false,"42wp_authors_list":[],"footnotes":""},"categories":[2],"tags":[546,209,207,24837,26841,28285,203,204,30400],"42wp_author":[47145],"class_list":["post-113879","post","type-post","status-publish","format-standard","has-post-thumbnail","hentry","category-f1","tag-carlos-sainz","tag-charles-leclerc","tag-ferrari","tag-formula-1-2","tag-formula-1-2022","tag-grandepremio","tag-max-verstappen","tag-red-bull","tag-temporada-formula-1-2022","42wp_author-alessandro-pinheiro"],"_links":{"self":[{"href":"https:\/\/grandepremio.com\/br\/wp-json\/wp\/v2\/posts\/113879","targetHints":{"allow":["GET"]}}],"collection":[{"href":"https:\/\/grandepremio.com\/br\/wp-json\/wp\/v2\/posts"}],"about":[{"href":"https:\/\/grandepremio.com\/br\/wp-json\/wp\/v2\/types\/post"}],"replies":[{"embeddable":true,"href":"https:\/\/grandepremio.com\/br\/wp-json\/wp\/v2\/comments?post=113879"}],"version-history":[{"count":0,"href":"https:\/\/grandepremio.com\/br\/wp-json\/wp\/v2\/posts\/113879\/revisions"}],"wp:featuredmedia":[{"embeddable":true,"href":"https:\/\/grandepremio.com\/br\/wp-json\/wp\/v2\/media\/1000550182"}],"wp:attachment":[{"href":"https:\/\/grandepremio.com\/br\/wp-json\/wp\/v2\/media?parent=113879"}],"wp:term":[{"taxonomy":"category","embeddable":true,"href":"https:\/\/grandepremio.com\/br\/wp-json\/wp\/v2\/categories?post=113879"},{"taxonomy":"post_tag","embeddable":true,"href":"https:\/\/grandepremio.com\/br\/wp-json\/wp\/v2\/tags?post=113879"},{"taxonomy":"42wp_author","embeddable":true,"href":"https:\/\/grandepremio.com\/br\/wp-json\/wp\/v2\/42wp_author?post=113879"}],"curies":[{"name":"wp","href":"https:\/\/api.w.org\/{rel}","templated":true}]}}