{"id":113882,"date":"2022-03-19T12:31:11","date_gmt":"2022-03-19T15:31:11","guid":{"rendered":"https:\/\/grandepremio.com\/br\/noticias\/fia-busca-diretor-esportivo-para-supervisionar-criacao-de-regras-na-f1\/"},"modified":"2022-03-19T19:01:21","modified_gmt":"2022-03-19T22:01:21","slug":"fia-busca-diretor-esportivo-para-supervisionar-criacao-de-regras-na-f1","status":"publish","type":"post","link":"https:\/\/grandepremio.com\/br\/f1\/fia-busca-diretor-esportivo-para-supervisionar-criacao-de-regras-na-f1\/","title":{"rendered":"FIA busca diretor-esportivo para supervisionar cria\u00e7\u00e3o de regras na F1"},"content":{"rendered":"\n<figure class=\"wp-block-embed is-type-video is-provider-youtube wp-block-embed-youtube wp-embed-aspect-16-9 wp-has-aspect-ratio\"><div class=\"wp-block-embed__wrapper\">\n<iframe loading=\"lazy\" title=\"F\u00d3RMULA 1 2022: A SEXTA-FEIRA DA F1 NO BAHREIN | Briefing\" width=\"500\" height=\"281\" src=\"https:\/\/www.youtube.com\/embed\/QDVLfl6_KYQ?feature=oembed\" frameborder=\"0\" allow=\"accelerometer; autoplay; clipboard-write; encrypted-media; gyroscope; picture-in-picture; web-share\" referrerpolicy=\"strict-origin-when-cross-origin\" allowfullscreen><\/iframe>\n<\/div><figcaption>F\u00d3RMULA 1 2022 AO VIVO: A SEXTA-FEIRA DA F1 NO BAHREIN | Briefing<\/figcaption><\/figure>\n\n\n\n<p class=\"wp-block-paragraph\">Os planos da FIA de implementar mudan\u00e7as na F\u00f3rmula 1 de modo a n\u00e3o repetir os eventos finais da temporada de 2021, em Abu Dhabi, continuam. <a href=\"https:\/\/www.grandepremio.com\/br\/f1\/noticias\/fia-erro-humano-michael-masi-mantem-resultado-abu-dhabi\/\" target=\"_blank\" rel=\"noreferrer noopener\">Ap\u00f3s a divulga\u00e7\u00e3o do relat\u00f3rio feito sobre os incidentes de Yas Marina<\/a> e a substitui\u00e7\u00e3o do ex-diretor de provas, Michael Masi, a entidade comandada por Mohammed Ben Sulayem anunciou que um novo diretor-esportivo para a F1 ser\u00e1 contratado.<\/p>\n\n\n\n<p class=\"wp-block-paragraph\">O papel do diretor esportivo ser\u00e1 apontado pela pr\u00f3pria FIA, que vai designar um de seus empregados para o posto. O cargo ter\u00e1 o poder de supervisionar a cria\u00e7\u00e3o de regras esportivas e t\u00e9cnicas, de acordo com a pr\u00f3pria federa\u00e7\u00e3o. Atualmente, essa responsabilidade recai sobre o pr\u00f3prio diretor de prova, o que remonta ao ac\u00famulo de fun\u00e7\u00f5es t\u00e3o criticado na entidade.<\/p>\n\n\n\n<div class=\"wp-block-image\"><figure class=\"aligncenter size-large\"><img decoding=\"async\" src=\"https:\/\/www.grandepremio.com\/br\/wp-content\/uploads\/2022\/02\/Eduardo-Freitas.jpg\" alt=\"\" class=\"wp-image-542748\"\/><figcaption>O portugu\u00eas Eduardo Freitas vai ser um dos diretores de prova da F1 em 2022 (Foto: WEC)<\/figcaption><\/figure><\/div>\n\n\n\n<p class=\"wp-block-paragraph\"><strong>\u25b6\ufe0f\u00a0Inscreva-se nos dois canais do GRANDE PR\u00caMIO no YouTube:\u00a0<a href=\"https:\/\/www.youtube.com\/channel\/UC9OlHEgxoaY6QY6nWPoiqQg?sub_confirmation=1\" target=\"_blank\" rel=\"noreferrer noopener\">GP<\/a>\u00a0|\u00a0<a href=\"https:\/\/www.youtube.com\/channel\/UC9csiS6q_C3C0FYhyr1rnFA?sub_confirmation=1\" target=\"_blank\" rel=\"noreferrer noopener\">GP2<\/a><\/strong><\/p>\n\n\n\n<p class=\"wp-block-paragraph\">Al\u00e9m da contrata\u00e7\u00e3o do diretor-esportivo, a FIA reconheceu a necessidade de melhorar a pr\u00f3pria comunica\u00e7\u00e3o entre o escrit\u00f3rio da entidade e suas opera\u00e7\u00f5es de pista, assim como entre os departamentos t\u00e9cnico e esportivo da F\u00f3rmula 1.<\/p>\n\n\n\n<p class=\"wp-block-paragraph\">A principal mudan\u00e7a para a temporada de 2022 foi a substitui\u00e7\u00e3o de Michael Masi, diretamente envolvido na pol\u00eamica que tomou conta do encerramento da F1 no ano passado. A partir deste ano, Niels Wittich e Eduardo Freitas v\u00e3o se revezar no posto \u2014 um a cada final de semana \u2014, supervisionados por Herbie Blash, consultor-s\u00eanior.<\/p>\n\n\n\n<figure class=\"wp-block-video\"><video class=\"video-js vjs-big-play-centered\" data-gp-vjs=\"1\" controls src=\"https:\/\/www.grandepremio.com\/br\/wp-content\/uploads\/2021\/12\/Verstappen-x-Hamilton-ultima-volta.mp4\"><\/video><figcaption>\u00daltima volta do GP de Abu Dhabi de 2021 gerou pol\u00eamicas que repercutem at\u00e9 hoje (V\u00eddeo: TSN)<\/figcaption><\/figure>\n","protected":false},"excerpt":{"rendered":"<p>Entidade m\u00e1xima do automobilismo mundial, FIA decidiu contratar novo diretor-esportivo para descentralizar o ac\u00famulo de fun\u00e7\u00f5es em torno dos diretores de provas<\/p>\n","protected":false},"author":0,"featured_media":1000542535,"comment_status":"closed","ping_status":"closed","sticky":false,"template":"","format":"standard","meta":{"42wp_featured_image_caption":"","42wp_featured_image_credits":"","42wp_featured_video":"","42wp_featured_image_hidden":false,"42wp_authors_list":[],"footnotes":""},"categories":[2],"tags":[147,156,1357,103,24837,24836,28285,1385,30344],"42wp_author":[47142],"class_list":["post-113882","post","type-post","status-publish","format-standard","has-post-thumbnail","hentry","category-f1","tag-f1","tag-f1-2021","tag-f1-2022","tag-fia","tag-formula-1-2","tag-grande-premio-2","tag-grandepremio","tag-michael-masi","tag-mohammed-ben-sulayem","42wp_author-jp-nascimento"],"_links":{"self":[{"href":"https:\/\/grandepremio.com\/br\/wp-json\/wp\/v2\/posts\/113882","targetHints":{"allow":["GET"]}}],"collection":[{"href":"https:\/\/grandepremio.com\/br\/wp-json\/wp\/v2\/posts"}],"about":[{"href":"https:\/\/grandepremio.com\/br\/wp-json\/wp\/v2\/types\/post"}],"replies":[{"embeddable":true,"href":"https:\/\/grandepremio.com\/br\/wp-json\/wp\/v2\/comments?post=113882"}],"version-history":[{"count":0,"href":"https:\/\/grandepremio.com\/br\/wp-json\/wp\/v2\/posts\/113882\/revisions"}],"wp:featuredmedia":[{"embeddable":true,"href":"https:\/\/grandepremio.com\/br\/wp-json\/wp\/v2\/media\/1000542535"}],"wp:attachment":[{"href":"https:\/\/grandepremio.com\/br\/wp-json\/wp\/v2\/media?parent=113882"}],"wp:term":[{"taxonomy":"category","embeddable":true,"href":"https:\/\/grandepremio.com\/br\/wp-json\/wp\/v2\/categories?post=113882"},{"taxonomy":"post_tag","embeddable":true,"href":"https:\/\/grandepremio.com\/br\/wp-json\/wp\/v2\/tags?post=113882"},{"taxonomy":"42wp_author","embeddable":true,"href":"https:\/\/grandepremio.com\/br\/wp-json\/wp\/v2\/42wp_author?post=113882"}],"curies":[{"name":"wp","href":"https:\/\/api.w.org\/{rel}","templated":true}]}}