{"id":113887,"date":"2022-03-19T08:50:18","date_gmt":"2022-03-19T11:50:18","guid":{"rendered":"https:\/\/grandepremio.com\/br\/noticias\/toto-wolff-mercedes-problemas-distancia-red-bull\/"},"modified":"2022-03-19T12:07:55","modified_gmt":"2022-03-19T15:07:55","slug":"toto-wolff-mercedes-problemas-distancia-red-bull","status":"publish","type":"post","link":"https:\/\/grandepremio.com\/br\/f1\/toto-wolff-mercedes-problemas-distancia-red-bull\/","title":{"rendered":"Wolff diz que Mercedes est\u00e1 a &#8220;cinco ou seis problemas&#8221; de dist\u00e2ncia da Red Bull"},"content":{"rendered":"\n<figure class=\"wp-block-embed is-type-video is-provider-youtube wp-block-embed-youtube wp-embed-aspect-16-9 wp-has-aspect-ratio\"><div class=\"wp-block-embed__wrapper\">\n<iframe loading=\"lazy\" title=\"F\u00d3RMULA 1 2022: A SEXTA-FEIRA DA F1 NO BAHREIN | Briefing\" width=\"500\" height=\"281\" src=\"https:\/\/www.youtube.com\/embed\/QDVLfl6_KYQ?feature=oembed\" frameborder=\"0\" allow=\"accelerometer; autoplay; clipboard-write; encrypted-media; gyroscope; picture-in-picture; web-share\" referrerpolicy=\"strict-origin-when-cross-origin\" allowfullscreen><\/iframe>\n<\/div><figcaption>F\u00d3RMULA 1 AO VIVO 2022: A SEXTA-FEIRA DA F1 NO BAHREIN | Briefing<\/figcaption><\/figure>\n\n\n\n<p class=\"wp-block-paragraph\">Lewis Hamilton afirmou que <a href=\"https:\/\/www.grandepremio.com\/br\/f1\/noticias\/lewis-hamilton-ve-mercedes-problematica-e-conserto-apenas-em-longo-prazo\/\">a resolu\u00e7\u00e3o dos problemas na Mercedes<\/a> n\u00e3o deve vir a curto prazo. George Russell <a href=\"https:\/\/www.grandepremio.com\/br\/f1\/noticias\/george-russell-falta-de-ritmo-ate-alphatauri-e-alfa-romeo-mais-rapidas-mercedes\/\">lamentou a falta de ritmo da equipe<\/a>. E, depois das declara\u00e7\u00f5es dos pilotos das Flechas de Prata, foi a vez do chefe, Toto Wolff, abordar a aus\u00eancia de bom desempenho do time no Bahrein. Segundo o austr\u00edaco, a falta de competitividade \u00e9 causada por &#8220;cinco ou seis problemas, onde h\u00e1 a possibilidade de um grande ganho de performance&#8221;.<\/p>\n\n\n\n<p class=\"wp-block-paragraph\">&#8220;Provavelmente \u00e9 mais simples dizer o que funciona, s\u00e3o menos itens&#8221;, come\u00e7ou a explicar Wolff. &#8220;Precisamos olhar para cada \u00e1rea do carro, seja aerodin\u00e2mica, peso, unidade de pot\u00eancia. Tudo. Na F\u00f3rmula 1, nunca temos somente uma solu\u00e7\u00e3o. Mas acho que h\u00e1 um &#8216;fruto mais baixo&#8217; que precisamos agarrar para as pr\u00f3ximas corridas, o que vai melhorar nossa performance&#8221;, declarou, indicando que h\u00e1 uma resolu\u00e7\u00e3o de curto prazo a caminho na Mercedes. &#8220;E, ent\u00e3o, h\u00e1 problemas mais complexos. Estamos abordando cada um deles&#8221;, finalizou.<\/p>\n\n\n\n<p class=\"wp-block-paragraph\"><strong>\u25b6\ufe0f&nbsp;Inscreva-se nos dois canais do GRANDE PR\u00caMIO no YouTube:&nbsp;<a href=\"https:\/\/www.youtube.com\/channel\/UC9OlHEgxoaY6QY6nWPoiqQg?sub_confirmation=1\" target=\"_blank\" rel=\"noreferrer noopener\">GP<\/a>&nbsp;|&nbsp;<a href=\"https:\/\/www.youtube.com\/channel\/UC9csiS6q_C3C0FYhyr1rnFA?sub_confirmation=1\" target=\"_blank\" rel=\"noreferrer noopener\">GP2<\/a><\/strong><\/p>\n\n\n\n<figure class=\"wp-block-image size-large\"><img decoding=\"async\" src=\"https:\/\/www.grandepremio.com\/br\/wp-content\/uploads\/2022\/03\/mercedes-lewishamilton-05-1024x683.jpg\" alt=\"\" class=\"wp-image-549629\"\/><figcaption>Mercedes em a\u00e7\u00e3o nos treinos livres de sexta-feira, no Bahrein (Foto: Mercedes)<\/figcaption><\/figure>\n\n\n\n<p class=\"wp-block-paragraph\">Uma dessas quest\u00f5es mais complexas a serem lidadas no W13 \u00e9 o chamado &#8216;porpoising&#8217;, termo em ingl\u00eas utilizado para representar os quiques no carro. Nos treinos livres 1 e 2 &#8211; e tamb\u00e9m nos testes de pr\u00e9-temporada &#8211; no Bahrein, a equipe alem\u00e3 foi a que mais lidou com o balan\u00e7o inconstante, similar ao movimento de nado de um golfinho. Nos trabalhos de sexta-feira no Circuito de Sakhir, a Mercedes j\u00e1 tentou buscar medidas para conter o problema, mandando \u00e0 pista dois tipos diferentes de assoalho, um no carro de Lewis Hamilton e outro no modelo de George Russell.<\/p>\n\n\n\n<p class=\"wp-block-paragraph\">Ainda assim, para Wolff, mesmo possivelmente solucionando os quiques, a Mercedes precisa lidar com todos os outros problemas se quiser lutar por vit\u00f3rias neste come\u00e7o de temporada &#8211; cen\u00e1rio improv\u00e1vel de acordo com o chefe austr\u00edaco, que ressaltou que a Red Bull &#8220;est\u00e1 em uma liga pr\u00f3pria&#8221; no in\u00edcio do 2022 da F\u00f3rmula 1.<\/p>\n\n\n\n<figure class=\"wp-block-embed is-type-video is-provider-youtube wp-block-embed-youtube wp-embed-aspect-16-9 wp-has-aspect-ratio\"><div class=\"wp-block-embed__wrapper\">\n<iframe loading=\"lazy\" title=\"A ABERTURA OFICIAL DA F\u00d3RMULA 1 2022 DO GRANDE PR\u00caMIO (COM UM TOQUE DE MALHA\u00c7\u00c3O)\" width=\"500\" height=\"281\" src=\"https:\/\/www.youtube.com\/embed\/rv8UkDdb-EY?feature=oembed\" frameborder=\"0\" allow=\"accelerometer; autoplay; clipboard-write; encrypted-media; gyroscope; picture-in-picture; web-share\" referrerpolicy=\"strict-origin-when-cross-origin\" allowfullscreen><\/iframe>\n<\/div><figcaption>A ABERTURA OFICIAL DA F\u00d3RMULA 1 2022 DO GRANDE PR\u00caMIO (COM UM TOQUE DE MALHA\u00c7\u00c3O)<\/figcaption><\/figure>\n\n\n\n<p class=\"wp-block-paragraph\">&#8220;N\u00e3o acho que conseguimos igualar o desempenho dos l\u00edderes neste momento. Pessoalmente, acredito que existem solu\u00e7\u00f5es simples, para termos a performance de volta, que come\u00e7am a cristalizar&#8221;, afirmou, antes de demonstrar pequenas doses de esperan\u00e7a. &#8220;S\u00e3o 23 corridas no calend\u00e1rio. Mesmo que voc\u00ea perca uma corrida ou duas, ou que fique fora do p\u00f3dio, ningu\u00e9m est\u00e1 protegido de falhas e acidentes. Vimos isso no ano passado&#8221;, exemplificou Wolff.<\/p>\n\n\n\n<p class=\"wp-block-paragraph\">&#8220;Ent\u00e3o n\u00f3s vamos dar tudo o que podemos, trazer atualiza\u00e7\u00f5es o mais r\u00e1pido poss\u00edvel e entender mais o carro para acharmos performance&#8221;, finalizou o chefe de equipe. A Mercedes volta \u00e0s a\u00e7\u00f5es no GP do Bahrein de\u00a0<a href=\"https:\/\/www.grandepremio.com\/formula-1\/\" target=\"_blank\" rel=\"noreferrer noopener\">F\u00f3rmula 1<\/a>\u00a0neste s\u00e1bado, com o TL3, \u00e0s 9h (de Bras\u00edlia). Depois, \u00e0s 12h, a classifica\u00e7\u00e3o. O\u00a0<strong>GRANDE PR\u00caMIO<\/strong>\u00a0acompanha todas as atividades\u00a0<strong><a href=\"https:\/\/www.grandepremio.com\/br\/f1\/ao-vivo\"><strong>AO VIVO<\/strong>\u00a0e<strong>\u00a0EM\u00a0<\/strong><\/a><a href=\"https:\/\/www.grandepremio.com\/br\/ao-vivo\/\" target=\"_blank\" rel=\"noreferrer noopener\">TEMPO REAL<\/a><\/strong>.<\/p>\n\n\n\n<p class=\"wp-block-paragraph\"><strong>GUIA F\u00d3RMULA 1 2022<br>#&nbsp;<a href=\"https:\/\/www.grandepremio.com\/formula-1\/\" target=\"_blank\" rel=\"noreferrer noopener\">F\u00f3rmula 1<\/a><a href=\"https:\/\/www.grandepremio.com\/br\/f1\/noticias\/guia-2022-formula-1-revolucao-batalha-epica\/\">&nbsp;vive temporada de revolu\u00e7\u00e3o e torce por reedi\u00e7\u00e3o de batalha \u00e9pica<\/a><br>#&nbsp;<a href=\"https:\/\/www.grandepremio.com\/br\/f1\/noticias\/guia-2022-max-verstappen-experiente-campeao-formula-1\/\">Ca\u00e7ador experiente, campe\u00e3o Verstappen passa a ser maior das ca\u00e7as da F1<\/a><br>#&nbsp;<a href=\"https:\/\/www.grandepremio.com\/br\/f1\/noticias\/guia-2022-lewis-hamilton-melhor-versao-revanche-formula-1\/\">Desafiante e mordido, Hamilton vai atr\u00e1s de melhor vers\u00e3o em revanche na F1<\/a><br>#&nbsp;<a href=\"https:\/\/www.grandepremio.com\/br\/f1\/noticias\/guia-2022-novo-regulamento-veteranos-grid-formula-1\/\">Novo regulamento vira prato cheio para chance de ouro de veteranos do grid da F1<\/a><br>#&nbsp;<a href=\"https:\/\/www.grandepremio.com\/br\/f1\/noticias\/guia-2022-formula-1-volta-ao-passado-para-equilibrar-forcas-do-grid\/\">F\u00f3rmula 1 volta ao passado para acertar futuro e equilibrar for\u00e7as do grid<\/a><br>#&nbsp;<a href=\"https:\/\/www.grandepremio.com\/br\/f1\/noticias\/guia-2022-ferrari-atropela-mclaren-entra-temporada-top-3-meta-minima\/\">Ferrari atropela McLaren e entra na temporada com top-3 como meta m\u00ednima<\/a><br>#&nbsp;<a href=\"https:\/\/www.grandepremio.com\/br\/f1\/noticias\/guia-2022-grid-formula-1-alpine-alphatauri-aston-martin\/\">Alpine e&nbsp;<\/a><a href=\"https:\/\/www.grandepremio.com\/br\/equipe\/f1\/2020\/aston-martin-f1-team\/\" target=\"_blank\" rel=\"noreferrer noopener\">Aston Martin<\/a>&nbsp;<a href=\"https:\/\/www.grandepremio.com\/br\/f1\/noticias\/guia-2022-grid-formula-1-alpine-alphatauri-aston-martin\/\">investem alto por escalada improv\u00e1vel no pelot\u00e3o<\/a><\/strong><br><strong>#&nbsp;<a href=\"https:\/\/www.grandepremio.com\/br\/f1\/noticias\/guia-2022-carlos-sainz-lando-norris-jovens-podem-fazer-estrago-f1\/\">De Sainz a Norris: a turma de jovens que pode fazer estrago na F1<\/a><br>#&nbsp;<a href=\"https:\/\/www.grandepremio.com\/br\/f1\/noticias\/guia-2022-mercedes-red-bull-protagonistas-fieis-escudeiros-duelo\/\">Mercedes e Red Bull contam com protagonistas e fi\u00e9is escudeiros para duelo 2.0<\/a><br>#&nbsp;<a href=\"https:\/\/www.grandepremio.com\/br\/f1\/noticias\/guia-2022-williams-alfa-romeo-e-haas-miram-subida-no-grid-em-ano-de-renovacao\/\">Williams, Alfa Romeo e&nbsp;<\/a><a href=\"https:\/\/www.grandepremio.com\/br\/equipe\/f1\/2020\/haas-f1-team\/\" target=\"_blank\" rel=\"noreferrer noopener\">Haas<\/a>&nbsp;miram subida no grid em ano de renova\u00e7\u00e3o<br>#&nbsp;<a href=\"https:\/\/www.grandepremio.com\/br\/f1\/noticias\/guia-2022-kevin-magnussen-alex-albon-retornam-guanyu-zhou-unico-estreante-f1\/\">Magnussen e Albon retornam, e Zhou \u00e9 \u00fanico estreante da F\u00f3rmula 1<\/a><br>#&nbsp;<a href=\"https:\/\/www.grandepremio.com\/br\/f1\/noticias\/guia-2022-f1-mira-calendario-recorde-em-ano-de-guerra-pandemia-e-copa-do-mundo\/\">F\u00f3rmula 1 mira calend\u00e1rio recorde em ano de guerra, pandemia e Copa do Mundo<\/a><br>#&nbsp;<a href=\"https:\/\/www.grandepremio.com\/br\/f1\/noticias\/guia-2022-mick-schumacher-yuki-tsunoda-segundo-ano-pressionados-erros\/\">Schumacher e Tsunoda entram em segundo ano pressionados por menos erros<\/a><\/strong><br><strong>#&nbsp;<a href=\"https:\/\/www.grandepremio.com\/br\/f1\/noticias\/guia-2022-var-tira-teima-fia-pressao-equipes\/\">Com VAR para fazer \u2018tira-teima\u2019, FIA tenta evitar press\u00e3o das equipes<\/a><\/strong><br><strong>#&nbsp;<a href=\"https:\/\/www.grandepremio.com\/formula-1\/\" target=\"_blank\" rel=\"noreferrer noopener\">F1&nbsp;<\/a>traz novos locais para sprint race e muda tradi\u00e7\u00e3o dos fins de semana<br>#&nbsp;<a href=\"https:\/\/www.grandepremio.com\/br\/f1\/noticias\/guia-2022-george-russell-recebe-carro-altura-peca-chave-mercedes\/\">Talentoso Russell enfim recebe carro \u00e0 altura e vira pe\u00e7a-chave na Mercedes<\/a><br>#&nbsp;<a href=\"https:\/\/www.grandepremio.com\/formula-1\/\" target=\"_blank\" rel=\"noreferrer noopener\">F1&nbsp;<\/a>tem pr\u00e9-temporada com muitas novidades e igualdade no grid<\/strong><\/p>\n\n\n\n<figure class=\"wp-block-embed is-type-video is-provider-youtube wp-block-embed-youtube wp-embed-aspect-16-9 wp-has-aspect-ratio\"><div class=\"wp-block-embed__wrapper\">\n<iframe loading=\"lazy\" title=\"GUIA DA F\u00d3RMULA 1 2022: 5 RAZ\u00d5ES PARA PRESTAR ATEN\u00c7\u00c3O NA TEMPORADA DA F1\" width=\"500\" height=\"281\" src=\"https:\/\/www.youtube.com\/embed\/jepM6MRYQhc?feature=oembed\" frameborder=\"0\" allow=\"accelerometer; autoplay; clipboard-write; encrypted-media; gyroscope; picture-in-picture; web-share\" referrerpolicy=\"strict-origin-when-cross-origin\" allowfullscreen><\/iframe>\n<\/div><figcaption>GUIA DA F\u00d3RMULA 1 2022: 5 RAZ\u00d5ES PARA PRESTAR ATEN\u00c7\u00c3O NA TEMPORADA DA F1<\/figcaption><\/figure>\n","protected":false},"excerpt":{"rendered":"<p>Chefe da equipe alem\u00e3 garantiu que as Flechas de Prata n\u00e3o est\u00e3o escondendo o jogo neste in\u00edcio de temporada e que a baixa performance do time \u00e9 reflexo de s\u00e9rias quest\u00f5es<\/p>\n","protected":false},"author":0,"featured_media":1000526622,"comment_status":"closed","ping_status":"closed","sticky":false,"template":"","format":"standard","meta":{"42wp_featured_image_caption":"","42wp_featured_image_credits":"","42wp_featured_video":"","42wp_featured_image_hidden":false,"42wp_authors_list":[],"footnotes":""},"categories":[2],"tags":[147,1357,24837,800,24836,87,82,204,150,30389],"42wp_author":[47143],"class_list":["post-113887","post","type-post","status-publish","format-standard","has-post-thumbnail","hentry","category-f1","tag-f1","tag-f1-2022","tag-formula-1-2","tag-george-russell","tag-grande-premio-2","tag-lewis-hamilton","tag-mercedes","tag-red-bull","tag-toto-wolff","tag-w13","42wp_author-felipe-leite"],"_links":{"self":[{"href":"https:\/\/grandepremio.com\/br\/wp-json\/wp\/v2\/posts\/113887","targetHints":{"allow":["GET"]}}],"collection":[{"href":"https:\/\/grandepremio.com\/br\/wp-json\/wp\/v2\/posts"}],"about":[{"href":"https:\/\/grandepremio.com\/br\/wp-json\/wp\/v2\/types\/post"}],"replies":[{"embeddable":true,"href":"https:\/\/grandepremio.com\/br\/wp-json\/wp\/v2\/comments?post=113887"}],"version-history":[{"count":0,"href":"https:\/\/grandepremio.com\/br\/wp-json\/wp\/v2\/posts\/113887\/revisions"}],"wp:featuredmedia":[{"embeddable":true,"href":"https:\/\/grandepremio.com\/br\/wp-json\/wp\/v2\/media\/1000526622"}],"wp:attachment":[{"href":"https:\/\/grandepremio.com\/br\/wp-json\/wp\/v2\/media?parent=113887"}],"wp:term":[{"taxonomy":"category","embeddable":true,"href":"https:\/\/grandepremio.com\/br\/wp-json\/wp\/v2\/categories?post=113887"},{"taxonomy":"post_tag","embeddable":true,"href":"https:\/\/grandepremio.com\/br\/wp-json\/wp\/v2\/tags?post=113887"},{"taxonomy":"42wp_author","embeddable":true,"href":"https:\/\/grandepremio.com\/br\/wp-json\/wp\/v2\/42wp_author?post=113887"}],"curies":[{"name":"wp","href":"https:\/\/api.w.org\/{rel}","templated":true}]}}