{"id":113961,"date":"2022-03-17T07:41:32","date_gmt":"2022-03-17T10:41:32","guid":{"rendered":"https:\/\/grandepremio.com\/br\/noticias\/wgp-volta-esquenta-formula-1-2022-previa-gp-indonesia-motogp\/"},"modified":"2022-03-17T11:21:25","modified_gmt":"2022-03-17T14:21:25","slug":"wgp-volta-esquenta-formula-1-2022-previa-gp-indonesia-motogp","status":"publish","type":"post","link":"https:\/\/grandepremio.com\/br\/grande-premio\/wgp-volta-esquenta-formula-1-2022-previa-gp-indonesia-motogp\/","title":{"rendered":"WGP volta com esquenta da F\u00f3rmula 1 2022 e pr\u00e9via do GP da Indon\u00e9sia da MotoGP"},"content":{"rendered":"\n<figure class=\"wp-block-embed is-type-video is-provider-youtube wp-block-embed-youtube wp-embed-aspect-16-9 wp-has-aspect-ratio\"><div class=\"wp-block-embed__wrapper\">\n<iframe loading=\"lazy\" title=\"GUIA DA F\u00d3RMULA 1 2022: VERSTAPPEN X HAMILTON VERS\u00c3O 2.0\" width=\"500\" height=\"281\" src=\"https:\/\/www.youtube.com\/embed\/Y0n1ZtyU_20?feature=oembed\" frameborder=\"0\" allow=\"accelerometer; autoplay; clipboard-write; encrypted-media; gyroscope; picture-in-picture; web-share\" referrerpolicy=\"strict-origin-when-cross-origin\" allowfullscreen><\/iframe>\n<\/div><\/figure>\n\n\n\n<p class=\"wp-block-paragraph\">A temporada de programas do <strong>GRANDE PR\u00caMIO<\/strong> segue em vento em popa. <a href=\"https:\/\/www.grandepremio.com\/br\/f1\/noticias\/tt-gp-44-f1-2022-enfim-chegou-o-que-vem-por-ai\/\">Depois da volta do <strong>TTGP<\/strong><\/a>, chegou a vez de o <strong>WGP <\/strong>estrear a segunda temporada. Nesta quinta-feira, as jornalistas do GP se re\u00fanem para um esquenta do campeonato 2022 da F\u00f3rmula 1 e tamb\u00e9m para uma pr\u00e9via do GP da Indon\u00e9sia de MotoGP.<\/p>\n\n\n\n<p class=\"wp-block-paragraph\">Com apresenta\u00e7\u00e3o de Evelyn Guimar\u00e3es e coment\u00e1rios e Ana Paula Cerveira e Juliana Tesser, o <strong>WGP <\/strong>vai abordar pontos centrais do GP do Bahrein deste fim de semana, como a reedi\u00e7\u00e3o do confronto entre Red Bull e Mercedes, o surgimento da Ferrari como terceira for\u00e7a, a aus\u00eancia de Sebastian Vettel por causa da infec\u00e7\u00e3o por Covid-19, a nova ordem de for\u00e7as do campeonato e muito mais.<\/p>\n\n\n\n<figure class=\"wp-block-image size-large\"><img decoding=\"async\" src=\"https:\/\/www.grandepremio.com\/br\/wp-content\/uploads\/2022\/03\/redbull-maxverstappen-02-1024x683.jpg\" alt=\"\" class=\"wp-image-548015\"\/><figcaption>Temporada da F\u00f3rmula 1 come\u00e7a neste fim de semana (Foto: Getty Images\/Red Bull Content Pool)<\/figcaption><\/figure>\n\n\n\n<p class=\"wp-block-paragraph\">\u25b6\ufe0f <strong>Inscreva-se nos dois canais do GRANDE PR\u00caMIO no YouTube:&nbsp;<a href=\"https:\/\/www.youtube.com\/channel\/UC9OlHEgxoaY6QY6nWPoiqQg?sub_confirmation=1\">GP<\/a>&nbsp;|&nbsp;<a href=\"https:\/\/www.youtube.com\/channel\/UC9csiS6q_C3C0FYhyr1rnFA?sub_confirmation=1\">GP2<\/a><\/strong><\/p>\n\n\n\n<p class=\"wp-block-paragraph\">No campo da MotoGP, o assunto do momento \u00e9 o document\u00e1rio limitado, j\u00e1 que &#8216;MotoGP Unlimited&#8217; n\u00e3o est\u00e1 acess\u00edvel em muitos pa\u00edses, inclusive a Indon\u00e9sia, palco da corrida deste fim de semana. Al\u00e9m disso, as jornalistas tamb\u00e9m v\u00e3o comentar o feito hist\u00f3rico de Nadia Padovani, a primeira mulher a chefiar uma equipe vencedora na classe rainha do Mundial de Motovelocidade.<\/p>\n\n\n\n<p class=\"wp-block-paragraph\">Se diante das c\u00e2meras o <strong>WGP <\/strong>\u00e9 feito pelas mulheres do <strong>GRANDE PR\u00caMIO<\/strong>, nos bastidores a produ\u00e7\u00e3o fica por conta de Rodrigo Berton e Pedro Prado, que se revezar\u00e3o na produ\u00e7\u00e3o ao longo do ano.<\/p>\n\n\n\n<p class=\"wp-block-paragraph\">O formato \u00e9 cl\u00e1ssico da temporada passada: toda quinta-feira, 13h (hor\u00e1rio de Brasilia). Esperamos voc\u00eas!<\/p>\n\n\n\n<p class=\"wp-block-paragraph\"><strong><strong>GUIA F\u00d3RMULA 1 2022<br>#\u00a0<a href=\"https:\/\/www.grandepremio.com\/formula-1\/\" target=\"_blank\" rel=\"noreferrer noopener\">F\u00f3rmula 1<\/a><a href=\"https:\/\/www.grandepremio.com\/br\/f1\/noticias\/guia-2022-formula-1-revolucao-batalha-epica\/\">\u00a0vive temporada de revolu\u00e7\u00e3o e torce por reedi\u00e7\u00e3o de batalha \u00e9pica<\/a><br>#\u00a0<a href=\"https:\/\/www.grandepremio.com\/br\/f1\/noticias\/guia-2022-max-verstappen-experiente-campeao-formula-1\/\">Ca\u00e7ador experiente, campe\u00e3o Verstappen passa a ser maior das ca\u00e7as da F1<\/a><br>#\u00a0<a href=\"https:\/\/www.grandepremio.com\/br\/f1\/noticias\/guia-2022-lewis-hamilton-melhor-versao-revanche-formula-1\/\">Desafiante e mordido, Hamilton vai atr\u00e1s de melhor vers\u00e3o em revanche na F1<\/a><br>#\u00a0<a href=\"https:\/\/www.grandepremio.com\/br\/f1\/noticias\/guia-2022-novo-regulamento-veteranos-grid-formula-1\/\">Novo regulamento vira prato cheio para chance de ouro de veteranos do grid da F1<\/a><br>#\u00a0<a href=\"https:\/\/www.grandepremio.com\/br\/f1\/noticias\/guia-2022-formula-1-volta-ao-passado-para-equilibrar-forcas-do-grid\/\">F\u00f3rmula 1 volta ao passado para acertar futuro e equilibrar for\u00e7as do grid<\/a><br>#\u00a0<a href=\"https:\/\/www.grandepremio.com\/br\/f1\/noticias\/guia-2022-ferrari-atropela-mclaren-entra-temporada-top-3-meta-minima\/\">Ferrari atropela McLaren e entra na temporada com top-3 como meta m\u00ednima<\/a><br>#\u00a0<a href=\"https:\/\/www.grandepremio.com\/br\/f1\/noticias\/guia-2022-grid-formula-1-alpine-alphatauri-aston-martin\/\">Alpine e\u00a0<\/a><a href=\"https:\/\/www.grandepremio.com\/br\/equipe\/f1\/2020\/aston-martin-f1-team\/\" target=\"_blank\" rel=\"noreferrer noopener\">Aston Martin<\/a>\u00a0<a href=\"https:\/\/www.grandepremio.com\/br\/f1\/noticias\/guia-2022-grid-formula-1-alpine-alphatauri-aston-martin\/\">investem alto por escalada improv\u00e1vel no pelot\u00e3o<\/a><\/strong><\/strong><\/p>\n\n\n\n<figure class=\"wp-block-embed is-type-video is-provider-youtube wp-block-embed-youtube wp-embed-aspect-16-9 wp-has-aspect-ratio\"><div class=\"wp-block-embed__wrapper\">\n<iframe loading=\"lazy\" title=\"GUIA DA F\u00d3RMULA 1 2022: F1 VOLTA AO PASSADO PARA ACERTAR FUTURO E EQUILIBRAR GRID\" width=\"500\" height=\"281\" src=\"https:\/\/www.youtube.com\/embed\/eYqoq1BcvOM?feature=oembed\" frameborder=\"0\" allow=\"accelerometer; autoplay; clipboard-write; encrypted-media; gyroscope; picture-in-picture; web-share\" referrerpolicy=\"strict-origin-when-cross-origin\" allowfullscreen><\/iframe>\n<\/div><\/figure>\n\n\n\n<p class=\"wp-block-paragraph\"><strong><strong>#\u00a0<a href=\"https:\/\/www.grandepremio.com\/br\/f1\/noticias\/guia-2022-carlos-sainz-lando-norris-jovens-podem-fazer-estrago-f1\/\">De Sainz a Norris: a turma de jovens que pode fazer estrago na F1<\/a><br>#\u00a0<a href=\"https:\/\/www.grandepremio.com\/br\/f1\/noticias\/guia-2022-mercedes-red-bull-protagonistas-fieis-escudeiros-duelo\/\">Mercedes e Red Bull contam com protagonistas e fi\u00e9is escudeiros para duelo 2.0<\/a><br>#\u00a0<a href=\"https:\/\/www.grandepremio.com\/br\/f1\/noticias\/guia-2022-williams-alfa-romeo-e-haas-miram-subida-no-grid-em-ano-de-renovacao\/\">Williams, Alfa Romeo e\u00a0<\/a><a href=\"https:\/\/www.grandepremio.com\/br\/equipe\/f1\/2020\/haas-f1-team\/\" target=\"_blank\" rel=\"noreferrer noopener\">Haas<\/a>\u00a0miram subida no grid em ano de renova\u00e7\u00e3o<br>#\u00a0<a href=\"https:\/\/www.grandepremio.com\/br\/f1\/noticias\/guia-2022-kevin-magnussen-alex-albon-retornam-guanyu-zhou-unico-estreante-f1\/\">Magnussen e Albon retornam, e Zhou \u00e9 \u00fanico estreante da F\u00f3rmula 1<\/a><br>#\u00a0<a href=\"https:\/\/www.grandepremio.com\/br\/f1\/noticias\/guia-2022-f1-mira-calendario-recorde-em-ano-de-guerra-pandemia-e-copa-do-mundo\/\">F\u00f3rmula 1 mira calend\u00e1rio recorde em ano de guerra, pandemia e Copa do Mundo<\/a><br>#\u00a0<a href=\"https:\/\/www.grandepremio.com\/br\/f1\/noticias\/guia-2022-mick-schumacher-yuki-tsunoda-segundo-ano-pressionados-erros\/\">Schumacher e Tsunoda entram em segundo ano pressionados por menos erros<\/a><\/strong><\/strong><br><strong># <a href=\"https:\/\/www.grandepremio.com\/br\/f1\/noticias\/guia-2022-var-tira-teima-fia-pressao-equipes\/\">Com VAR para fazer \u2018tira-teima\u2019, FIA tenta evitar press\u00e3o das equipes<\/a><\/strong><br><strong># <a href=\"https:\/\/www.grandepremio.com\/br\/f1\/noticias\/guia-2022-f1-novos-locais-corridas-sprint-muda-tradicao-fins-semana\/\">F1 traz novos locais para sprint race e muda tradi\u00e7\u00e3o dos fins de semana<\/a><br># <a href=\"https:\/\/www.grandepremio.com\/br\/f1\/noticias\/guia-2022-george-russell-recebe-carro-altura-peca-chave-mercedes\/\">Talentoso Russell enfim recebe carro \u00e0 altura e vira pe\u00e7a-chave na Mercedes<\/a><br># <a href=\"https:\/\/www.grandepremio.com\/br\/f1\/noticias\/guia-2022-f1-pre-temporada-muitas-novidades-e-igualdade-grid\/\">F1 tem pr\u00e9-temporada com muitas novidades e igualdade no grid<\/a><\/strong><\/p>\n","protected":false},"excerpt":{"rendered":"<p>O programa de debate das jornalistas do GRANDE PR\u00caMIO volta nesta quinta-feira com uma pr\u00e9via da temporada 2022 da F\u00f3rmula 1 e tamb\u00e9m um bate-papo sobre a segunda etapa da MotoGP<\/p>\n","protected":false},"author":0,"featured_media":1000548011,"comment_status":"closed","ping_status":"closed","sticky":false,"template":"","format":"standard","meta":{"42wp_featured_image_caption":"","42wp_featured_image_credits":"","42wp_featured_video":"","42wp_featured_image_hidden":false,"42wp_authors_list":[],"footnotes":""},"categories":[4],"tags":[147,1357,24837,26841,30732,24836,79,78,2997,30733,30734,25819,28345,28766,26690,27473],"42wp_author":[47113],"class_list":["post-113961","post","type-post","status-publish","format-standard","has-post-thumbnail","hentry","category-grande-premio","tag-f1","tag-f1-2022","tag-formula-1-2","tag-formula-1-2022","tag-formula-1-classificacao-2022","tag-grande-premio-2","tag-moto-gp","tag-motogp","tag-motogp-2022","tag-motogp-2022-calendario","tag-motogp-classificacao-2022","tag-motogp-hoje","tag-motogp-horarios","tag-motogp-standings","tag-pilotos-motogp","tag-wgp","42wp_author-juliana-tesser"],"_links":{"self":[{"href":"https:\/\/grandepremio.com\/br\/wp-json\/wp\/v2\/posts\/113961","targetHints":{"allow":["GET"]}}],"collection":[{"href":"https:\/\/grandepremio.com\/br\/wp-json\/wp\/v2\/posts"}],"about":[{"href":"https:\/\/grandepremio.com\/br\/wp-json\/wp\/v2\/types\/post"}],"replies":[{"embeddable":true,"href":"https:\/\/grandepremio.com\/br\/wp-json\/wp\/v2\/comments?post=113961"}],"version-history":[{"count":0,"href":"https:\/\/grandepremio.com\/br\/wp-json\/wp\/v2\/posts\/113961\/revisions"}],"wp:featuredmedia":[{"embeddable":true,"href":"https:\/\/grandepremio.com\/br\/wp-json\/wp\/v2\/media\/1000548011"}],"wp:attachment":[{"href":"https:\/\/grandepremio.com\/br\/wp-json\/wp\/v2\/media?parent=113961"}],"wp:term":[{"taxonomy":"category","embeddable":true,"href":"https:\/\/grandepremio.com\/br\/wp-json\/wp\/v2\/categories?post=113961"},{"taxonomy":"post_tag","embeddable":true,"href":"https:\/\/grandepremio.com\/br\/wp-json\/wp\/v2\/tags?post=113961"},{"taxonomy":"42wp_author","embeddable":true,"href":"https:\/\/grandepremio.com\/br\/wp-json\/wp\/v2\/42wp_author?post=113961"}],"curies":[{"name":"wp","href":"https:\/\/api.w.org\/{rel}","templated":true}]}}