{"id":113994,"date":"2022-03-16T05:30:00","date_gmt":"2022-03-16T08:30:00","guid":{"rendered":"https:\/\/grandepremio.com\/br\/noticias\/mercedes-sofre-problemas-vive-drama-pre-temporada-diz-evelyn-guimaraes\/"},"modified":"2022-03-15T14:03:56","modified_gmt":"2022-03-15T17:03:56","slug":"mercedes-sofre-problemas-vive-drama-pre-temporada-diz-evelyn-guimaraes","status":"publish","type":"post","link":"https:\/\/grandepremio.com\/br\/f1\/mercedes-sofre-problemas-vive-drama-pre-temporada-diz-evelyn-guimaraes\/","title":{"rendered":"Mercedes sofre com problemas e vive drama com pr\u00e9-temporada, diz Evelyn Guimar\u00e3es"},"content":{"rendered":"\n<p class=\"wp-block-paragraph\">A Mercedes deixou a pr\u00e9-temporada da F\u00f3rmula 1 bastante preocupada com o desempenho do W13, e tanto Lewis Hamilton quanto George Russell j\u00e1 iniciaram discursos pessimistas sobre o in\u00edcio do campeonato. No Paddock GP #278, Evelyn Guimar\u00e3es falou sobre o drama do time multicampe\u00e3o.<\/p>\n\n\n\n<p class=\"wp-block-paragraph\"><strong>Assista ao trecho completo abaixo:<\/strong><\/p>\n\n\n\n<figure class=\"wp-block-embed is-type-rich is-provider-incorporar-manipulador wp-block-embed-incorporar-manipulador wp-embed-aspect-16-9 wp-has-aspect-ratio\"><div class=\"wp-block-embed__wrapper\">\nhttps:\/\/www.youtube.com\/watch?v=7c-V-EnItsY?start=2077\n<\/div><\/figure>\n","protected":false},"excerpt":{"rendered":"<p>A Mercedes mostrou dificuldades na pr\u00e9-temporada do Bahrein e j\u00e1 se v\u00ea atr\u00e1s na competi\u00e7\u00e3o com Red Bull e Ferrari. Evelyn Guimar\u00e3es falou sobre no Paddock GP #278<\/p>\n","protected":false},"author":0,"featured_media":1000548011,"comment_status":"closed","ping_status":"closed","sticky":false,"template":"","format":"standard","meta":{"42wp_featured_image_caption":"","42wp_featured_image_credits":"","42wp_featured_video":"","42wp_featured_image_hidden":false,"42wp_authors_list":[],"footnotes":""},"categories":[2],"tags":[546,209,1357,207,26841,87,82,204],"42wp_author":[47119],"class_list":["post-113994","post","type-post","status-publish","format-standard","has-post-thumbnail","hentry","category-f1","tag-carlos-sainz","tag-charles-leclerc","tag-f1-2022","tag-ferrari","tag-formula-1-2022","tag-lewis-hamilton","tag-mercedes","tag-red-bull","42wp_author-gabriel-carvalho"],"_links":{"self":[{"href":"https:\/\/grandepremio.com\/br\/wp-json\/wp\/v2\/posts\/113994","targetHints":{"allow":["GET"]}}],"collection":[{"href":"https:\/\/grandepremio.com\/br\/wp-json\/wp\/v2\/posts"}],"about":[{"href":"https:\/\/grandepremio.com\/br\/wp-json\/wp\/v2\/types\/post"}],"replies":[{"embeddable":true,"href":"https:\/\/grandepremio.com\/br\/wp-json\/wp\/v2\/comments?post=113994"}],"version-history":[{"count":0,"href":"https:\/\/grandepremio.com\/br\/wp-json\/wp\/v2\/posts\/113994\/revisions"}],"wp:featuredmedia":[{"embeddable":true,"href":"https:\/\/grandepremio.com\/br\/wp-json\/wp\/v2\/media\/1000548011"}],"wp:attachment":[{"href":"https:\/\/grandepremio.com\/br\/wp-json\/wp\/v2\/media?parent=113994"}],"wp:term":[{"taxonomy":"category","embeddable":true,"href":"https:\/\/grandepremio.com\/br\/wp-json\/wp\/v2\/categories?post=113994"},{"taxonomy":"post_tag","embeddable":true,"href":"https:\/\/grandepremio.com\/br\/wp-json\/wp\/v2\/tags?post=113994"},{"taxonomy":"42wp_author","embeddable":true,"href":"https:\/\/grandepremio.com\/br\/wp-json\/wp\/v2\/42wp_author?post=113994"}],"curies":[{"name":"wp","href":"https:\/\/api.w.org\/{rel}","templated":true}]}}