{"id":114030,"date":"2022-03-14T11:20:23","date_gmt":"2022-03-14T14:20:23","guid":{"rendered":"https:\/\/grandepremio.com\/br\/noticias\/jr-hildebrand-esbanja-confianca-retorno-indy\/"},"modified":"2022-03-14T11:20:31","modified_gmt":"2022-03-14T14:20:31","slug":"jr-hildebrand-esbanja-confianca-retorno-indy","status":"publish","type":"post","link":"https:\/\/grandepremio.com\/br\/indy\/jr-hildebrand-esbanja-confianca-retorno-indy\/","title":{"rendered":"Hildebrand esbanja confian\u00e7a no retorno \u00e0 Indy: \u201cAcredito na minha capacidade\u201d"},"content":{"rendered":"\n<figure class=\"wp-block-embed is-type-video is-provider-youtube wp-block-embed-youtube wp-embed-aspect-16-9 wp-has-aspect-ratio\"><div class=\"wp-block-embed__wrapper\">\n<iframe loading=\"lazy\" title=\"FERRARI IMPRESSIONA E VIRA TERCEIRA VIA NA F\u00d3RMULA 1 2022\" width=\"500\" height=\"281\" src=\"https:\/\/www.youtube.com\/embed\/gg420RYneBo?feature=oembed\" frameborder=\"0\" allow=\"accelerometer; autoplay; clipboard-write; encrypted-media; gyroscope; picture-in-picture; web-share\" referrerpolicy=\"strict-origin-when-cross-origin\" allowfullscreen><\/iframe>\n<\/div><figcaption>FERRARI IMPRESSIONA E VIRA TERCEIRA VIA NA F\u00d3RMULA 1 2022<\/figcaption><\/figure>\n\n\n\n<p class=\"wp-block-paragraph\">J.R. Hildebrand <a href=\"https:\/\/www.grandepremio.com\/br\/indy\/noticias\/foyt-jr-hildebrand-ovais-indy-2022\/\">foi confirmado como piloto da Foyt para a temporada 2022<\/a> da Indy. Mas, o americano de 34 anos vai participar apenas das cinco provas nos circuitos ovais, como substituto da estreante Tatiana Calderon, que assume o volante do carro #11 nos tra\u00e7ados mistos e de rua. Diante da nova oportunidade, o veterano est\u00e1 confiante em mostrar o seu potencial na pista, mas tamb\u00e9m na fun\u00e7\u00e3o de orientar os pilotos novatos da equipe.<\/p>\n\n\n\n<p class=\"wp-block-paragraph\">Nas \u00faltimas quatro temporadas, Hildebrand participou apenas das 500 milhas de Indian\u00e1polis, quando representou a equipe Dreyer Reinbold Racing entre os anos de 2018 e 2020 e conduziu um dos carros da Foyt no ano passado. J\u00e1 a \u00faltima temporada completa aconteceu em 2017, com Hildebrand apresentando os melhores desempenhos nos ovais de Iowa e Phoenix quando foi segundo e terceiro colocado, respectivamente.<\/p>\n\n\n\n<p class=\"wp-block-paragraph\">Com experi\u00eancia na categoria, o californiano est\u00e1 confiante que o contato com diferentes vers\u00f5es de carro da Indy nos \u00faltimos anos possam contribuir para uma melhor performance da Foyt nos ovais. \u201cEstou confiante em minha pr\u00f3pria capacidade de aparecer nessas pistas. J\u00e1 corri em um monte de vers\u00f5es diferentes deste carro e tenho uma sensa\u00e7\u00e3o muito boa que podemos extrair dele\u201d, afirmou.<\/p>\n\n\n\n<figure class=\"wp-block-image size-large\"><img decoding=\"async\" src=\"https:\/\/www.grandepremio.com\/br\/wp-content\/uploads\/2020\/08\/JR-Hildebrand-1-1024x684.jpg\" alt=\"\" class=\"wp-image-409027\"\/><figcaption>JR Hildebrand volta aos ovais da Indy em 2022 (Foto: IndyCar)<\/figcaption><\/figure>\n\n\n\n<p class=\"wp-block-paragraph\"><strong>\u25b6\ufe0f&nbsp;Inscreva-se nos dois canais do GRANDE PR\u00caMIO no YouTube:&nbsp;<a href=\"https:\/\/www.youtube.com\/channel\/UC9OlHEgxoaY6QY6nWPoiqQg?sub_confirmation=1\" target=\"_blank\" rel=\"noreferrer noopener\">GP<\/a>&nbsp;|&nbsp;<a href=\"https:\/\/www.youtube.com\/channel\/UC9csiS6q_C3C0FYhyr1rnFA?sub_confirmation=1\" target=\"_blank\" rel=\"noreferrer noopener\">GP2<\/a><\/strong><\/p>\n\n\n\n<p class=\"wp-block-paragraph\">Hildebrand tamb\u00e9m declarou que est\u00e1 comprometido ao n\u00edvel m\u00e1ximo com a equipe, independente dos formatos e condi\u00e7\u00f5es das pistas. \u201cSinto que uma das coisas que me deixa orgulhoso em circuitos mistos, de rua ou ovais, seja o que for, \u00e9 estar disposto a me comprometer nesse n\u00edvel m\u00e1ximo. Se houver uma curva que acho poss\u00edvel fazer de primeira, eu definitivamente serei o cara que vai tentar. Isso me serviu bem ao longo da minha carreira e definitivamente importa neste momento\u201d, acrescentou.<\/p>\n\n\n\n<p class=\"wp-block-paragraph\">Para a estreia no pr\u00f3ximo domingo (20), no GP do Texas, o experiente piloto tem como objetivo superar as adversidades e criar rapidamente um entrosamento com a equipe, para que esteja mais alinhado aos engenheiros e estrategistas nos pr\u00f3ximos desafios da temporada.<\/p>\n\n\n\n<p class=\"wp-block-paragraph\">\u201cVoc\u00ea se acostuma com essa comunica\u00e7\u00e3o com o estrategista e o grupo de engenheiros\u201d, destacou. \u201cDe certa forma, tem que fazer isso um pouco mais r\u00e1pido. No Texas, voc\u00ea n\u00e3o tem muito tempo, por isso deve descobrir muitas coisas enquanto est\u00e1 sentado na garagem durante os treinos livres. Isso acelera um pouco o processo\u201d, exaltou.<\/p>\n\n\n\n<p class=\"wp-block-paragraph\">Al\u00e9m da contribui\u00e7\u00e3o dentro das pistas, Hildebrand quer compartilhar a sua experi\u00eancia com o grupo de inexperientes pilotos da equipe, formado pelo campe\u00e3o da Indy Lights, Kyle Kirkwood, Dalton Kellett e Calderon, que vai substitu\u00ed-lo nos circuitos mistos.<\/p>\n\n\n\n<figure class=\"wp-block-image size-large\"><img decoding=\"async\" src=\"https:\/\/www.grandepremio.com\/br\/wp-content\/uploads\/2021\/10\/FAyvL0eVQAAQdNA-1024x683.png\" alt=\"KYLE KIRKWOOD; CAMPE\u00c3O; INDY LIGHTS;\" class=\"wp-image-514704\"\/><figcaption>J.R. Hildebrand quer contribuir com desenvolvimento de Kyle Kirkwood na Indy (Foto: Indy Lights)<\/figcaption><\/figure>\n\n\n\n<p class=\"wp-block-paragraph\">\u201c\u00c9 necess\u00e1rio perceber o valor de ter alguns veteranos por perto que est\u00e3o dispostos a compartilhar um pouco de sua perspectiva sobre as coisas. Como um jovem piloto, voc\u00ea tem de ser capaz de filtrar isso por si mesmo\u201d, completou.<\/p>\n\n\n\n<p class=\"wp-block-paragraph\">Entre os tr\u00eas pilotos, Hildebrand destacou o talento natural de Kirkwood e afirmou que espera construir uma rela\u00e7\u00e3o com o piloto de 23 anos, com intuito de ajud\u00e1-lo a melhor se adaptar na categoria. \u201cEstou esperan\u00e7oso de poder ser \u00fatil para ele ao longo deste ano e, particularmente, nestas primeiras corridas para ajud\u00e1-lo a se sentir confort\u00e1vel para acelerar\u201d, pontuou.<\/p>\n\n\n\n<p class=\"wp-block-paragraph\">Por fim, Hildebrand n\u00e3o escondeu a ansiedade para estar com melhor ritmo de corrida nos ovais com dist\u00e2ncia curtas, como as rodadas duplas em Iowa e o GP de Gateway. \u201cEu gosto mais de ovais curtos. Esses s\u00e3o dois lugares que dependem muito do piloto e da engenharia. Realmente n\u00e3o importa quanto desenvolvimento voc\u00ea fez ou quanta prepara\u00e7\u00e3o vai para o carro nesses tipos de pistas. A abordagem do carro precisa estar alinhada\u201d, concluiu.<\/p>\n\n\n\n<p class=\"wp-block-paragraph\"><strong>Leia tamb\u00e9m<\/strong><\/p>\n\n\n\n<p class=\"wp-block-paragraph\"><strong><a href=\"https:\/\/www.grandepremio.com\/br\/indy\/noticias\/colton-herta-se-empolga-teste-na-f1-diz-prioridade-e-indy-ano-agitado-frente\/\" target=\"_blank\" rel=\"noreferrer noopener\">+Herta se empolga com teste na F1, mas diz que prioridade \u00e9 Indy: \u201cAno agitado pela frente\u201d<\/a><\/strong><br><strong><a href=\"https:\/\/www.grandepremio.com\/br\/nascar\/noticias\/chase-briscoe-vence-etapa-phoenix-nascar\/\" target=\"_blank\" rel=\"noreferrer noopener\">+Briscoe segura Chastain em Phoenix e conquista primeira vit\u00f3ria na Nascar<\/a><\/strong><\/p>\n\n\n\n<figure class=\"wp-block-embed is-type-video is-provider-youtube wp-block-embed-youtube wp-embed-aspect-16-9 wp-has-aspect-ratio\"><div class=\"wp-block-embed__wrapper\">\n<iframe loading=\"lazy\" title=\"SIDEPODS DA MERCEDES W13: BURRADA OU JOGADA DE MESTRE NA F\u00d3RMULA 1?\" width=\"500\" height=\"281\" src=\"https:\/\/www.youtube.com\/embed\/ZYO-68_-P_0?start=5&amp;feature=oembed\" frameborder=\"0\" allow=\"accelerometer; autoplay; clipboard-write; encrypted-media; gyroscope; picture-in-picture; web-share\" referrerpolicy=\"strict-origin-when-cross-origin\" allowfullscreen><\/iframe>\n<\/div><figcaption>SIDEPODS DA MERCEDES W13: BURRADA OU JOGADA DE MESTRE NA F\u00d3RMULA 1?<\/figcaption><\/figure>\n","protected":false},"excerpt":{"rendered":"<p>Novo piloto da Foyt, JR Hildebrand mostrou-se seguro com experi\u00eancia de performance em ovais. Reestreia na categoria acontece neste fim de semana, no Texas <\/p>\n","protected":false},"author":0,"featured_media":1000476235,"comment_status":"closed","ping_status":"closed","sticky":false,"template":"","format":"standard","meta":{"42wp_featured_image_caption":"","42wp_featured_image_credits":"","42wp_featured_video":"","42wp_featured_image_hidden":false,"42wp_authors_list":[],"footnotes":""},"categories":[3],"tags":[320,322,28285,93,5404,791],"42wp_author":[47145],"class_list":["post-114030","post","type-post","status-publish","format-standard","has-post-thumbnail","hentry","category-indy","tag-dalton-kellett","tag-foyt","tag-grandepremio","tag-indy","tag-jr-hildebrand","tag-kyle-kirkwood","42wp_author-alessandro-pinheiro"],"_links":{"self":[{"href":"https:\/\/grandepremio.com\/br\/wp-json\/wp\/v2\/posts\/114030","targetHints":{"allow":["GET"]}}],"collection":[{"href":"https:\/\/grandepremio.com\/br\/wp-json\/wp\/v2\/posts"}],"about":[{"href":"https:\/\/grandepremio.com\/br\/wp-json\/wp\/v2\/types\/post"}],"replies":[{"embeddable":true,"href":"https:\/\/grandepremio.com\/br\/wp-json\/wp\/v2\/comments?post=114030"}],"version-history":[{"count":0,"href":"https:\/\/grandepremio.com\/br\/wp-json\/wp\/v2\/posts\/114030\/revisions"}],"wp:featuredmedia":[{"embeddable":true,"href":"https:\/\/grandepremio.com\/br\/wp-json\/wp\/v2\/media\/1000476235"}],"wp:attachment":[{"href":"https:\/\/grandepremio.com\/br\/wp-json\/wp\/v2\/media?parent=114030"}],"wp:term":[{"taxonomy":"category","embeddable":true,"href":"https:\/\/grandepremio.com\/br\/wp-json\/wp\/v2\/categories?post=114030"},{"taxonomy":"post_tag","embeddable":true,"href":"https:\/\/grandepremio.com\/br\/wp-json\/wp\/v2\/tags?post=114030"},{"taxonomy":"42wp_author","embeddable":true,"href":"https:\/\/grandepremio.com\/br\/wp-json\/wp\/v2\/42wp_author?post=114030"}],"curies":[{"name":"wp","href":"https:\/\/api.w.org\/{rel}","templated":true}]}}