{"id":114034,"date":"2022-03-14T09:59:20","date_gmt":"2022-03-14T12:59:20","guid":{"rendered":"https:\/\/grandepremio.com\/br\/noticias\/red-bull-descarta-preocupacao-com-sidepods-da-mercedes-nao-nos-impressionou\/"},"modified":"2022-03-14T10:15:33","modified_gmt":"2022-03-14T13:15:33","slug":"red-bull-descarta-preocupacao-com-sidepods-da-mercedes-nao-nos-impressionou","status":"publish","type":"post","link":"https:\/\/grandepremio.com\/br\/f1\/red-bull-descarta-preocupacao-com-sidepods-da-mercedes-nao-nos-impressionou\/","title":{"rendered":"Red Bull descarta preocupa\u00e7\u00e3o com sidepods da Mercedes: &#8220;N\u00e3o nos impressionou&#8221;"},"content":{"rendered":"\n<figure class=\"wp-block-embed is-type-video is-provider-youtube wp-block-embed-youtube wp-embed-aspect-16-9 wp-has-aspect-ratio\"><div class=\"wp-block-embed__wrapper\">\n<iframe loading=\"lazy\" title=\"FERRARI IMPRESSIONA E VIRA TERCEIRA VIA NA F\u00d3RMULA 1 2022\" width=\"500\" height=\"281\" src=\"https:\/\/www.youtube.com\/embed\/gg420RYneBo?feature=oembed\" frameborder=\"0\" allow=\"accelerometer; autoplay; clipboard-write; encrypted-media; gyroscope; picture-in-picture; web-share\" referrerpolicy=\"strict-origin-when-cross-origin\" allowfullscreen><\/iframe>\n<\/div><figcaption>FERRARI IMPRESSIONA E VIRA TERCEIRA VIA NA F\u00d3RMULA 1 2022<\/figcaption><\/figure>\n\n\n\n<p class=\"wp-block-paragraph\">A Mercedes chamou aten\u00e7\u00e3o no paddock da F\u00f3rmula 1 ao chegar no segundo per\u00edodo de testes de pr\u00e9-temporada, no Bahrein, <a href=\"https:\/\/www.grandepremio.com\/br\/f1\/noticias\/mercedes-confirma-conceito-radical-leva-w13-quase-sem-sidepods-teste-bahrein\/\" target=\"_blank\" rel=\"noreferrer noopener\">com sidepods praticamente inexistentes<\/a>, uma inova\u00e7\u00e3o em rela\u00e7\u00e3o aos outros carros da categoria. No entanto, enquanto os dados da equipe alem\u00e3 previam um aumento de velocidade na pista, <a href=\"https:\/\/www.grandepremio.com\/br\/f1\/noticias\/red-bull-ferrari-mercedes-dia-final-testes-formula-1-bahrein\/\" target=\"_blank\" rel=\"noreferrer noopener\">a Red Bull permaneceu \u00e0 frente na contagem de tempos em Sakhir<\/a>. Para o diretor-esportivo dos taurinos, Helmut Marko, a novidade do time de Lewis Hamilton n\u00e3o trouxe melhorias na pr\u00e1tica.<\/p>\n\n\n\n<p class=\"wp-block-paragraph\">&#8220;Prestamos mais aten\u00e7\u00e3o no desempenho, e n\u00e3o nos impressionou&#8221;, disse Marko em entrevista ao portal austr\u00edaco \u00d6sterreich. &#8220;Parece revolucion\u00e1rio o que a Mercedes fez, mas o que importa \u00e9 o tempo [de volta]&#8221;, cutucou.<\/p>\n\n\n\n<p class=\"wp-block-paragraph\"><strong>\u25b6\ufe0f\u00a0Inscreva-se nos dois canais do GRANDE PR\u00caMIO no YouTube:\u00a0<a href=\"https:\/\/www.youtube.com\/channel\/UC9OlHEgxoaY6QY6nWPoiqQg?sub_confirmation=1\" target=\"_blank\" rel=\"noreferrer noopener\">GP<\/a>\u00a0|\u00a0<a href=\"https:\/\/www.youtube.com\/channel\/UC9csiS6q_C3C0FYhyr1rnFA?sub_confirmation=1\" target=\"_blank\" rel=\"noreferrer noopener\">GP2<\/a><\/strong><\/p>\n\n\n\n<figure class=\"wp-block-image size-large\"><img decoding=\"async\" src=\"https:\/\/www.grandepremio.com\/br\/wp-content\/uploads\/2020\/05\/SI202112120581_news-1024x715.jpg\" alt=\"MAX VERSTAPPEN; HELMUT MARKO; RED BULL; F1;\" class=\"wp-image-532235\"\/><figcaption>Helmut Marko celebrou demais a conquista de Max Verstappen em 2021 e quer mais em 2022 (Foto: Mark Thompson\/Getty Images\/Red Bull Content Pool)<\/figcaption><\/figure>\n\n\n\n<p class=\"wp-block-paragraph\">&#8220;O principal \u00e9 que fomos mais r\u00e1pidos novamente&#8221;, continuou Marko, antes de lembrar que &#8220;no ano passado, a Mercedes tamb\u00e9m estava atr\u00e1s nos testes [de pr\u00e9-temporada]. Mas estamos concentrados principalmente em nosso carro, e estamos indo bem l\u00e1 [na pista]&#8221;, salientou.<\/p>\n\n\n\n<p class=\"wp-block-paragraph\">De acordo com o diretor, o progresso da Red Bull permite at\u00e9 mesmo resolver o problema do quique, apresentado por diversos carros ao longo da pr\u00e9-temporada \u2014 em problema que n\u00e3o foi previsto pelos simuladores da categoria antes dos primeiros testes na pista.<\/p>\n\n\n\n<p class=\"wp-block-paragraph\">&#8220;Tamb\u00e9m temos isso sob controle&#8221;, garantiu. &#8220;Como eu disse, estamos completamente satisfeitos com o novo carro e todas as melhorias. Agora, estou apenas esperando pela classifica\u00e7\u00e3o de s\u00e1bado, quando o motor vai ter for\u00e7a total e todas as cartas estar\u00e3o na mesa&#8221;, afirmou.<\/p>\n\n\n\n<figure class=\"wp-block-image size-large\"><img decoding=\"async\" src=\"https:\/\/www.grandepremio.com\/br\/wp-content\/uploads\/2022\/03\/mercedes-novocarro-afp-05-1024x624.jpg\" alt=\"\" class=\"wp-image-547109\"\/><figcaption>Mercedes apresentou novo conceito para o W13 no Bahrein (Foto: AFP)<\/figcaption><\/figure>\n\n\n\n<p class=\"wp-block-paragraph\">Ap\u00f3s o primeiro t\u00edtulo mundial conquistado por Max Verstappen em 2021 \u2014 o primeiro da Red Bull desde Sebastian Vettel, em 2013 \u2014, \u00e9 natural que a briga da equipe austr\u00edaca seja por manter o posto de primeiro lugar da categoria em 2022. E Marko garante que n\u00e3o existe outro objetivo no horizonte dos taurinos que n\u00e3o seja o de vencer.<\/p>\n\n\n\n<p class=\"wp-block-paragraph\">&#8220;Voc\u00ea pode contar com isso&#8221;, falou. &#8220;Com o t\u00edtulo do ano passado, ele [Verstappen] atingiu o objetivo de sua vida. Mas como todos puderam ouvir no r\u00e1dio ao final, ele quer saborear esse sentimento nos pr\u00f3ximos anos. E voc\u00ea pode acreditar: Max ser\u00e1 ainda mais r\u00e1pido. Ele est\u00e1 no \u00e1pice de sua pilotagem&#8221;, encerrou.<\/p>\n","protected":false},"excerpt":{"rendered":"<p>Diretor-esportivo da Red Bull, Helmut Marko disse que inova\u00e7\u00f5es propostas pela Mercedes na lateral do W13 n\u00e3o preocupam os taurinos, que terminaram \u00e0 frente na tabela de tempos nos testes do Bahrein<\/p>\n","protected":false},"author":0,"featured_media":1000547014,"comment_status":"closed","ping_status":"closed","sticky":false,"template":"","format":"standard","meta":{"42wp_featured_image_caption":"","42wp_featured_image_credits":"","42wp_featured_video":"","42wp_featured_image_hidden":false,"42wp_authors_list":[],"footnotes":""},"categories":[2],"tags":[147,156,1357,24837,24836,28285,258,203,82,30799,204,30389],"42wp_author":[47142],"class_list":["post-114034","post","type-post","status-publish","format-standard","has-post-thumbnail","hentry","category-f1","tag-f1","tag-f1-2021","tag-f1-2022","tag-formula-1-2","tag-grande-premio-2","tag-grandepremio","tag-helmut-marko","tag-max-verstappen","tag-mercedes","tag-rb18","tag-red-bull","tag-w13","42wp_author-jp-nascimento"],"_links":{"self":[{"href":"https:\/\/grandepremio.com\/br\/wp-json\/wp\/v2\/posts\/114034","targetHints":{"allow":["GET"]}}],"collection":[{"href":"https:\/\/grandepremio.com\/br\/wp-json\/wp\/v2\/posts"}],"about":[{"href":"https:\/\/grandepremio.com\/br\/wp-json\/wp\/v2\/types\/post"}],"replies":[{"embeddable":true,"href":"https:\/\/grandepremio.com\/br\/wp-json\/wp\/v2\/comments?post=114034"}],"version-history":[{"count":0,"href":"https:\/\/grandepremio.com\/br\/wp-json\/wp\/v2\/posts\/114034\/revisions"}],"wp:featuredmedia":[{"embeddable":true,"href":"https:\/\/grandepremio.com\/br\/wp-json\/wp\/v2\/media\/1000547014"}],"wp:attachment":[{"href":"https:\/\/grandepremio.com\/br\/wp-json\/wp\/v2\/media?parent=114034"}],"wp:term":[{"taxonomy":"category","embeddable":true,"href":"https:\/\/grandepremio.com\/br\/wp-json\/wp\/v2\/categories?post=114034"},{"taxonomy":"post_tag","embeddable":true,"href":"https:\/\/grandepremio.com\/br\/wp-json\/wp\/v2\/tags?post=114034"},{"taxonomy":"42wp_author","embeddable":true,"href":"https:\/\/grandepremio.com\/br\/wp-json\/wp\/v2\/42wp_author?post=114034"}],"curies":[{"name":"wp","href":"https:\/\/api.w.org\/{rel}","templated":true}]}}