{"id":114036,"date":"2022-03-14T09:13:02","date_gmt":"2022-03-14T12:13:02","guid":{"rendered":"https:\/\/grandepremio.com\/br\/noticias\/alphatauri-limite-orcamentario-w13-mercedes\/"},"modified":"2022-03-14T09:13:09","modified_gmt":"2022-03-14T12:13:09","slug":"alphatauri-limite-orcamentario-w13-mercedes","status":"publish","type":"post","link":"https:\/\/grandepremio.com\/br\/f1\/alphatauri-limite-orcamentario-w13-mercedes\/","title":{"rendered":"AlphaTauri aponta limite or\u00e7ament\u00e1rio como barreira para emular W13 da Mercedes"},"content":{"rendered":"\n<figure class=\"wp-block-embed is-type-video is-provider-youtube wp-block-embed-youtube wp-embed-aspect-16-9 wp-has-aspect-ratio\"><div class=\"wp-block-embed__wrapper\">\n<iframe loading=\"lazy\" title=\"SIDEPODS DA MERCEDES W13: BURRADA OU JOGADA DE MESTRE NA F\u00d3RMULA 1?\" width=\"500\" height=\"281\" src=\"https:\/\/www.youtube.com\/embed\/ZYO-68_-P_0?feature=oembed\" frameborder=\"0\" allow=\"accelerometer; autoplay; clipboard-write; encrypted-media; gyroscope; picture-in-picture; web-share\" referrerpolicy=\"strict-origin-when-cross-origin\" allowfullscreen><\/iframe>\n<\/div><figcaption>SIDEPODS DA MERCEDES W13: BURRADA OU JOGADA DE MESTRE NA F\u00d3RMULA 1?<\/figcaption><\/figure>\n\n\n\n<p class=\"wp-block-paragraph\">A Mercedes roubou a cena dos testes de pr\u00e9-temporada da F\u00f3rmula 1, no Bahrein, ao apresentar uma vers\u00e3o atualizada do W13 &#8211; quase sem sidepods e com design mais ousado e agressivo. Para Franz Tost, chefe da AlphaTauri, o modelo da equipe alem\u00e3 \u00e9 imposs\u00edvel de ser reproduzido pelos outros times nessa altura do campeonato, gra\u00e7as ao limite or\u00e7ament\u00e1rio.<\/p>\n\n\n\n<p class=\"wp-block-paragraph\">O teto de gastos da categoria caiu de US$ 145 milh\u00f5es (aproximadamente R$ 736 milh\u00f5es) para US$ 140 milh\u00f5es (R$ 710 milh\u00f5es) em 2022. &#8220;N\u00e3o s\u00e3o somente os sidepods. Eles s\u00e3o s\u00f3 uma parte. Se voc\u00ea tivesse que mudar algo, teria que mudar toda a filosofia aerodin\u00e2mica&#8221;, afirmou Tost, referindo-se ao novo carro da Mercedes para a temporada da F1.<\/p>\n\n\n\n<p class=\"wp-block-paragraph\"><strong>GUIA F\u00d3RMULA 1 2022<\/strong><br>#\u00a0<strong><a href=\"https:\/\/www.grandepremio.com\/formula-1\/\" target=\"_blank\" rel=\"noreferrer noopener\">F\u00f3rmula 1<\/a><a href=\"https:\/\/www.grandepremio.com\/br\/f1\/noticias\/guia-2022-formula-1-revolucao-batalha-epica\/\">\u00a0vive temporada de revolu\u00e7\u00e3o e torce por reedi\u00e7\u00e3o de batalha \u00e9pica<\/a><\/strong><br>#\u00a0<strong><a href=\"https:\/\/www.grandepremio.com\/br\/f1\/noticias\/guia-2022-max-verstappen-experiente-campeao-formula-1\/\">Ca\u00e7ador experiente, campe\u00e3o Verstappen passa a ser maior das ca\u00e7as da F1<\/a><\/strong><br>#\u00a0<strong><a href=\"https:\/\/www.grandepremio.com\/br\/f1\/noticias\/guia-2022-lewis-hamilton-melhor-versao-revanche-formula-1\/\">Desafiante e mordido, Hamilton vai atr\u00e1s de melhor vers\u00e3o em revanche na F1<\/a><\/strong><br>#\u00a0<strong><a href=\"https:\/\/www.grandepremio.com\/br\/f1\/noticias\/guia-2022-novo-regulamento-veteranos-grid-formula-1\/\">Novo regulamento vira prato cheio para chance de ouro de veteranos do grid da F1<\/a><\/strong><\/p>\n\n\n\n<figure class=\"wp-block-image size-large\"><img decoding=\"async\" src=\"https:\/\/www.grandepremio.com\/br\/wp-content\/uploads\/2021\/01\/SI202002150309_hires_jpeg_24bit_rgb-1024x683.jpg\" alt=\"\" class=\"wp-image-446555\"\/><figcaption>Franz Tost, chefe da AlphaTauri (Foto: Red Bull Content Pool)<\/figcaption><\/figure>\n\n\n\n<p class=\"wp-block-paragraph\">&#8220;N\u00e3o acho que n\u00f3s conseguir\u00edamos fazer esse esfor\u00e7o porque, se voc\u00ea olha para o limite or\u00e7ament\u00e1rio, estamos no limite do nosso c\u00e1lculo at\u00e9 o final da temporada&#8221;, revelou o chefe da AlphaTauri, equipe que terminou na sexta coloca\u00e7\u00e3o do Mundial de Construtores em 2021, com 142 pontos somados. &#8220;Penso que n\u00e3o conseguir\u00edamos fazer o esfor\u00e7o de construir um carro do zero&#8221;, completou.<\/p>\n\n\n\n<p class=\"wp-block-paragraph\">Franz Tost j\u00e1 havia manifestado preocupa\u00e7\u00e3o com rela\u00e7\u00e3o ao novo limite or\u00e7ament\u00e1rio da F\u00f3rmula 1. Em janeiro deste ano, o austr\u00edaco detalhou que a AlphaTauri poderia passar por dificuldades no gerenciamento de valores que est\u00e3o inclu\u00eddos no teto de gastos. &#8220;Em 2021 est\u00e1vamos bem abaixo do limite or\u00e7ament\u00e1rio e n\u00e3o foi um problema, mas em 2022 o teto \u00e9 de US$ 140 milh\u00f5es e a compra de novas pe\u00e7as da tecnologia da\u00a0<a href=\"https:\/\/www.grandepremio.com\/br\/equipe\/f1\/2020\/red-bull-racing\/\" target=\"_blank\" rel=\"noreferrer noopener\">Red Bull<\/a>\u00a0nos levar\u00e1 ao limite&#8221;, disse \u00e0 \u00e9poca.<\/p>\n\n\n\n<p class=\"wp-block-paragraph\"><strong>\u25b6\ufe0f\u00a0Inscreva-se nos dois canais do GRANDE PR\u00caMIO no YouTube:\u00a0<a href=\"https:\/\/www.youtube.com\/channel\/UC9OlHEgxoaY6QY6nWPoiqQg?sub_confirmation=1\" target=\"_blank\" rel=\"noreferrer noopener\">GP<\/a>\u00a0|\u00a0<a href=\"https:\/\/www.youtube.com\/channel\/UC9csiS6q_C3C0FYhyr1rnFA?sub_confirmation=1\" target=\"_blank\" rel=\"noreferrer noopener\">GP2<\/a><\/strong><\/p>\n\n\n\n<figure class=\"wp-block-image size-large\"><img decoding=\"async\" src=\"https:\/\/www.grandepremio.com\/br\/wp-content\/uploads\/2022\/03\/alphatauri-yukitsunoda-02-1024x683.jpg\" alt=\"\" class=\"wp-image-547982\"\/><figcaption>AlphaTauri em a\u00e7\u00e3o nos testes de pr\u00e9-temporada no circuito de Sakhir (Foto: Getty Images\/Red Bull Content Pool)<\/figcaption><\/figure>\n\n\n\n<p class=\"wp-block-paragraph\">O chefe da AlphaTauri tamb\u00e9m se disse surpreso com o resultado do novo regulamento t\u00e9cnico da F\u00f3rmula 1. A variedade no design dos carros, de acordo com Tost, vai contra o que a FIA (Federa\u00e7\u00e3o Internacional de Automobilismo) havia originalmente pensado para a temporada. &#8220;Devo dizer que estou impressionado com quase todos os carros. Existem diferentes filosofias aerodin\u00e2micas se voc\u00ea olhar para os sidepods e para o assoalho&#8221;, contou o austr\u00edaco.<\/p>\n\n\n\n<p class=\"wp-block-paragraph\">&#8220;Estou surpreso, honestamente, porque esperava que a FIA  tivesse escrito o novo regulamento para que todos os carros parecessem semelhantes e, assim, n\u00e3o termos uma grande diferen\u00e7a entre eles, j\u00e1 que eles queriam todos os carros juntos no grid&#8221;, apontou o chefe de Pierre Gasly e Yuki Tsunoda. &#8220;Mas, agora, existem todas essas diferentes solu\u00e7\u00f5es do ponto de vista da aerodin\u00e2mica e da mec\u00e2nica, e isso significa que alguns times podem ter achado uma solu\u00e7\u00e3o muito boa, enquanto outros fiquem atr\u00e1s&#8221;, detalhou.<\/p>\n\n\n\n<p class=\"wp-block-paragraph\">&#8220;Espero que n\u00f3s tenhamos encontrado uma boa solu\u00e7\u00e3o e que nosso n\u00edvel de performance esteja alto. Mas \u00e9 interessante e acho que ningu\u00e9m esperava carros t\u00e3o diferentes um do outro&#8221;, finalizou Tost. A temporada de 2022 da\u00a0<a href=\"https:\/\/www.grandepremio.com\/formula-1\/\" target=\"_blank\" rel=\"noreferrer noopener\">F\u00f3rmula 1<\/a>\u00a0come\u00e7a j\u00e1 no pr\u00f3ximo domingo, com o GP do Bahrein.<\/p>\n\n\n\n<figure class=\"wp-block-embed is-type-video is-provider-youtube wp-block-embed-youtube wp-embed-aspect-16-9 wp-has-aspect-ratio\"><div class=\"wp-block-embed__wrapper\">\n<iframe loading=\"lazy\" title=\"FERRARI IMPRESSIONA E VIRA TERCEIRA VIA NA F\u00d3RMULA 1 2022\" width=\"500\" height=\"281\" src=\"https:\/\/www.youtube.com\/embed\/gg420RYneBo?feature=oembed\" frameborder=\"0\" allow=\"accelerometer; autoplay; clipboard-write; encrypted-media; gyroscope; picture-in-picture; web-share\" referrerpolicy=\"strict-origin-when-cross-origin\" allowfullscreen><\/iframe>\n<\/div><figcaption>FERRARI IMPRESSIONA E VIRA TERCEIRA VIA NA F\u00d3RMULA 1 2022<\/figcaption><\/figure>\n","protected":false},"excerpt":{"rendered":"<p>Chefe da equipe, Franz Tost, j\u00e1 havia manifestado preocupa\u00e7\u00e3o com rela\u00e7\u00e3o ao novo teto de gastos e admitiu impossibilidade de &#8220;construir um carro do zero&#8221; nessa altura do campeonato da F1 2022 <\/p>\n","protected":false},"author":0,"featured_media":1000515853,"comment_status":"closed","ping_status":"closed","sticky":false,"template":"","format":"standard","meta":{"42wp_featured_image_caption":"","42wp_featured_image_credits":"","42wp_featured_video":"","42wp_featured_image_hidden":false,"42wp_authors_list":[],"footnotes":""},"categories":[2],"tags":[524,147,1357,24837,525,24836,82,29224,30389],"42wp_author":[47143],"class_list":["post-114036","post","type-post","status-publish","format-standard","has-post-thumbnail","hentry","category-f1","tag-alphatauri","tag-f1","tag-f1-2022","tag-formula-1-2","tag-franz-tost","tag-grande-premio-2","tag-mercedes","tag-temporada-f1-2022","tag-w13","42wp_author-felipe-leite"],"_links":{"self":[{"href":"https:\/\/grandepremio.com\/br\/wp-json\/wp\/v2\/posts\/114036","targetHints":{"allow":["GET"]}}],"collection":[{"href":"https:\/\/grandepremio.com\/br\/wp-json\/wp\/v2\/posts"}],"about":[{"href":"https:\/\/grandepremio.com\/br\/wp-json\/wp\/v2\/types\/post"}],"replies":[{"embeddable":true,"href":"https:\/\/grandepremio.com\/br\/wp-json\/wp\/v2\/comments?post=114036"}],"version-history":[{"count":0,"href":"https:\/\/grandepremio.com\/br\/wp-json\/wp\/v2\/posts\/114036\/revisions"}],"wp:featuredmedia":[{"embeddable":true,"href":"https:\/\/grandepremio.com\/br\/wp-json\/wp\/v2\/media\/1000515853"}],"wp:attachment":[{"href":"https:\/\/grandepremio.com\/br\/wp-json\/wp\/v2\/media?parent=114036"}],"wp:term":[{"taxonomy":"category","embeddable":true,"href":"https:\/\/grandepremio.com\/br\/wp-json\/wp\/v2\/categories?post=114036"},{"taxonomy":"post_tag","embeddable":true,"href":"https:\/\/grandepremio.com\/br\/wp-json\/wp\/v2\/tags?post=114036"},{"taxonomy":"42wp_author","embeddable":true,"href":"https:\/\/grandepremio.com\/br\/wp-json\/wp\/v2\/42wp_author?post=114036"}],"curies":[{"name":"wp","href":"https:\/\/api.w.org\/{rel}","templated":true}]}}