{"id":114040,"date":"2022-03-14T05:15:00","date_gmt":"2022-03-14T08:15:00","guid":{"rendered":"https:\/\/grandepremio.com\/br\/noticias\/otmar-szafnauer-conflito-dono-aston-martin\/"},"modified":"2022-03-14T14:44:17","modified_gmt":"2022-03-14T17:44:17","slug":"otmar-szafnauer-conflito-dono-aston-martin","status":"publish","type":"post","link":"https:\/\/grandepremio.com\/br\/f1\/otmar-szafnauer-conflito-dono-aston-martin\/","title":{"rendered":"Szafnauer cita conflito com dono da Aston Martin: \u201cN\u00e3o teve espa\u00e7o para dois papas\u201d"},"content":{"rendered":"\n<figure class=\"wp-block-embed is-type-video is-provider-youtube wp-block-embed-youtube wp-embed-aspect-16-9 wp-has-aspect-ratio\"><div class=\"wp-block-embed__wrapper\">\n<iframe loading=\"lazy\" title=\"F\u00d3RMULA 1 AO VIVO: O DIA 3 DA PR\u00c9-TEMPORADA NO BAHREIN | Briefing\" width=\"500\" height=\"281\" src=\"https:\/\/www.youtube.com\/embed\/awmd1Z3RImU?start=4620&amp;feature=oembed\" frameborder=\"0\" allow=\"accelerometer; autoplay; clipboard-write; encrypted-media; gyroscope; picture-in-picture; web-share\" referrerpolicy=\"strict-origin-when-cross-origin\" allowfullscreen><\/iframe>\n<\/div><figcaption>F\u00d3RMULA 1 AO VIVO: O DIA 3 DA PR\u00c9-TEMPORADA NO BAHREIN | Briefing<\/figcaption><\/figure>\n\n\n\n<p class=\"wp-block-paragraph\">Depois de <a href=\"https:\/\/www.grandepremio.com\/br\/f1\/noticias\/otmar-szafnauer-anima-alpine-saida-aston-martin-melhor-todo-mundo\/\" target=\"_blank\" rel=\"noreferrer noopener\">afirmar que a sa\u00edda da Aston Martin foi melhor para todo mundo<\/a>, Otmar Szafnauer deu mais detalhes sobre como era a gest\u00e3o da equipe brit\u00e2nica, comandada pelo bilion\u00e1rio empres\u00e1rio Lawrence Stroll. O hoje chefe de equipe da Alpine afirmou que tinha um \u00f3timo relacionamento com os integrantes do corpo t\u00e9cnico, mas sinalizou que havia uma disputa com o dono do time pela ger\u00eancia do grupo.<\/p>\n\n\n\n<p class=\"wp-block-paragraph\">Em janeiro deste ano, a Aston Martin surpreendeu ao anunciar a sa\u00edda do romeno-americano da chefia da equipe onde trabalhou por 12 anos \u2015 desde os tempos da Force India. Entretanto, durante os testes de pr\u00e9-temporada no Bahrein, Szafnauer declarou que a n\u00e3o perman\u00eancia na equipe foi ben\u00e9fica para ambos os lados, pois a disputa pelo comando da equipe aumentou desde a chegada de Stroll ao alto escal\u00e3o do grupo.<\/p>\n\n\n\n<p class=\"wp-block-paragraph\">\u201cUm amigo meu me disse: a Igreja Cat\u00f3lica s\u00f3 tem um papa. E quando voc\u00ea tem dois papas, n\u00e3o d\u00e1 certo. Ent\u00e3o acho que era hora de sair e deixar a Aston Martin para seu \u00fanico papa, e vou tentar ajudar a Alpine da melhor maneira poss\u00edvel\u201d, revelou em entrevista \u00e0 TV inglesa Sky Sports.<\/p>\n\n\n\n<p class=\"wp-block-paragraph\"><strong>\u25b6\ufe0f&nbsp;Inscreva-se nos dois canais do GRANDE PR\u00caMIO no YouTube:&nbsp;<a href=\"https:\/\/www.youtube.com\/channel\/UC9OlHEgxoaY6QY6nWPoiqQg?sub_confirmation=1\" target=\"_blank\" rel=\"noreferrer noopener\">GP<\/a>&nbsp;|&nbsp;<a href=\"https:\/\/www.youtube.com\/channel\/UC9csiS6q_C3C0FYhyr1rnFA?sub_confirmation=1\" target=\"_blank\" rel=\"noreferrer noopener\">GP2<\/a><\/strong><br><strong><a href=\"https:\/\/www.grandepremio.com\/br\/programacao-tv\/noticias\/corridas-fim-de-semana-tv-e-streaming-10-a-13-de-marco-programacao-tv\/\" target=\"_blank\" rel=\"noreferrer noopener\">\u25b6\ufe0fAs corridas do fim de semana na TV e no streaming: 10 a 13 de mar\u00e7o<\/a><\/strong><\/p>\n\n\n\n<figure class=\"wp-block-image size-large\"><img decoding=\"async\" src=\"https:\/\/www.grandepremio.com\/br\/wp-content\/uploads\/2021\/07\/GP2013_095951_J5A9163-1024x683.jpg\" alt=\"\" class=\"wp-image-491468\"\/><figcaption>Lawrence Stroll \u00e9 o dono da equipe brit\u00e2nica (Foto: Aston Martin)<\/figcaption><\/figure>\n\n\n\n<p class=\"wp-block-paragraph\"><strong>GUIA F\u00d3RMULA 1 2022<\/strong><br>#&nbsp;<strong><a href=\"https:\/\/www.grandepremio.com\/formula-1\/\" target=\"_blank\" rel=\"noreferrer noopener\">F\u00f3rmula 1<\/a><a href=\"https:\/\/www.grandepremio.com\/br\/f1\/noticias\/guia-2022-formula-1-revolucao-batalha-epica\/\">&nbsp;vive temporada de revolu\u00e7\u00e3o e torce por reedi\u00e7\u00e3o de batalha \u00e9pica<\/a><\/strong><br>#&nbsp;<strong><a href=\"https:\/\/www.grandepremio.com\/br\/f1\/noticias\/guia-2022-max-verstappen-experiente-campeao-formula-1\/\">Ca\u00e7ador experiente, campe\u00e3o Verstappen passa a ser maior das ca\u00e7as da F1<\/a><\/strong><br>#&nbsp;<strong><a href=\"https:\/\/www.grandepremio.com\/br\/f1\/noticias\/guia-2022-lewis-hamilton-melhor-versao-revanche-formula-1\/\">Desafiante e mordido, Hamilton vai atr\u00e1s de melhor vers\u00e3o em revanche na F1<\/a><\/strong><br>#&nbsp;<strong><a href=\"https:\/\/www.grandepremio.com\/br\/f1\/noticias\/guia-2022-novo-regulamento-veteranos-grid-formula-1\/\">Novo regulamento vira prato cheio para chance de ouro de veteranos do grid da F1<\/a><\/strong><\/p>\n\n\n\n<p class=\"wp-block-paragraph\">Mesmo com a estremecida rela\u00e7\u00e3o com o dono da equipe, o romeno tem orgulho de ter sido o respons\u00e1vel direto pela montagem do corpo t\u00e9cnico da Aston Martin e exaltou o relacionamento positivo constru\u00eddo com os profissionais, desde os tempos de Force India.<\/p>\n\n\n\n<p class=\"wp-block-paragraph\">\u201cTenho um \u00f3timo relacionamento com os homens e mulheres de Silverstone\u201d, enalteceu. \u201cNos 12 anos em que estive por l\u00e1, mais que dobrei o tamanho daquele time. Muitas das pessoas que foram contratadas quando eu estava l\u00e1 n\u00e3o foram escolhidas a dedo, mas eu ajudei a contrat\u00e1-las e recrut\u00e1-las de outras equipes, com o objetivo de montar o grupo. Funcionou e deu certo\u201d, completou.<\/p>\n\n\n\n<p class=\"wp-block-paragraph\">Mas agora o foco de Szafnauer est\u00e1 na Alpine. O chefe de equipe est\u00e1 debru\u00e7ado com os integrantes do time franc\u00eas para melhor aprender e desenvolver o novo carro para a temporada 2022.<\/p>\n\n\n\n<p class=\"wp-block-paragraph\">\u201cH\u00e1 um grande potencial, pessoas com a mesma opini\u00e3o, seguindo a mesma dire\u00e7\u00e3o e querendo se sair bem. Eles t\u00eam uma \u00f3tima hist\u00f3ria aqui. Eles venceram antes, t\u00eam uma boa infraestrutura, ent\u00e3o estou realmente ansioso para trabalhar com eles\u201d, destacou em entrevista coletiva no Sakhir.<\/p>\n\n\n\n<p class=\"wp-block-paragraph\"><strong>Leia tamb\u00e9m<\/strong><\/p>\n\n\n\n<p class=\"wp-block-paragraph\"><strong><a href=\"https:\/\/www.grandepremio.com\/br\/f1\/noticias\/max-verstappen-debocha-discurso-inferioridade-mercedes-sempre-assim\/\" target=\"_blank\" rel=\"noreferrer noopener\">+Verstappen debocha de discurso de inferioridade da Mercedes: \u201c\u00c9 sempre assim\u201d<\/a><\/strong><br><strong><a href=\"https:\/\/www.grandepremio.com\/br\/f1\/noticias\/mclaren-tom-pessimista-testes-nao-sairam-como-planejado\/\" target=\"_blank\" rel=\"noreferrer noopener\">+McLaren adota tom pessimista e diz que testes no Bahrein \u201cn\u00e3o sa\u00edram como planejado\u201d<\/a><\/strong><\/p>\n\n\n\n<p class=\"wp-block-paragraph\">Em tr\u00eas dias de testes de pr\u00e9-temporada no Bahrein, a Alpine completou 299 voltas, desempenho superior em compara\u00e7\u00e3o \u00e0 prepara\u00e7\u00e3o em Barcelona, quando o carro azul e rosa acumulou 266 giros no Circuito de Montmel\u00f3. O otimismo de Szafnauer fica mais justific\u00e1vel com a performance de Fernando Alonso, que ficou com o quarto melhor tempo da semana na pista bareinita.<\/p>\n\n\n\n<p class=\"wp-block-paragraph\">A temporada 2022 da F\u00f3rmula 1 tem in\u00edcio no pr\u00f3ximo domingo (20), com a primeira etapa realizada tamb\u00e9m no Bahrein.<\/p>\n\n\n\n<figure class=\"wp-block-embed is-type-video is-provider-youtube wp-block-embed-youtube wp-embed-aspect-16-9 wp-has-aspect-ratio\"><div class=\"wp-block-embed__wrapper\">\n<iframe loading=\"lazy\" title=\"SIDEPODS DA MERCEDES W13: BURRADA OU JOGADA DE MESTRE NA F\u00d3RMULA 1?\" width=\"500\" height=\"281\" src=\"https:\/\/www.youtube.com\/embed\/ZYO-68_-P_0?start=3&amp;feature=oembed\" frameborder=\"0\" allow=\"accelerometer; autoplay; clipboard-write; encrypted-media; gyroscope; picture-in-picture; web-share\" referrerpolicy=\"strict-origin-when-cross-origin\" allowfullscreen><\/iframe>\n<\/div><figcaption>SIDEPODS DA MERCEDES W13: BURRADA OU JOGADA DE MESTRE NA F\u00d3RMULA 1?<\/figcaption><\/figure>\n","protected":false},"excerpt":{"rendered":"<p>Otmar Szafnauer, chefe da Alpine, deu mostras de que a rela\u00e7\u00e3o com o bilion\u00e1rio Lawrence Stroll, propriet\u00e1rio da Aston Martin, n\u00e3o era das melhores no fim de sua longa passagem<\/p>\n","protected":false},"author":0,"featured_media":1000450471,"comment_status":"closed","ping_status":"closed","sticky":false,"template":"","format":"standard","meta":{"42wp_featured_image_caption":"","42wp_featured_image_credits":"","42wp_featured_video":"","42wp_featured_image_hidden":false,"42wp_authors_list":[],"footnotes":""},"categories":[2],"tags":[20491,309,24837,31064,28285,454,477,30509],"42wp_author":[47145],"class_list":["post-114040","post","type-post","status-publish","format-standard","has-post-thumbnail","hentry","category-f1","tag-alpine","tag-aston-martin","tag-formula-1-2","tag-formula-1-2022-3","tag-grandepremio","tag-lawrence-stroll","tag-otmar-szafnauer","tag-temporada-2022-formula-1","42wp_author-alessandro-pinheiro"],"_links":{"self":[{"href":"https:\/\/grandepremio.com\/br\/wp-json\/wp\/v2\/posts\/114040","targetHints":{"allow":["GET"]}}],"collection":[{"href":"https:\/\/grandepremio.com\/br\/wp-json\/wp\/v2\/posts"}],"about":[{"href":"https:\/\/grandepremio.com\/br\/wp-json\/wp\/v2\/types\/post"}],"replies":[{"embeddable":true,"href":"https:\/\/grandepremio.com\/br\/wp-json\/wp\/v2\/comments?post=114040"}],"version-history":[{"count":0,"href":"https:\/\/grandepremio.com\/br\/wp-json\/wp\/v2\/posts\/114040\/revisions"}],"wp:featuredmedia":[{"embeddable":true,"href":"https:\/\/grandepremio.com\/br\/wp-json\/wp\/v2\/media\/1000450471"}],"wp:attachment":[{"href":"https:\/\/grandepremio.com\/br\/wp-json\/wp\/v2\/media?parent=114040"}],"wp:term":[{"taxonomy":"category","embeddable":true,"href":"https:\/\/grandepremio.com\/br\/wp-json\/wp\/v2\/categories?post=114040"},{"taxonomy":"post_tag","embeddable":true,"href":"https:\/\/grandepremio.com\/br\/wp-json\/wp\/v2\/tags?post=114040"},{"taxonomy":"42wp_author","embeddable":true,"href":"https:\/\/grandepremio.com\/br\/wp-json\/wp\/v2\/42wp_author?post=114040"}],"curies":[{"name":"wp","href":"https:\/\/api.w.org\/{rel}","templated":true}]}}