{"id":114042,"date":"2022-03-14T04:45:10","date_gmt":"2022-03-14T07:45:10","guid":{"rendered":"https:\/\/grandepremio.com\/br\/noticias\/guia-2022-novo-regulamento-veteranos-grid-formula-1\/"},"modified":"2022-03-14T14:33:47","modified_gmt":"2022-03-14T17:33:47","slug":"guia-2022-novo-regulamento-veteranos-grid-formula-1","status":"publish","type":"post","link":"https:\/\/grandepremio.com\/br\/f1\/guia-2022-novo-regulamento-veteranos-grid-formula-1\/","title":{"rendered":"GUIA 2022: Novo regulamento vira prato cheio para chance de ouro de veteranos do grid da F1"},"content":{"rendered":"\n<p class=\"wp-block-paragraph\">A F\u00f3rmula 1 parte para uma nova era em 2022, com carros totalmente remodelados com a volta do efeito solo, conceito aerodin\u00e2mico que foi introduzido no Mundial pela primeira vez no fim dos anos de 1970. E todas as altera\u00e7\u00f5es previstas pelas regras se mostraram um desafio para as equipes, para a criatividade dos projetistas e para a performance. Portanto, a experi\u00eancia dos pilotos ser\u00e1 fundamental para o desenvolvimento dos carros e a adapta\u00e7\u00e3o ao novo regulamento. O que \u00e9 uma oportunidade de ouro para que os veteranos do grid brilhem a partir deste fim de semana, no Bahrein. \u00a0<\/p>\n\n\n\n<p class=\"wp-block-paragraph\">Os campe\u00f5es Fernando Alonso e Sebastian Vettel aparecem na ponta da lista dos mais experientes, porque s\u00e3o aqueles que devem liderar o trabalho de compreens\u00e3o dos novos carros em suas equipes. Ambos perseguem o objetivo de voltar a vencer. O espanhol, por exemplo, decidiu retornar \u00e0 F1 por causa da mudan\u00e7a nas regras. J\u00e1 o piloto da Aston Martin busca ainda a reden\u00e7\u00e3o. Al\u00e9m deles, h\u00e1 outros nomes, pilotos que conhecem o caminho da vit\u00f3ria e que n\u00e3o pretendem desperdi\u00e7ar a possibilidade de um recome\u00e7o. <\/p>\n\n\n\n<p class=\"wp-block-paragraph\">Duas vezes campe\u00e3o do mundo, Alonso \u00e9 o piloto com mais tempo de grid e, nesta temporada, tem a chance de quebrar o recorde de Kimi R\u00e4ikk\u00f6nen de mais corridas na F\u00f3rmula 1. O espanhol tem 336 GPs disputados, contra 353 do finland\u00eas, mas, com 22 provas no calend\u00e1rio, deve assumir a dianteira do ranking. <a href=\"https:\/\/www.grandepremio.com\/br\/f1\/noticias\/fernando-alonso-ve-f1-atual-menos-exigente-insiste-vantagem-ser-mais-velho-grid\/\">A experi\u00eancia \u00e9 uma grande vantagem<\/a> na cabe\u00e7a do piloto da Alpine.<\/p>\n\n\n\n<p class=\"wp-block-paragraph\"><strong>GUIA F\u00d3RMULA 1 2022<\/strong><br>#&nbsp;<strong><a href=\"https:\/\/www.grandepremio.com\/formula-1\/\" target=\"_blank\" rel=\"noreferrer noopener\">F\u00f3rmula 1<\/a><a href=\"https:\/\/www.grandepremio.com\/br\/f1\/noticias\/guia-2022-formula-1-revolucao-batalha-epica\/\">&nbsp;vive temporada de revolu\u00e7\u00e3o e torce por reedi\u00e7\u00e3o de batalha \u00e9pica<\/a><\/strong><br>#&nbsp;<strong><a href=\"https:\/\/www.grandepremio.com\/br\/f1\/noticias\/guia-2022-max-verstappen-experiente-campeao-formula-1\/\">Ca\u00e7ador experiente, campe\u00e3o Verstappen passa a ser maior das ca\u00e7as da F1<\/a><\/strong><br>#&nbsp;<strong><a href=\"https:\/\/www.grandepremio.com\/br\/f1\/noticias\/guia-2022-lewis-hamilton-melhor-versao-revanche-formula-1\/\">Desafiante e mordido, Hamilton vai atr\u00e1s de melhor vers\u00e3o em revanche na F1<\/a><\/strong><\/p>\n\n\n\n<figure class=\"wp-block-image size-large\"><img decoding=\"async\" src=\"https:\/\/www.grandepremio.com\/br\/wp-content\/uploads\/2022\/03\/000_324V34E-1024x683.jpg\" alt=\"\" class=\"wp-image-547335\"\/><figcaption>Fernando Alonso durante os testes de pr\u00e9-temporada no Bahrein (Foto: AFP)<\/figcaption><\/figure>\n\n\n\n<p class=\"wp-block-paragraph\">Mas o Pr\u00edncipe das Ast\u00farias n\u00e3o voltou ao grid para acumular n\u00fameros de corridas: Alonso <a href=\"https:\/\/www.grandepremio.com\/br\/f1\/noticias\/fernando-alonso-celebra-inicio-nova-era-formula-1-voltei-causa-regulamento\/\">mirava justamente a mudan\u00e7a de regulamento<\/a> e um campeonato mais competitivo, no qual possa brigar por mais p\u00f3dios, como o conquistado no Catar no final de 2021. A expectativa para a Alpine n\u00e3o \u00e9 de brigar na frente, mas um resultado pior do que o quinto lugar do ano passado seria extremamente frustrante.<\/p>\n\n\n\n<p class=\"wp-block-paragraph\">Al\u00e9m da mudan\u00e7a nos carros, <a href=\"https:\/\/www.grandepremio.com\/br\/f1\/noticias\/fernando-alonso-cita-experiencia-como-vantagem-e-ve-alpine-mais-preparada-do-que-em-2021\/\">o espanhol tamb\u00e9m mostrou empolga\u00e7\u00e3o com o teto de gastos<\/a>, que busca igualar as equipes no \u00e2mbito financeiro. Para Fernando, a temporada de 2022 ser\u00e1 a realiza\u00e7\u00e3o do desejo de participar de uma F\u00f3rmula 1 mais igualit\u00e1ria, e, aos 40 anos, parece que competir se tornou mais importante do que necessariamente vencer.<\/p>\n\n\n\n<p class=\"wp-block-paragraph\">Assim como a Alpine, <a href=\"https:\/\/www.grandepremio.com\/br\/f1\/noticias\/sebastian-vettel-elogia-ambicoes-2022-aston-martin-como-segundo-ano-plano-cinco\/\">a Aston Martin tamb\u00e9m tem um plano de brigar no topo dentro de cinco anos<\/a>. E tamb\u00e9m conta com seu pr\u00f3prio veterano para ajudar na miss\u00e3o. O ano de 2021 n\u00e3o foi o melhor para a equipe inglesa e para o alem\u00e3o, que <a href=\"https:\/\/www.grandepremio.com\/br\/f1\/noticias\/sebastian-vettel-elogia-otima-aston-martin-admite-esperava-mais-f1-2021\/\">se mostrou decepcionado em seu primeiro ano no time<\/a>, ainda que tenha conquistado um p\u00f3dio em Baku. Mesmo aos 34 anos, Vettel <a href=\"https:\/\/www.grandepremio.com\/br\/f1\/noticias\/sebastian-vettel-elogia-espirito-aston-martin-traca-objetivos-futuro-podios-vitorias\/\">n\u00e3o perdeu a vontade de vencer e brigar na frente<\/a>, e, com o novo regulamento, sabe que sonhar n\u00e3o faz mal a ningu\u00e9m.<\/p>\n\n\n\n<figure class=\"wp-block-image size-large\"><img decoding=\"async\" src=\"https:\/\/www.grandepremio.com\/br\/wp-content\/uploads\/2022\/02\/Sebastian-Vettel-1024x863.jpg\" alt=\"\" class=\"wp-image-540249\"\/><figcaption>Aston Martin almeja entregar carro competitivo para Sebastian Vettell (Foto: Aston Martin)<\/figcaption><\/figure>\n\n\n\n<p class=\"wp-block-paragraph\">Por mais que tenha grandes ambi\u00e7\u00f5es, o ex-piloto de Ferrari e Red Bull sabe que a realidade deve ser outra. A motiva\u00e7\u00e3o de Vettel em 2022 \u00e9 ajudar a Aston Martin a continuar progredindo, colaborar com os grandes planos da equipe de Lawrence Stroll e, quem sabe, beliscar uma vit\u00f3ria semelhante \u00e0 de Daniel Ricciardo em Monza.<\/p>\n\n\n\n<p class=\"wp-block-paragraph\">Falando da McLaren, o australiano teve dificuldades por boa parte de 2021, \u00e9 verdade, mas o triunfo com direito a dobradinha na It\u00e1lia serviu para comprovar que, mesmo aos 32 anos, Ricciardo continua sendo um dos pilotos mais talentosos do grid. A<a href=\"https:\/\/www.grandepremio.com\/br\/f1\/noticias\/daniel-ricciardo-ve-melhor-momento-da-carreira-em-vitoria-no-gp-da-italia-pela-mclaren\/\"> vit\u00f3ria, que ele mesmo elegeu como seu maior momento na carreira<\/a>, \u00e9 o maior exemplo da habilidade e da velocidade do homem de Perth. <\/p>\n\n\n\n<p class=\"wp-block-paragraph\">&nbsp;<strong>\u25b6\ufe0f Inscreva-se nos dois canais do GRANDE PR\u00caMIO no YouTube: <a href=\"https:\/\/www.youtube.com\/channel\/UC9OlHEgxoaY6QY6nWPoiqQg?sub_confirmation=1\">GP<\/a> | <a href=\"https:\/\/www.youtube.com\/channel\/UC9csiS6q_C3C0FYhyr1rnFA?sub_confirmation=1\">GP2<\/a><\/strong><\/p>\n\n\n\n<figure class=\"wp-block-image size-large\"><img decoding=\"async\" src=\"https:\/\/www.grandepremio.com\/br\/wp-content\/uploads\/2021\/09\/E_F9KJNWUAMlYV4-e1631461045561-1024x693.jpg\" alt=\"DANIEL RICCIARDO; MCLAREN; GP DA IT\u00c1LIA; MONZA; F\u00d3RMULA 1;\" class=\"wp-image-508494\"\/><figcaption>Daniel Ricciardo: o grande vencedor do GP da It\u00e1lia (Foto: McLaren)<\/figcaption><\/figure>\n\n\n\n<p class=\"wp-block-paragraph\">Tanto que o triunfo aconteceu no ano mais dif\u00edcil da carreira, mas que <a href=\"https:\/\/www.grandepremio.com\/br\/f1\/noticias\/daniel-ricciardo-destaca-vitoria-em-ano-mais-dificil-como-fator-para-continuar-na-mclaren\/\">depositou confian\u00e7a na McLaren<\/a>, que vem em uma linha crescente no grid. No entanto, a discrep\u00e2ncia em rela\u00e7\u00e3o ao companheiro de equipe, o jovem Lando Norris, com certeza abalou Daniel. Foram 45 pontos de diferen\u00e7a entre os dois, algo que Ricciardo tem de mudar em 2022, se quiser permanecer na posi\u00e7\u00e3o que est\u00e1 dentro da equipe brit\u00e2nica.<\/p>\n\n\n\n<p class=\"wp-block-paragraph\">Com um novo regulamento, a adapta\u00e7\u00e3o n\u00e3o deve fazer tanta diferen\u00e7a, <a href=\"https:\/\/www.grandepremio.com\/br\/f1\/noticias\/daniel-ricciardo-testa-positivo-para-covid-19-fica-fora-pre-temporada-bahrein\/\">mas perder a pr\u00e9-temporada no Bahrein por conta da Covid-19<\/a> com certeza deixa o ex-piloto da Red Bull um passo atr\u00e1s de Norris. Caso o time de Woking consiga manter a curva de crescimento na F\u00f3rmula 1, a expectativa \u00e9 que Daniel sofra menos e consiga brigar por p\u00f3dios ao lado de seu companheiro de garagem.<\/p>\n\n\n\n<p class=\"wp-block-paragraph\">O pior panorama dentre os trint\u00f5es da F\u00f3rmula 1 \u00e9 o de Valtteri Bottas. Depois de cinco temporadas com a Mercedes, o finland\u00eas teve de deixar a multicampe\u00e3 e acertou com a Alfa Romeo, o que representou um choque de realidade. A equipe italiana teve muitos problemas durante a pr\u00e9-temporada e \u00e9 bem plaus\u00edvel que brigue nas \u00faltimas posi\u00e7\u00f5es do grid.<\/p>\n\n\n\n<figure class=\"wp-block-image size-large\"><img decoding=\"async\" src=\"https:\/\/www.grandepremio.com\/br\/wp-content\/uploads\/2022\/03\/alfaromeo-valtteribottas-04-1024x683.jpg\" alt=\"\" class=\"wp-image-547977\"\/><figcaption>Valtteri Bottas est\u00e1 empolgado com fun\u00e7\u00e3o de l\u00edder na Alfa Romeo (Foto: Alfa Romeo)<\/figcaption><\/figure>\n\n\n\n<p class=\"wp-block-paragraph\">Ainda assim, Bottas est\u00e1 <a href=\"https:\/\/www.grandepremio.com\/br\/f1\/noticias\/valtteri-bottas-admite-grande-responsabilidade-liderar-grande-heranca-alfa-romeo\/\">animado com o novo desafio e a responsabilidade de liderar uma equipe pela primeira vez<\/a>. N\u00e3o ter a sombra de Lewis Hamilton com certeza ajudar\u00e1, e o piloto de 32 anos acredita que poder\u00e1 <a href=\"https:\/\/www.grandepremio.com\/br\/f1\/noticias\/valtteri-bottas-garante-pode-ser-a-melhor-versao-de-si-alfa-romeo-2022-formula-1\/\">mostrar sua melhor vers\u00e3o na nova equipe<\/a>.<\/p>\n\n\n\n<p class=\"wp-block-paragraph\">Valtteri tamb\u00e9m ter\u00e1 o papel de ajudar o \u00fanico novato do grid em 2022, o chin\u00eas Guanyu Zhou, que j\u00e1 revelou que <a href=\"https:\/\/www.grandepremio.com\/br\/f1\/noticias\/guanyu-zhou-ve-valtteri-bottas-como-grande-referencia-estreia-poucos-pilotos-superam-lewis-hamilton\/\">v\u00ea o finland\u00eas como uma inspira\u00e7\u00e3o<\/a>. A temporada ser\u00e1 importante n\u00e3o apenas para confirmar sua experi\u00eancia fora das pistas, mas tamb\u00e9m para mostrar que Bottas ainda pode entregar bons resultados dentro dela.<\/p>\n\n\n\n<p class=\"wp-block-paragraph\">Em realidades e equipes distintas, os quatro veteranos s\u00e3o alguns dos grandes personagens da nova era da F\u00f3rmula 1, que come\u00e7a no pr\u00f3ximo domingo (20) com o GP do Bahrein.<\/p>\n\n\n\n<p class=\"wp-block-paragraph\"><strong>LEIA TAMB\u00c9M<br><a href=\"https:\/\/www.grandepremio.com\/br\/f1\/noticias\/red-bull-ferrari-mercedes-dia-final-testes-formula-1-bahrein\/\">+Red Bull aparece, Ferrari brilha e Mercedes corre atr\u00e1s em dia final de testes no Bahrein<\/a><br><a href=\"https:\/\/www.grandepremio.com\/br\/f1\/noticias\/max-verstappen-veloz-mercedes-maratonista-numeros-testes-f1-bahrein\/\">+Verstappen mais veloz, Mercedes mais maratonista: os n\u00fameros dos testes no Bahrein<\/a><\/strong><\/p>\n","protected":false},"excerpt":{"rendered":"<p>Sebastian Vettel, Fernando Alonso, Daniel Ricciardo e Valtteri Bottas t\u00eam experi\u00eancia como trunfo para obter sucesso na nova era da categoria<\/p>\n","protected":false},"author":0,"featured_media":1000544074,"comment_status":"closed","ping_status":"closed","sticky":false,"template":"","format":"standard","meta":{"42wp_featured_image_caption":"","42wp_featured_image_credits":"","42wp_featured_video":"","42wp_featured_image_hidden":false,"42wp_authors_list":[],"footnotes":""},"categories":[2],"tags":[457,20491,309,211,147,1357,176,24837,31064,90,210,612],"42wp_author":[47144],"class_list":["post-114042","post","type-post","status-publish","format-standard","has-post-thumbnail","hentry","category-f1","tag-alfa-romeo","tag-alpine","tag-aston-martin","tag-daniel-ricciardo","tag-f1","tag-f1-2022","tag-fernando-alonso","tag-formula-1-2","tag-formula-1-2022-3","tag-mclaren","tag-sebastian-vettel","tag-valtteri-bottas","42wp_author-andre-netto"],"_links":{"self":[{"href":"https:\/\/grandepremio.com\/br\/wp-json\/wp\/v2\/posts\/114042","targetHints":{"allow":["GET"]}}],"collection":[{"href":"https:\/\/grandepremio.com\/br\/wp-json\/wp\/v2\/posts"}],"about":[{"href":"https:\/\/grandepremio.com\/br\/wp-json\/wp\/v2\/types\/post"}],"replies":[{"embeddable":true,"href":"https:\/\/grandepremio.com\/br\/wp-json\/wp\/v2\/comments?post=114042"}],"version-history":[{"count":0,"href":"https:\/\/grandepremio.com\/br\/wp-json\/wp\/v2\/posts\/114042\/revisions"}],"wp:featuredmedia":[{"embeddable":true,"href":"https:\/\/grandepremio.com\/br\/wp-json\/wp\/v2\/media\/1000544074"}],"wp:attachment":[{"href":"https:\/\/grandepremio.com\/br\/wp-json\/wp\/v2\/media?parent=114042"}],"wp:term":[{"taxonomy":"category","embeddable":true,"href":"https:\/\/grandepremio.com\/br\/wp-json\/wp\/v2\/categories?post=114042"},{"taxonomy":"post_tag","embeddable":true,"href":"https:\/\/grandepremio.com\/br\/wp-json\/wp\/v2\/tags?post=114042"},{"taxonomy":"42wp_author","embeddable":true,"href":"https:\/\/grandepremio.com\/br\/wp-json\/wp\/v2\/42wp_author?post=114042"}],"curies":[{"name":"wp","href":"https:\/\/api.w.org\/{rel}","templated":true}]}}