{"id":114070,"date":"2022-03-12T10:04:57","date_gmt":"2022-03-12T13:04:57","guid":{"rendered":"https:\/\/grandepremio.com\/br\/noticias\/lewis-hamilton-mercedes-formula-1-2022\/"},"modified":"2022-03-12T11:16:07","modified_gmt":"2022-03-12T14:16:07","slug":"lewis-hamilton-mercedes-formula-1-2022","status":"publish","type":"post","link":"https:\/\/grandepremio.com\/br\/f1\/lewis-hamilton-mercedes-formula-1-2022\/","title":{"rendered":"Hamilton diz que Mercedes &#8220;n\u00e3o vai competir por vit\u00f3rias&#8221; no come\u00e7o da F1 2022"},"content":{"rendered":"\n<figure class=\"wp-block-embed is-type-video is-provider-youtube wp-block-embed-youtube wp-embed-aspect-16-9 wp-has-aspect-ratio\"><div class=\"wp-block-embed__wrapper\">\n<iframe loading=\"lazy\" title=\"DESEMPOLGOU: WILLIAMS FINALMENTE APRESENTA PROBLEMAS NA F\u00d3RMULA 1 2022. E AGORA?\" width=\"500\" height=\"281\" src=\"https:\/\/www.youtube.com\/embed\/qqXq3LuJu34?feature=oembed\" frameborder=\"0\" allow=\"accelerometer; autoplay; clipboard-write; encrypted-media; gyroscope; picture-in-picture; web-share\" referrerpolicy=\"strict-origin-when-cross-origin\" allowfullscreen><\/iframe>\n<\/div><figcaption>DESEMPOLGOU: WILLIAMS FINALMENTE APRESENTA PROBLEMAS NA F\u00d3RMULA 1 2022. E AGORA?<\/figcaption><\/figure>\n\n\n\n<p class=\"wp-block-paragraph\">Lewis Hamilton foi enf\u00e1tico em, mais uma vez, afirmar que a Mercedes n\u00e3o est\u00e1 na melhor das posi\u00e7\u00f5es para o come\u00e7o da temporada de 2022 da F\u00f3rmula 1. Depois de reclamar dos quiques no carro e <a href=\"https:\/\/www.grandepremio.com\/br\/f1\/noticias\/lewis-hamilton-chacoalhar-mercedes-nao-domou-carro\/\">admitir que a equipe alem\u00e3 ainda &#8220;n\u00e3o domou&#8221; o W13<\/a>, o heptacampe\u00e3o mundial voltou a lidar com problemas no b\u00f3lido do time <a href=\"https:\/\/www.grandepremio.com\/br\/f1\/noticias\/sergio-perez-rb18-lidera-sessao-bahrein\/\">na primeira sess\u00e3o do \u00faltimo dia de testes no Bahrein<\/a>, e logo fez quest\u00e3o de reafirmar que a Mercedes est\u00e1 atr\u00e1s das rivais neste in\u00edcio de ano.<\/p>\n\n\n\n<p class=\"wp-block-paragraph\">&#8220;No momento, n\u00e3o acho que vamos competir por vit\u00f3rias. Obviamente, semana que vem vamos melhorar a performance\u2026 mas as pessoas v\u00e3o se surpreender&#8221;, revelou o heptacampe\u00e3o mundial, em entrevista coletiva concedida no circuito de Sakhir, neste s\u00e1bado (12). &#8220;Ainda temos alguns problemas para resolver. Definitivamente n\u00e3o somos o carro mais r\u00e1pido no momento. A Ferrari parece a melhor. A Red Bull provavelmente est\u00e1 atr\u00e1s deles, ent\u00e3o n\u00f3s ou a McLaren. Mas definitivamente n\u00e3o estamos \u00e0 frente. As pessoas acham que estamos abaixando as expectativas, mas neste ano \u00e9 diferente&#8221;, detalhou.<\/p>\n\n\n\n<p class=\"wp-block-paragraph\"><strong>\u25b6\ufe0f&nbsp;Inscreva-se nos dois canais do GRANDE PR\u00caMIO no YouTube:&nbsp;<a href=\"https:\/\/www.youtube.com\/channel\/UC9OlHEgxoaY6QY6nWPoiqQg?sub_confirmation=1\" target=\"_blank\" rel=\"noreferrer noopener\">GP<\/a>&nbsp;|&nbsp;<a href=\"https:\/\/www.youtube.com\/channel\/UC9csiS6q_C3C0FYhyr1rnFA?sub_confirmation=1\" target=\"_blank\" rel=\"noreferrer noopener\">GP2<\/a><\/strong><\/p>\n\n\n\n<figure class=\"wp-block-image size-large\"><img decoding=\"async\" src=\"https:\/\/www.grandepremio.com\/br\/wp-content\/uploads\/2022\/03\/000_324Z2PK-1-1024x683.jpg\" alt=\"\" class=\"wp-image-547724\"\/><figcaption>Hamilton lidou com problemas no Bahrein (Foto: Giuseppe Cacace\/AFP)<\/figcaption><\/figure>\n\n\n\n<p class=\"wp-block-paragraph\">Essa n\u00e3o foi a primeira vez que Hamilton diminuiu as expectativas da equipe alem\u00e3 para a temporada de 2022. Logo ap\u00f3s os testes de pr\u00e9-temporada em Barcelona, mesmo com a primeira posi\u00e7\u00e3o na sess\u00e3o que fechou os trabalhos na Catalunha, o brit\u00e2nico <a href=\"https:\/\/www.grandepremio.com\/br\/f1\/noticias\/lewis-hamilton-diz-ser-muito-cedo-para-previsao-e-ve-obstaculos-a-superar-na-mercedes\/\">disse que viu &#8220;obst\u00e1culos a superar&#8221; no time<\/a> e desabafou que a Mercedes n\u00e3o teve o mais suave dos desempenhos.<\/p>\n\n\n\n<p class=\"wp-block-paragraph\">As declara\u00e7\u00f5es enchendo a bola da Ferrari tamb\u00e9m n\u00e3o s\u00e3o novidade. O piloto de 37 anos j\u00e1 indicou que o time de Maranello pode ter achado boas solu\u00e7\u00f5es ao focar totalmente no desenvolvimento do carro de 2022 durante a temporada passada. \u201cMas isso significa que eles est\u00e3o meses \u00e0 frente? Algum time est\u00e1 meses \u00e0 frente de todo mundo? Temos que esperar para ver\u201d, disse.<\/p>\n\n\n\n<figure class=\"wp-block-video\"><video class=\"video-js vjs-big-play-centered\" data-gp-vjs=\"1\" controls src=\"https:\/\/www.grandepremio.com\/br\/wp-content\/uploads\/2022\/03\/Ferrari_salto_porpoising.mp4\"><\/video><figcaption>Ferrari continua sofrendo com o porpoising nas retas no Bahrein (V\u00eddeo: F1 TV)<\/figcaption><\/figure>\n\n\n\n<p class=\"wp-block-paragraph\">Carlos Sainz, por sua vez, apontou que <a href=\"https:\/\/www.grandepremio.com\/br\/f1\/noticias\/carlos-sainz-elogios-mercedes-ferrari\/\">tais elogios s\u00e3o parte de uma estrat\u00e9gia da equipe alem\u00e3, afirmando que \u00e9 um &#8220;modus operandi&#8221; intencional dos rivais<\/a>. Dessa vez, Hamilton jura que n\u00e3o. E agora, o heptacampe\u00e3o preferiu enfocar o que a Mercedes pode fazer para melhorar &#8211; e r\u00e1pido &#8211; sua performance, citando as mudan\u00e7as que o W13 teve que passar para se adequar ao novo regulamento t\u00e9cnico da categoria.<\/p>\n\n\n\n<p class=\"wp-block-paragraph\">&#8220;[O carro] Parece muito diferente agora do que no ano passado. Acho que n\u00e3o estamos t\u00e3o bem posicionados. Os desafios s\u00e3o muito maiores agora, n\u00e3o podem ser resolvidos em uma semana. Me disseram que ainda temos muito tempo de volta para encontrar&#8221;, analisou Hamilton, que travou interessante batalha de ultrapassagens com Pierre Gasly, na primeira sess\u00e3o de testes do dia 3 no Bahrein, durante algumas voltas. &#8220;O positivo, at\u00e9 aqui, \u00e9 que seguir outros carros na pista me parece melhor, no que espero ser o caminho certo&#8221;, concluiu.<\/p>\n\n\n\n<p class=\"wp-block-paragraph\">Neste \u00faltimo dia de testes no Bahrein, o&nbsp;<strong>GRANDE PR\u00caMIO<\/strong>&nbsp;acompanha a cobertura da pr\u00e9-temporada da&nbsp;<a href=\"https:\/\/www.grandepremio.com\/formula-1\/\" target=\"_blank\" rel=\"noreferrer noopener\">F\u00f3rmula 1<\/a>&nbsp;em Sakhir&nbsp;<a href=\"https:\/\/www.grandepremio.com\/br\/ao-vivo\/f1\/testes-coletivos-f1-2022-bahrein-dia-3-ao-vivo-online-gratis-tempo-real-hoje\/\">AO VIVO e em&nbsp;<\/a><a href=\"https:\/\/www.grandepremio.com\/br\/ao-vivo\/\" target=\"_blank\" rel=\"noreferrer noopener\">TEMPO REAL<\/a>. A an\u00e1lise acontece no&nbsp;<a href=\"https:\/\/www.youtube.com\/c\/GrandePremioTV\/videos\">Briefing<\/a>&nbsp;assim que as atividades em pista acabarem.<\/p>\n\n\n\n<figure class=\"wp-block-video\"><video class=\"video-js vjs-big-play-centered\" data-gp-vjs=\"1\" controls src=\"https:\/\/www.grandepremio.com\/br\/wp-content\/uploads\/2022\/03\/PO2KDwbj7_U04-yO.mp4\"><\/video><figcaption>Sergio P\u00e9rez estreia novo RB18, com sidepods esculpidos e assoalho modificado (V\u00eddeo: Reprodu\u00e7\u00e3o\/DAZN)<\/figcaption><\/figure>\n","protected":false},"excerpt":{"rendered":"<p>Heptacampe\u00e3o mundial voltou a afirmar que equipe alem\u00e3 n\u00e3o est\u00e1 entre as melhores do grid nesse in\u00edcio de temporada e elegeu a Ferrari como time a ser batido<\/p>\n","protected":false},"author":0,"featured_media":1000547821,"comment_status":"closed","ping_status":"closed","sticky":false,"template":"","format":"standard","meta":{"42wp_featured_image_caption":"","42wp_featured_image_credits":"","42wp_featured_video":"","42wp_featured_image_hidden":false,"42wp_authors_list":[],"footnotes":""},"categories":[2],"tags":[147,1357,24837,24836,87,82,29224,30389],"42wp_author":[47143],"class_list":["post-114070","post","type-post","status-publish","format-standard","has-post-thumbnail","hentry","category-f1","tag-f1","tag-f1-2022","tag-formula-1-2","tag-grande-premio-2","tag-lewis-hamilton","tag-mercedes","tag-temporada-f1-2022","tag-w13","42wp_author-felipe-leite"],"_links":{"self":[{"href":"https:\/\/grandepremio.com\/br\/wp-json\/wp\/v2\/posts\/114070","targetHints":{"allow":["GET"]}}],"collection":[{"href":"https:\/\/grandepremio.com\/br\/wp-json\/wp\/v2\/posts"}],"about":[{"href":"https:\/\/grandepremio.com\/br\/wp-json\/wp\/v2\/types\/post"}],"replies":[{"embeddable":true,"href":"https:\/\/grandepremio.com\/br\/wp-json\/wp\/v2\/comments?post=114070"}],"version-history":[{"count":0,"href":"https:\/\/grandepremio.com\/br\/wp-json\/wp\/v2\/posts\/114070\/revisions"}],"wp:featuredmedia":[{"embeddable":true,"href":"https:\/\/grandepremio.com\/br\/wp-json\/wp\/v2\/media\/1000547821"}],"wp:attachment":[{"href":"https:\/\/grandepremio.com\/br\/wp-json\/wp\/v2\/media?parent=114070"}],"wp:term":[{"taxonomy":"category","embeddable":true,"href":"https:\/\/grandepremio.com\/br\/wp-json\/wp\/v2\/categories?post=114070"},{"taxonomy":"post_tag","embeddable":true,"href":"https:\/\/grandepremio.com\/br\/wp-json\/wp\/v2\/tags?post=114070"},{"taxonomy":"42wp_author","embeddable":true,"href":"https:\/\/grandepremio.com\/br\/wp-json\/wp\/v2\/42wp_author?post=114070"}],"curies":[{"name":"wp","href":"https:\/\/api.w.org\/{rel}","templated":true}]}}