{"id":114073,"date":"2022-03-12T09:18:09","date_gmt":"2022-03-12T12:18:09","guid":{"rendered":"https:\/\/grandepremio.com\/br\/noticias\/otmar-szafnauer-anima-alpine-saida-aston-martin-melhor-todo-mundo\/"},"modified":"2022-03-12T10:32:09","modified_gmt":"2022-03-12T13:32:09","slug":"otmar-szafnauer-anima-alpine-saida-aston-martin-melhor-todo-mundo","status":"publish","type":"post","link":"https:\/\/grandepremio.com\/br\/f1\/otmar-szafnauer-anima-alpine-saida-aston-martin-melhor-todo-mundo\/","title":{"rendered":"Szafnauer se anima com Alpine e diz que sa\u00edda da Aston Martin \u201cfoi melhor para todo mundo\u201d"},"content":{"rendered":"\n<figure class=\"wp-block-embed is-type-video is-provider-youtube wp-block-embed-youtube wp-embed-aspect-16-9 wp-has-aspect-ratio\"><div class=\"wp-block-embed__wrapper\">\n<iframe loading=\"lazy\" title=\"DESEMPOLGOU: WILLIAMS FINALMENTE APRESENTA PROBLEMAS NA F\u00d3RMULA 1 2022. E AGORA?\" width=\"500\" height=\"281\" src=\"https:\/\/www.youtube.com\/embed\/qqXq3LuJu34?feature=oembed\" frameborder=\"0\" allow=\"accelerometer; autoplay; clipboard-write; encrypted-media; gyroscope; picture-in-picture; web-share\" referrerpolicy=\"strict-origin-when-cross-origin\" allowfullscreen><\/iframe>\n<\/div><figcaption>DESEMPOLGOU: WILLIAMS FINALMENTE APRESENTA PROBLEMAS NA F\u00d3RMULA 1 2022. E AGORA?<\/figcaption><\/figure>\n\n\n\n<p class=\"wp-block-paragraph\">Otmar Szafnauer afirmou que a sa\u00edda da Aston Mart\u00edn foi \u201cmelhor para todo mundo\u201d. O romeno come\u00e7a em 2022 uma nova hist\u00f3ria na F\u00f3rmula 1, agora como chefe de equipe da Alpine.<\/p>\n\n\n\n<p class=\"wp-block-paragraph\">Em janeiro passado, a <a href=\"https:\/\/www.grandepremio.com\/br\/f1\/noticias\/aston-martin-surpreende-anuncia-saida-otmar-szafnauer-chefia-equipe-f1\/\">Aston Martin surpreendeu ao anunciar a sa\u00edda de Szafnauer da chefia da equipe<\/a> onde trabalhou por 12 anos \u2015 desde os tempos da Force India \u2015 e vinha ganhando espa\u00e7o desde a compra por Lawrence Stroll, pai de Lance.<\/p>\n\n\n\n<figure class=\"wp-block-image size-large\"><img decoding=\"async\" src=\"https:\/\/www.grandepremio.com\/br\/wp-content\/uploads\/2021\/02\/GP2016_153921_J5A9738-1024x683.jpg\" alt=\"\" class=\"wp-image-450472\"\/><figcaption>Otmar Szafnauer \u00e9 novo chefe da Alpine (Foto: Racing Point)<\/figcaption><\/figure>\n\n\n\n<p class=\"wp-block-paragraph\"><strong>\u25b6\ufe0f&nbsp;Inscreva-se nos dois canais do GRANDE PR\u00caMIO no YouTube:&nbsp;<a href=\"https:\/\/www.youtube.com\/channel\/UC9OlHEgxoaY6QY6nWPoiqQg?sub_confirmation=1\" target=\"_blank\" rel=\"noreferrer noopener\">GP<\/a>&nbsp;|&nbsp;<a href=\"https:\/\/www.youtube.com\/channel\/UC9csiS6q_C3C0FYhyr1rnFA?sub_confirmation=1\" target=\"_blank\" rel=\"noreferrer noopener\">GP2<\/a><\/strong><\/p>\n\n\n\n<p class=\"wp-block-paragraph\">A sa\u00edda surpreendeu ainda mais j\u00e1 que em novembro passado, durante a passagem da F\u00f3rmula 1 pelo Brasil, Otmar afirmou que tinha um contrato longo em vigor e n\u00e3o planejava deixar a equipe. Questionado sobre o que mudou desde ent\u00e3o, Szafnauer respondeu: \u201cO tempo passou\u201d.<\/p>\n\n\n\n<p class=\"wp-block-paragraph\">\u201cNaquele momento, eu n\u00e3o tinha inten\u00e7\u00e3o de sair. Mas o tempo passou, as coisas mudaram na Aston e eu achei que era melhor para todo mundo que eu procurasse outro lugar\u201d, explicou.<\/p>\n\n\n\n<p class=\"wp-block-paragraph\">Szafnauer teve um papel ativo na transi\u00e7\u00e3o de Force India para Racing Point ap\u00f3s o colapso financeiro da equipe, em 2018, quando Lawrence entrou em cena para bancar o neg\u00f3cio. Desde ent\u00e3o, por\u00e9m, a equipe foi rebatizada como Aston Martin, o que mudou ainda mais o ambiente, especialmente ap\u00f3s a chegada de Martin Whitmarsh, que assumiu como diretor executivo do grupo.<\/p>\n\n\n\n<p class=\"wp-block-paragraph\">Otmar, ent\u00e3o, migrou para a Alpine, que passou por uma grande reestrutura\u00e7\u00e3o com a sa\u00edda do ex-diretor executivo Marcin Budkowski.<\/p>\n\n\n\n<p class=\"wp-block-paragraph\">\u201cEstou realmente gostando. \u00c9 o meu sexto dia\u201d, comentou. \u201cPassei alguns dias na f\u00e1brica, tentei andar por l\u00e1 e conhecer o m\u00e1ximo de pessoas que pude em poucos dias. Fiquei agradavelmente surpreso em ver muitos rostos que conhecia do meu passado, seja da Honda, da BAR ou at\u00e9 da Force India. Sei como s\u00e3o as pessoas\u201d, continuou.<\/p>\n\n\n\n<p class=\"wp-block-paragraph\">\u201cH\u00e1 um grande potencial, pessoas com a mesma opini\u00e3o, seguindo a mesma dire\u00e7\u00e3o e querendo se sair bem. Eles t\u00eam uma \u00f3tima hist\u00f3ria aqui. Eles venceram antes, t\u00eam uma boa infraestrutura, ent\u00e3o estou realmente ansioso para trabalhar com eles\u201d, finalizou.<\/p>\n\n\n\n<p class=\"wp-block-paragraph\">A\u00a0<a href=\"https:\/\/www.grandepremio.com\/br\/equipe\/f1\/2020\/mercedes-amg-motorsport\/\" target=\"_blank\" rel=\"noreferrer noopener\">Mercedes<\/a>\u00a0continua na pista neste s\u00e1bado (12) para os dois \u00faltimos dias de testes de pr\u00e9-temporada no Bahrein. O\u00a0<strong>GRANDE PR\u00caMIO<\/strong>\u00a0acompanha a cobertura da pr\u00e9-temporada da\u00a0<a href=\"https:\/\/www.grandepremio.com\/formula-1\/\" target=\"_blank\" rel=\"noreferrer noopener\">F\u00f3rmula 1<\/a>\u00a0no Circuito de Sakhir\u00a0<a href=\"https:\/\/www.grandepremio.com\/br\/ao-vivo\/f1\/testes-coletivos-f1-2022-bahrein-dia-1-ao-vivo-online-gratis-tempo-real-hoje\/\">AO VIVO e em\u00a0<\/a><a href=\"https:\/\/www.grandepremio.com\/br\/ao-vivo\/\" target=\"_blank\" rel=\"noreferrer noopener\">TEMPO REAL<\/a>. A an\u00e1lise acontece no\u00a0<a href=\"https:\/\/www.youtube.com\/c\/GrandePremioTV\">Briefing<\/a>\u00a0assim que as atividades em pista acabarem.<\/p>\n\n\n\n<p class=\"wp-block-paragraph\"><strong>LEIA TAMB\u00c9M<\/strong><br><strong><a href=\"https:\/\/www.grandepremio.com\/br\/f1\/noticias\/christian-horner-legalidade-conceito-inovador-mercedes\/\" target=\"_blank\" rel=\"noreferrer noopener\">+Horner volta atr\u00e1s e v\u00ea legalidade em conceito \u201cmuito inovador\u201d da Mercedes<\/a><\/strong><br><strong><a href=\"https:\/\/www.grandepremio.com\/br\/f1\/noticias\/carlos-sainz-elogios-mercedes-ferrari\/\" target=\"_blank\" rel=\"noreferrer noopener\">+Sainz minimiza elogios da Mercedes: \u201cChegam na corrida e acabam com a competi\u00e7\u00e3o\u201d<\/a><\/strong><\/p>\n\n\n\n<figure class=\"wp-block-embed is-type-video is-provider-youtube wp-block-embed-youtube wp-embed-aspect-16-9 wp-has-aspect-ratio\"><div class=\"wp-block-embed__wrapper\">\n<iframe loading=\"lazy\" title=\"HORA DA VERDADE: QUAIS PILOTOS PODEM VENCER CORRIDAS NA F\u00d3RMULA 1 2022?\" width=\"500\" height=\"281\" src=\"https:\/\/www.youtube.com\/embed\/X6HDcluSe8E?feature=oembed\" frameborder=\"0\" allow=\"accelerometer; autoplay; clipboard-write; encrypted-media; gyroscope; picture-in-picture; web-share\" referrerpolicy=\"strict-origin-when-cross-origin\" allowfullscreen><\/iframe>\n<\/div><figcaption>HORA DA VERDADE: QUAIS PILOTOS PODEM VENCER CORRIDAS NA F\u00d3RMULA 1 2022?<\/figcaption><\/figure>\n","protected":false},"excerpt":{"rendered":"<p>Dirigente afirmou que, inicialmente, n\u00e3o tinha a inten\u00e7\u00e3o de deixar a Aston Martin, mas reconheceu que as coisas mudaram com o passar do tempo. Executivo est\u00e1 h\u00e1 menos de uma semana trabalhando com a Alpine<\/p>\n","protected":false},"author":0,"featured_media":1000547749,"comment_status":"closed","ping_status":"closed","sticky":false,"template":"","format":"standard","meta":{"42wp_featured_image_caption":"","42wp_featured_image_credits":"","42wp_featured_video":"","42wp_featured_image_hidden":false,"42wp_authors_list":[],"footnotes":""},"categories":[2],"tags":[20491,309,147,1357,24837,26841,30732,477],"42wp_author":[47113],"class_list":["post-114073","post","type-post","status-publish","format-standard","has-post-thumbnail","hentry","category-f1","tag-alpine","tag-aston-martin","tag-f1","tag-f1-2022","tag-formula-1-2","tag-formula-1-2022","tag-formula-1-classificacao-2022","tag-otmar-szafnauer","42wp_author-juliana-tesser"],"_links":{"self":[{"href":"https:\/\/grandepremio.com\/br\/wp-json\/wp\/v2\/posts\/114073","targetHints":{"allow":["GET"]}}],"collection":[{"href":"https:\/\/grandepremio.com\/br\/wp-json\/wp\/v2\/posts"}],"about":[{"href":"https:\/\/grandepremio.com\/br\/wp-json\/wp\/v2\/types\/post"}],"replies":[{"embeddable":true,"href":"https:\/\/grandepremio.com\/br\/wp-json\/wp\/v2\/comments?post=114073"}],"version-history":[{"count":0,"href":"https:\/\/grandepremio.com\/br\/wp-json\/wp\/v2\/posts\/114073\/revisions"}],"wp:featuredmedia":[{"embeddable":true,"href":"https:\/\/grandepremio.com\/br\/wp-json\/wp\/v2\/media\/1000547749"}],"wp:attachment":[{"href":"https:\/\/grandepremio.com\/br\/wp-json\/wp\/v2\/media?parent=114073"}],"wp:term":[{"taxonomy":"category","embeddable":true,"href":"https:\/\/grandepremio.com\/br\/wp-json\/wp\/v2\/categories?post=114073"},{"taxonomy":"post_tag","embeddable":true,"href":"https:\/\/grandepremio.com\/br\/wp-json\/wp\/v2\/tags?post=114073"},{"taxonomy":"42wp_author","embeddable":true,"href":"https:\/\/grandepremio.com\/br\/wp-json\/wp\/v2\/42wp_author?post=114073"}],"curies":[{"name":"wp","href":"https:\/\/api.w.org\/{rel}","templated":true}]}}