{"id":114076,"date":"2022-03-12T07:51:49","date_gmt":"2022-03-12T10:51:49","guid":{"rendered":"https:\/\/grandepremio.com\/br\/noticias\/sebastian-vettel-retira-chipre-norte-capacete-pedido-fia\/"},"modified":"2022-03-12T10:21:46","modified_gmt":"2022-03-12T13:21:46","slug":"sebastian-vettel-retira-chipre-norte-capacete-pedido-fia","status":"publish","type":"post","link":"https:\/\/grandepremio.com\/br\/f1\/sebastian-vettel-retira-chipre-norte-capacete-pedido-fia\/","title":{"rendered":"Vettel retira Chipre do Norte do capacete \u201cSem Guerra\u201d ap\u00f3s pedido de cipriotas na FIA"},"content":{"rendered":"\n<figure class=\"wp-block-embed is-type-video is-provider-youtube wp-block-embed-youtube wp-embed-aspect-16-9 wp-has-aspect-ratio\"><div class=\"wp-block-embed__wrapper\">\n<iframe loading=\"lazy\" title=\"O QUE A F\u00d3RMULA 1 MOSTROU EM BARCELONA E O QUE DEVE MOSTRAR NO BAHREIN? | Paddockast #138\" width=\"500\" height=\"281\" src=\"https:\/\/www.youtube.com\/embed\/fD75-v9Eb9I?feature=oembed\" frameborder=\"0\" allow=\"accelerometer; autoplay; clipboard-write; encrypted-media; gyroscope; picture-in-picture; web-share\" referrerpolicy=\"strict-origin-when-cross-origin\" allowfullscreen><\/iframe>\n<\/div><figcaption>O QUE A F\u00d3RMULA 1 MOSTROU EM BARCELONA E O QUE DEVE MOSTRAR NO BAHREIN? | Paddockast&nbsp;<a href=\"https:\/\/www.youtube.com\/hashtag\/138\">#138<\/a><\/figcaption><\/figure>\n\n\n\n<p class=\"wp-block-paragraph\">O novo capacete de Sebastian Vettel gerou opini\u00f5es positivas sobre as mensagens e o pedido de paz na Ucr\u00e2nia, mas tamb\u00e9m despertou irrita\u00e7\u00e3o na Associa\u00e7\u00e3o de Automobilismo do Chipre. O motivo foi a exibi\u00e7\u00e3o da bandeira da Rep\u00fablica Turca do Chipre do Norte, territ\u00f3rio que est\u00e1 em conflito h\u00e1 d\u00e9cadas com os cipriotas e tem a independ\u00eancia reconhecida internacionalmente apenas pela Turquia. A entidade solicitou \u00e0 FIA (Federa\u00e7\u00e3o Internacional de Automobilismo) a retirada da bandeira, pedido que foi aceito pelo tetracampe\u00e3o mundial de F\u00f3rmula 1.<\/p>\n\n\n\n<p class=\"wp-block-paragraph\">No primeiro dia de testes de pr\u00e9-temporada no Bahrein, o piloto da Aston Martin mostrou ao mundo o <a href=\"https:\/\/www.grandepremio.com\/br\/f1\/noticias\/letra-imagine-sebastian-vettel-capacete-especial-apoio-ucrania-testes-f1\/\" target=\"_blank\" rel=\"noreferrer noopener\">novo capacete em sinal de protesto contra a guerra no territ\u00f3rio ucraniano<\/a>. O design traz diversas descri\u00e7\u00f5es e elementos que pedem pelo fim do conflito, como um trecho da m\u00fasica Imagine, escrita por John Lennon e Yoko Ono, e tamb\u00e9m a mensagem \u201cNo War\u201d [\u201cSem Guerra\u201d, em tradu\u00e7\u00e3o livre] em letras maiores. A descri\u00e7\u00e3o \u00e9 a mesma divulgada durante o protesto organizado pelos pilotos no circuito de Sakhir.<\/p>\n\n\n\n<p class=\"wp-block-paragraph\">No acabamento na \u00e1rea inferior, o equipamento traz as bandeiras de diversas na\u00e7\u00f5es do planeta, que ilustram um dos pedidos da m\u00fasica <em>Imagine<\/em>: \u201cUm mundo sem pa\u00edses que vivam em paz\u201d. Por\u00e9m, a escolha da bandeira da Rep\u00fablica Turca do Chipre do Norte despertou a f\u00faria na Associa\u00e7\u00e3o de Automobilismo do Chipre.<\/p>\n\n\n\n<figure class=\"wp-block-image size-large\"><img decoding=\"async\" src=\"https:\/\/www.grandepremio.com\/br\/wp-content\/uploads\/2022\/03\/Caparece-Vettel-1024x1024.jpg\" alt=\"\" class=\"wp-image-547078\"\/><figcaption>Detalhes do capacete de Vettel em protesto contra a guerra na Ucr\u00e2nia (Foto: Jens Munser Designs)<\/figcaption><\/figure>\n\n\n\n<p class=\"wp-block-paragraph\"><strong>\u25b6\ufe0f&nbsp;Inscreva-se nos dois canais do GRANDE PR\u00caMIO no YouTube:&nbsp;<a href=\"https:\/\/www.youtube.com\/channel\/UC9OlHEgxoaY6QY6nWPoiqQg?sub_confirmation=1\" target=\"_blank\" rel=\"noreferrer noopener\">GP<\/a>&nbsp;|&nbsp;<a href=\"https:\/\/www.youtube.com\/channel\/UC9csiS6q_C3C0FYhyr1rnFA?sub_confirmation=1\" target=\"_blank\" rel=\"noreferrer noopener\">GP2<\/a><\/strong><br><strong><a href=\"https:\/\/www.grandepremio.com\/br\/programacao-tv\/noticias\/corridas-fim-de-semana-tv-e-streaming-10-a-13-de-marco-programacao-tv\/\" target=\"_blank\" rel=\"noreferrer noopener\">\u25b6\ufe0fAs corridas do fim de semana na TV e no streaming: 10 a 13 de mar\u00e7o<\/a><\/strong><\/p>\n\n\n\n<p class=\"wp-block-paragraph\">A entidade cipriota enviou um comunicado \u00e0 FIA com reclama\u00e7\u00f5es sobre esse detalhe no capacete e pediu para Vettel retirar a bandeira, al\u00e9m de solicitar que o piloto alem\u00e3o e a Aston Martin fossem multados.<\/p>\n\n\n\n<p class=\"wp-block-paragraph\">Segundo o site RaceFans, o tetracampe\u00e3o atendeu o pedido, e a bandeira da Rep\u00fablica Turca do Chipre do Norte foi removida na noite de sexta-feira. Portanto, durante o \u00faltimo dia de testes de pr\u00e9-temporada em Sakhir, Vettel ter\u00e1 uma leve modifica\u00e7\u00e3o no capacete.<\/p>\n\n\n\n<p class=\"wp-block-paragraph\">O&nbsp;<strong>GRANDE PR\u00caMIO<\/strong>&nbsp;acompanha a cobertura da pr\u00e9-temporada da&nbsp;<a href=\"https:\/\/www.grandepremio.com\/formula-1\/\" target=\"_blank\" rel=\"noreferrer noopener\">F\u00f3rmula 1<\/a>&nbsp;no Bahrein&nbsp;<a href=\"https:\/\/www.grandepremio.com\/br\/ao-vivo\/f1\/testes-coletivos-f1-2022-bahrein-dia-1-ao-vivo-online-gratis-tempo-real-hoje\/\">AO VIVO e em&nbsp;<\/a><a href=\"https:\/\/www.grandepremio.com\/br\/ao-vivo\/\" target=\"_blank\" rel=\"noreferrer noopener\">TEMPO REAL<\/a>. A an\u00e1lise acontece no&nbsp;<a href=\"https:\/\/www.youtube.com\/c\/GrandePremioTV\">Briefing<\/a>&nbsp;assim que as atividades em pista acabarem.<\/p>\n\n\n\n<p class=\"wp-block-paragraph\"><strong>LEIA TAMB\u00c9M<\/strong><br><strong><a href=\"https:\/\/www.grandepremio.com\/br\/f1\/noticias\/red-bull-sidepods-esculpidos-assoalho-bahrein\/\" target=\"_blank\" rel=\"noreferrer noopener\">+Red Bull mostra sidepods esculpidos e novo assoalho para RB18 no \u00faltimo dia de testes<\/a><\/strong><br><strong><a href=\"https:\/\/www.grandepremio.com\/br\/f1\/noticias\/charles-leclerc-mercedes-red-bull-escondendo-jogo-f1\/\" target=\"_blank\" rel=\"noreferrer noopener\">+Leclerc v\u00ea Mercedes e Red Bull escondendo jogo na F1: \u201cT\u00eam muito mais para entregar\u201d<\/a><\/strong><\/p>\n\n\n\n<h3 class=\"wp-block-heading\"><strong>Entenda o conflito<\/strong><\/h3>\n\n\n\n<p class=\"wp-block-paragraph\">O conflito no Chipre se refere \u00e0 disputa entre a Rep\u00fablica do Chipre e a Turquia acerca da ocupa\u00e7\u00e3o turca do norte da ilha. \u00c9 uma situa\u00e7\u00e3o de guerra entre as comunidades greco-cipriota e turco-cipriota da ilha do Chipre, que teve in\u00edcio em 1963 e permanece at\u00e9 os dias atuais.<\/p>\n\n\n\n<p class=\"wp-block-paragraph\">Com a chegada dos brit\u00e2nicos \u00e0 ilha, a &#8220;Disputa pelo Chipre&#8221; foi identificada como um conflito entre os povos do Chipre e o Imp\u00e9rio Brit\u00e2nico pela demanda dos cipriotas por autodetermina\u00e7\u00e3o. A quest\u00e3o, por\u00e9m, finalmente passou de uma disputa colonial a uma disputa \u00e9tnica entre os habitantes turcos e gregos da regi\u00e3o.<\/p>\n\n\n\n<p class=\"wp-block-paragraph\">As complica\u00e7\u00f5es internacionais do conflito v\u00e3o muito al\u00e9m das fronteiras da ilha do Chipre e envolvem as na\u00e7\u00f5es, como a Turquia, Gr\u00e9cia e Reino Unido, assim como os Estados Unidos, as Na\u00e7\u00f5es Unidas e a Uni\u00e3o Europeia.<\/p>\n\n\n\n<p class=\"wp-block-paragraph\">Com a invas\u00e3o de 1974, condenada pelas resolu\u00e7\u00f5es do Conselho de Seguran\u00e7a da ONU como legalmente inv\u00e1lida, a Turquia ocupou a parte norte da Rep\u00fablica do Chipre reconhecida internacionalmente, e, mais tarde sobre esses territ\u00f3rios, a comunidade turca do Chipre declarou unilateralmente a independ\u00eancia. Dessa forma, foi formada a Rep\u00fablica Turca do Chipre do Norte.<\/p>\n\n\n\n<p class=\"wp-block-paragraph\">Entretanto, o territ\u00f3rio carece de reconhecimento internacional, com exce\u00e7\u00e3o da Turquia, com a qual tem plenas rela\u00e7\u00f5es diplom\u00e1ticas. Ap\u00f3s as duas comunidades e os pa\u00edses envolvidos na quest\u00e3o se comprometeram em encontrar uma solu\u00e7\u00e3o pac\u00edfica sobre a disputa, as Na\u00e7\u00f5es Unidas, desde ent\u00e3o, criaram e mant\u00eam uma &#8220;zona tamp\u00e3o&#8221;, tamb\u00e9m conhecida como Linha Verde, para evitar mais tens\u00f5es e hostilidades entre as comunidades.<\/p>\n\n\n\n<p class=\"wp-block-paragraph\">A zona corta o pa\u00eds e criou uma barreira f\u00edsica e social entre as comunidades grego-cipriota e turco-cipriotas. Isso levou \u00e0 separa\u00e7\u00e3o do pa\u00eds. O governo grego-cipriota controla o sul, formando a Rep\u00fablica do Chipre, que \u00e9 reconhecida internacionalmente e membro da UE, e os militares turcos ocupando o ter\u00e7o norte da ilha.<\/p>\n\n\n\n<figure class=\"wp-block-embed is-type-video is-provider-youtube wp-block-embed-youtube wp-embed-aspect-16-9 wp-has-aspect-ratio\"><div class=\"wp-block-embed__wrapper\">\n<iframe loading=\"lazy\" title=\"DESEMPOLGOU: WILLIAMS FINALMENTE APRESENTA PROBLEMAS NA F\u00d3RMULA 1 2022. E AGORA?\" width=\"500\" height=\"281\" src=\"https:\/\/www.youtube.com\/embed\/qqXq3LuJu34?feature=oembed\" frameborder=\"0\" allow=\"accelerometer; autoplay; clipboard-write; encrypted-media; gyroscope; picture-in-picture; web-share\" referrerpolicy=\"strict-origin-when-cross-origin\" allowfullscreen><\/iframe>\n<\/div><figcaption>DESEMPOLGOU: WILLIAMS FINALMENTE APRESENTA PROBLEMAS NA F\u00d3RMULA 1 2022. E AGORA?<\/figcaption><\/figure>\n","protected":false},"excerpt":{"rendered":"<p>Casco especial do piloto da Aston Martin exibia a fl\u00e2mula n\u00e3o reconhecida internacionalmente e que h\u00e1 d\u00e9cadas est\u00e1 em conflito pelo Chipre<\/p>\n","protected":false},"author":0,"featured_media":1000547077,"comment_status":"closed","ping_status":"closed","sticky":false,"template":"","format":"standard","meta":{"42wp_featured_image_caption":"","42wp_featured_image_credits":"","42wp_featured_video":"","42wp_featured_image_hidden":false,"42wp_authors_list":[],"footnotes":""},"categories":[2],"tags":[309,103,24837,26841,28285,210,30947],"42wp_author":[47145],"class_list":["post-114076","post","type-post","status-publish","format-standard","has-post-thumbnail","hentry","category-f1","tag-aston-martin","tag-fia","tag-formula-1-2","tag-formula-1-2022","tag-grandepremio","tag-sebastian-vettel","tag-testes-de-pre-temporada-2022","42wp_author-alessandro-pinheiro"],"_links":{"self":[{"href":"https:\/\/grandepremio.com\/br\/wp-json\/wp\/v2\/posts\/114076","targetHints":{"allow":["GET"]}}],"collection":[{"href":"https:\/\/grandepremio.com\/br\/wp-json\/wp\/v2\/posts"}],"about":[{"href":"https:\/\/grandepremio.com\/br\/wp-json\/wp\/v2\/types\/post"}],"replies":[{"embeddable":true,"href":"https:\/\/grandepremio.com\/br\/wp-json\/wp\/v2\/comments?post=114076"}],"version-history":[{"count":0,"href":"https:\/\/grandepremio.com\/br\/wp-json\/wp\/v2\/posts\/114076\/revisions"}],"wp:featuredmedia":[{"embeddable":true,"href":"https:\/\/grandepremio.com\/br\/wp-json\/wp\/v2\/media\/1000547077"}],"wp:attachment":[{"href":"https:\/\/grandepremio.com\/br\/wp-json\/wp\/v2\/media?parent=114076"}],"wp:term":[{"taxonomy":"category","embeddable":true,"href":"https:\/\/grandepremio.com\/br\/wp-json\/wp\/v2\/categories?post=114076"},{"taxonomy":"post_tag","embeddable":true,"href":"https:\/\/grandepremio.com\/br\/wp-json\/wp\/v2\/tags?post=114076"},{"taxonomy":"42wp_author","embeddable":true,"href":"https:\/\/grandepremio.com\/br\/wp-json\/wp\/v2\/42wp_author?post=114076"}],"curies":[{"name":"wp","href":"https:\/\/api.w.org\/{rel}","templated":true}]}}