{"id":11408,"date":"2026-03-06T01:39:47","date_gmt":"2026-03-06T04:39:47","guid":{"rendered":"https:\/\/grandepremio.com\/br\/noticias\/dino-beganovic-crava-pole-classificacao-acidentada-formula-2-australia-rafael-camara-6o\/"},"modified":"2026-03-06T02:15:02","modified_gmt":"2026-03-06T05:15:02","slug":"dino-beganovic-crava-pole-classificacao-acidentada-formula-2-australia-rafael-camara-6o","status":"publish","type":"post","link":"https:\/\/grandepremio.com\/br\/f2\/dino-beganovic-crava-pole-classificacao-acidentada-formula-2-australia-rafael-camara-6o\/","title":{"rendered":"Beganovic crava pole em classifica\u00e7\u00e3o acidentada da F2 na Austr\u00e1lia. C\u00e2mara \u00e9 6\u00ba"},"content":{"rendered":"\n<p class=\"wp-block-paragraph\">Primeira atividade competitiva da temporada 2026 na <strong>F\u00f3rmula 2<\/strong>, disputada no in\u00edcio da madrugada brasileira de sexta-feira (6), a classifica\u00e7\u00e3o da etapa da <strong>Austr\u00e1lia <\/strong>terminou com <strong>Dino Beganovic <\/strong>na pole da corrida principal. Com <strong>1min28s695 <\/strong>na volta mais r\u00e1pida, o piloto da <strong>DAMS <\/strong>surpreendeu na \u00faltima tomada de tempo e, mesmo sem o aquecimento ideal dos pneus, pulou para o primeiro lugar com o rel\u00f3gio j\u00e1 zerado.<\/p>\n\n\n\n<p class=\"wp-block-paragraph\">A primeira classifica\u00e7\u00e3o do ano trouxe caos na F\u00f3rmula 2, duas bandeiras vermelhas e uma atividade bastante picotada. O lance mais tenso ocorreu com <strong>Mari Boya<\/strong>, que acertou com for\u00e7a o muro; no fim, <strong>Gabriele Min\u00ec<\/strong> paralisou de novo a atividade ap\u00f3s sofrer com problemas no motor e parar na pista. Com isso, os \u00faltimos minutos trouxeram ainda mais correria e tr\u00e1fego.<\/p>\n\n\n\n<p class=\"wp-block-paragraph\"><strong>Martinius Stenshorne<\/strong> ficou com a segunda coloca\u00e7\u00e3o, seguido por <strong>Alexander Dunne<\/strong>. <strong>Noel Le\u00f3n<\/strong> levou o quarto lugar, \u00e0 frente de <strong>Nikola Tsolov<\/strong>, enquanto <strong>Rafael C\u00e2mara<\/strong> terminou em sexto. <strong>Kush Maini<\/strong> ficou em s\u00e9timo, com <strong>Oliver Goethe<\/strong> em oitavo e <strong>Joshua D\u00fcrksen<\/strong> em nono. Por fim, <strong>Tasanapol Inthraphuvasak<\/strong> completou o grupo dos dez primeiros. <strong>Emerson Fittipaldi Jr<\/strong>. fechou em <strong>18\u00ba <\/strong>com a <strong>AIX<\/strong>.<\/p>\n\n\n\n<p class=\"wp-block-paragraph\">O fim de semana da F\u00f3rmula 2 na Austr\u00e1lia segue com a <strong>corrida sprint<\/strong>, programada para acontecer \u00e0s <strong>0h10 <\/strong>(hor\u00e1rio de Bras\u00edlia) deste s\u00e1bado. Por fim, a prova principal fecha a etapa no mesmo dia, \u00e0s <strong>21h25<\/strong>.<\/p>\n\n\n\n<figure class=\"wp-block-image size-large\"><img decoding=\"async\" src=\"https:\/\/www.grandepremio.com\/br\/wp-content\/uploads\/2026\/03\/Rafael-Camara-F2-2026-Australia-Foto-F2-Reproducao-1200x675.jpg\" alt=\"\" class=\"wp-image-1064268\"\/><figcaption class=\"wp-element-caption\">C\u00e2mara brigou pela pole at\u00e9 o fim, mas fechou em sexto na Austr\u00e1lia (Foto: F2 \/ Reprodu\u00e7\u00e3o)<\/figcaption><\/figure>\n\n\n\n<h2 class=\"wp-block-heading\" id=\"h-como-foi-a-classificacao-da-f2-na-australia\">Como foi a classifica\u00e7\u00e3o da F2 na Austr\u00e1lia<\/h2>\n\n\n\n<p class=\"wp-block-paragraph\"><strong>Martinius Stenshorne<\/strong> abriu os trabalhos na Austr\u00e1lia com o primeiro lugar, mas logo foi perdendo posi\u00e7\u00f5es na tabela. <strong>Dino Beganovic <\/strong>foi o primeiro a quebrar a barreira de <strong>1min30s<\/strong>, com <strong>1min29s953<\/strong>, e <strong>Rafael C\u00e2mara<\/strong> se colocou entre os ponteiros com <strong>1min30s122<\/strong>. Entre os dois, aparecia <strong>Joshua D\u00fcrksen<\/strong>, companheiro do brasileiro na <strong>Invicta<\/strong>. As voltas seguiram melhorando, mas as primeiras posi\u00e7\u00f5es demoraram a mudar.<\/p>\n\n\n\n<p class=\"wp-block-paragraph\">Com <strong>20 minutos<\/strong> para o fim, Stenshorne retomou a ponta, mas a perdeu em instantes para <strong>Nikola Tsolov<\/strong>, que fez <strong>1min29s381<\/strong>. C\u00e2mara registrou o giro seguinte em <strong>1min29s812<\/strong>, o suficiente para o terceiro posto, segundos antes de <strong>Mari Boya<\/strong> bater e causar uma bandeira vermelha. O espanhol perdeu o controle na <strong>curva 12<\/strong>, foi na brita e n\u00e3o conseguiu se recuperar antes de bater com for\u00e7a no muro. No entanto, deixou o carro sem maiores problemas.<\/p>\n\n\n\n<p class=\"wp-block-paragraph\">A essa altura, o top-10 tinha Tsolov, Stenshorne, C\u00e2mara, Beganovic, <strong>Sebasti\u00e1n Montoya<\/strong>, D\u00fcrksen, <strong>Oliver Goethe<\/strong>, <strong>Noel Le\u00f3n<\/strong>, <strong>Roman Bilinski<\/strong> e <strong>Ritomo Miyata<\/strong>. <strong>Emerson Fittipaldi Jr.<\/strong> era o <strong>20\u00ba<\/strong>.<\/p>\n\n\n\n<p class=\"wp-block-paragraph\">No sinal verde, apenas Goethe e <strong>Gabriele Min\u00ec<\/strong> permaneceram no pit-lane, enquanto o restante do grid tratou de ir direto \u00e0 pista. Le\u00f3n vinha melhorando o pr\u00f3prio tempo com a <strong>Campos<\/strong>, mas optou por voltar aos boxes, enquanto Stenshorne chegou a completar a volta \u2014 mas permaneceu em segundo.<\/p>\n\n\n\n<figure class=\"wp-block-image size-large\"><img decoding=\"async\" src=\"https:\/\/www.grandepremio.com\/br\/wp-content\/uploads\/2026\/03\/Gabriele-Mini-classificacao-Australia-2026-F2-Foto-F2-Reproducao-1200x675.jpg\" alt=\"\" class=\"wp-image-1064270\"\/><figcaption class=\"wp-element-caption\">Min\u00ec parou na pista e demonstrou bastante frustra\u00e7\u00e3o com o abandono (Foto: F2 Reprodu\u00e7\u00e3o)<\/figcaption><\/figure>\n\n\n\n<p class=\"wp-block-paragraph\">Com os pilotos mais preocupados com o aquecimento dos pneus, as primeiras posi\u00e7\u00f5es seguiram sem altera\u00e7\u00f5es at\u00e9 os <strong>dez minutos<\/strong> finais \u2014 quando Min\u00ec parou na pista com a <strong>MP <\/strong>e tamb\u00e9m causou a ativa\u00e7\u00e3o de uma bandeira vermelha. O italiano foi perdendo pot\u00eancia ao longo da volta e n\u00e3o conseguiu fazer o carro acelerar novamente; ao deixar o monoposto, demonstrou frustra\u00e7\u00e3o e chegou a socar o halo.<\/p>\n\n\n\n<p class=\"wp-block-paragraph\">Com o rel\u00f3gio zerado, a tabela de tempos sofreu v\u00e1rias altera\u00e7\u00f5es. <strong>Alexander Dunne <\/strong>pulou para primeiro, mas Stenshorne logo tomou a ponta \u2014 e a perdeu para Beganovic. Com muitos pilotos melhorando os pr\u00f3prios tempos, C\u00e2mara acabou perdendo terreno e n\u00e3o conseguiu passar do sexto lugar. Ningu\u00e9m, entretanto, r\u00e1pido o suficiente para desbancar o piloto da <strong>Academia Ferrari<\/strong>.<\/p>\n\n\n\n<p class=\"wp-block-paragraph\"><strong><em>Volte em instantes<\/em><\/strong><\/p>\n\n\n\n<p class=\"wp-block-paragraph\">\u25b6\ufe0f&nbsp;<strong>Inscreva-se nos dois canais do GRANDE PR\u00caMIO no YouTube:&nbsp;<a href=\"https:\/\/www.youtube.com\/channel\/UC9OlHEgxoaY6QY6nWPoiqQg?sub_confirmation=1\" target=\"_blank\" rel=\"noreferrer noopener\">GP<\/a>&nbsp;<\/strong><\/p>\n\n\n\n<h2 class=\"wp-block-heading\" id=\"h-f2-2026-resultado-da-classificacao-na-etapa-da-australia-em-melbourne\">F2 2026: resultado da classifica\u00e7\u00e3o na etapa da Austr\u00e1lia, em Melbourne<\/h2>\n\n\n\n<figure class=\"wp-block-table\"><table class=\"has-fixed-layout\"><tbody><tr><td>1<\/td><td>D BEGANOVIC<\/td><td>DAMS<\/td><td>1:28.695<\/td><td>&nbsp;<\/td><\/tr><tr><td>2<\/td><td>M STENSHORNE<\/td><td>Rodin<\/td><td>1:28.911<\/td><td>+0.216<\/td><\/tr><tr><td>3<\/td><td>A DUNNE<\/td><td>Rodin<\/td><td>1:29.039<\/td><td>+0.344<\/td><\/tr><tr><td>4<\/td><td>N LE\u00d3N<\/td><td>Campos<\/td><td>1:29.076<\/td><td>+0.381<\/td><\/tr><tr><td>5<\/td><td>N TSOLOV<\/td><td>Campos<\/td><td>1:29.123<\/td><td>+0.428<\/td><\/tr><tr><td>6<\/td><td>R C\u00c2MARA<\/td><td>Invicta<\/td><td>1:29.143<\/td><td>+0.448<\/td><\/tr><tr><td>7<\/td><td>K MAINI<\/td><td>ART<\/td><td>1:29.159<\/td><td>+0.464<\/td><\/tr><tr><td>8<\/td><td>O GOETHE<\/td><td>MP<\/td><td>1:29.254<\/td><td>+0.559<\/td><\/tr><tr><td>9<\/td><td>J D\u00dcRKSEN<\/td><td>Invicta<\/td><td>1:29.484<\/td><td>+0.789<\/td><\/tr><tr><td>10<\/td><td>T INTHRAPHUVASAK<\/td><td>ART<\/td><td>1:29.541<\/td><td>+0.846<\/td><\/tr><tr><td>11<\/td><td>L VAN HOEPEN<\/td><td>Trident<\/td><td>1:29.564<\/td><td>+0.869<\/td><\/tr><tr><td>12<\/td><td>R BILINSKI<\/td><td>DAMS<\/td><td>1:29.605<\/td><td>+0.910<\/td><\/tr><tr><td>13<\/td><td>R MIYATA<\/td><td>Hitech<\/td><td>1:29.640<\/td><td>+0.945<\/td><\/tr><tr><td>14<\/td><td>C HERTA<\/td><td>Hitech<\/td><td>1:29.765<\/td><td>+1.070<\/td><\/tr><tr><td>15<\/td><td>S MONTOYA<\/td><td>Prema<\/td><td>1:29.824<\/td><td>+1.129<\/td><\/tr><tr><td>16<\/td><td>R VILLAG\u00d3MEZ<\/td><td>Van Amersfoort<\/td><td>1:30.062<\/td><td>+1.367<\/td><\/tr><tr><td>17<\/td><td>J BENNETT<\/td><td>Trident<\/td><td>1:30.239<\/td><td>+1.544<\/td><\/tr><tr><td>18<\/td><td>E FITTIPALDI<\/td><td>AIX<\/td><td>1:30.490<\/td><td>+1.795<\/td><\/tr><tr><td>19<\/td><td>N VARRONE<\/td><td>Van Amersfoort<\/td><td>1:30.522<\/td><td>+1.827<\/td><\/tr><tr><td>20<\/td><td>C SHIELDS<\/td><td>AIX<\/td><td>1:30.743<\/td><td>+2.048<\/td><\/tr><tr><td>21<\/td><td>G MIN\u00cc<\/td><td>MP<\/td><td>1:31.133<\/td><td>+2.438<\/td><\/tr><tr><td>22<\/td><td>M BOYA<\/td><td>Prema<\/td><td>2:02.893<\/td><td>+34.198<\/td><\/tr><\/tbody><\/table><\/figure>\n","protected":false},"excerpt":{"rendered":"<p>Em classifica\u00e7\u00e3o com duas bandeiras vermelhas na Austr\u00e1lia, a F\u00f3rmula 2 come\u00e7ou a temporada 2026 com Dino Beganovic na pole<\/p>\n","protected":false},"author":0,"featured_media":1001064273,"comment_status":"closed","ping_status":"closed","sticky":false,"template":"","format":"standard","meta":{"42wp_featured_image_caption":"","42wp_featured_image_credits":"","42wp_featured_video":"","42wp_featured_image_hidden":false,"42wp_authors_list":[],"footnotes":""},"categories":[9],"tags":[4346,29654,30246,1539,29810,111,43856,45529,2208,43857,45530,1491,28285,35029,35937,38753,35030,27860,43858],"42wp_author":[47142],"class_list":["post-11408","post","type-post","status-publish","format-standard","has-post-thumbnail","hentry","category-f2","tag-albert-park","tag-calendario-f2","tag-classificacao-f2","tag-dams","tag-dino-beganovic","tag-f2","tag-f2-2026","tag-f2-hoje","tag-formula-2","tag-formula-2-2026","tag-formula-2-hoje","tag-grande-premio","tag-grandepremio","tag-horarios-f2","tag-invicta","tag-melbourne-f2","tag-onde-assistir-f2","tag-rafael-camara","tag-temporada-2026-f2","42wp_author-jp-nascimento"],"_links":{"self":[{"href":"https:\/\/grandepremio.com\/br\/wp-json\/wp\/v2\/posts\/11408","targetHints":{"allow":["GET"]}}],"collection":[{"href":"https:\/\/grandepremio.com\/br\/wp-json\/wp\/v2\/posts"}],"about":[{"href":"https:\/\/grandepremio.com\/br\/wp-json\/wp\/v2\/types\/post"}],"replies":[{"embeddable":true,"href":"https:\/\/grandepremio.com\/br\/wp-json\/wp\/v2\/comments?post=11408"}],"version-history":[{"count":0,"href":"https:\/\/grandepremio.com\/br\/wp-json\/wp\/v2\/posts\/11408\/revisions"}],"wp:featuredmedia":[{"embeddable":true,"href":"https:\/\/grandepremio.com\/br\/wp-json\/wp\/v2\/media\/1001064273"}],"wp:attachment":[{"href":"https:\/\/grandepremio.com\/br\/wp-json\/wp\/v2\/media?parent=11408"}],"wp:term":[{"taxonomy":"category","embeddable":true,"href":"https:\/\/grandepremio.com\/br\/wp-json\/wp\/v2\/categories?post=11408"},{"taxonomy":"post_tag","embeddable":true,"href":"https:\/\/grandepremio.com\/br\/wp-json\/wp\/v2\/tags?post=11408"},{"taxonomy":"42wp_author","embeddable":true,"href":"https:\/\/grandepremio.com\/br\/wp-json\/wp\/v2\/42wp_author?post=11408"}],"curies":[{"name":"wp","href":"https:\/\/api.w.org\/{rel}","templated":true}]}}