{"id":114080,"date":"2022-03-12T03:15:00","date_gmt":"2022-03-12T06:15:00","guid":{"rendered":"https:\/\/grandepremio.com\/br\/noticias\/mclaren-identifica-falhas-nos-freios-e-prepara-atualizacoes-relampago-no-bahrein\/"},"modified":"2022-03-12T09:39:46","modified_gmt":"2022-03-12T12:39:46","slug":"mclaren-identifica-falhas-nos-freios-e-prepara-atualizacoes-relampago-no-bahrein","status":"publish","type":"post","link":"https:\/\/grandepremio.com\/br\/f1\/mclaren-identifica-falhas-nos-freios-e-prepara-atualizacoes-relampago-no-bahrein\/","title":{"rendered":"McLaren identifica falhas nos freios e prepara &#8216;atualiza\u00e7\u00f5es rel\u00e2mpago&#8217; no Bahrein"},"content":{"rendered":"\n<figure class=\"wp-block-embed is-type-video is-provider-youtube wp-block-embed-youtube wp-embed-aspect-16-9 wp-has-aspect-ratio\"><div class=\"wp-block-embed__wrapper\">\n<iframe loading=\"lazy\" title=\"A SINA DO PRIMEIRO VENCEDOR NA TEMPORADA DA F\u00d3RMULA 1 (DESDE 2017)\" width=\"500\" height=\"281\" src=\"https:\/\/www.youtube.com\/embed\/nNNbpOmZer0?start=6&amp;feature=oembed\" frameborder=\"0\" allow=\"accelerometer; autoplay; clipboard-write; encrypted-media; gyroscope; picture-in-picture; web-share\" referrerpolicy=\"strict-origin-when-cross-origin\" allowfullscreen><\/iframe>\n<\/div><figcaption>A SINA DO PRIMEIRO VENCEDOR NA TEMPORADA DA F\u00d3RMULA 1 (DESDE 2017)<\/figcaption><\/figure>\n\n\n\n<p class=\"wp-block-paragraph\">Assim como a Williams, que viu <strong><a href=\"https:\/\/www.grandepremio.com\/br\/f1\/noticias\/williams-pequeno-problema-incendio-nicholas-latifi\/\" target=\"_blank\" rel=\"noreferrer noopener\">explodir o disco de freio do carro de Nicholas Latifi<\/a><\/strong>, a McLaren enfrentou problemas nos componentes do eixo dianteiro direito durante os testes de pr\u00e9-temporada da F\u00f3rmula 1 no Bahrein. No intervalo entre as atividades da manh\u00e3 e da tarde, o chefe da escuderia, Andreas Seidl, afirmou que a equipe ter\u00e1 que correr contra o tempo para trazer atualiza\u00e7\u00f5es da f\u00e1brica na Inglaterra.<\/p>\n\n\n\n<p class=\"wp-block-paragraph\">Com apenas Lando Norris participando dos testes no Bahrein, <a href=\"https:\/\/www.grandepremio.com\/br\/f1\/noticias\/daniel-ricciardo-testa-positivo-para-covid-19-fica-fora-pre-temporada-bahrein\/\">j\u00e1 que Daniel Ricciardo contraiu Covid-19<\/a>, a McLaren completou apenas 78 voltas em um dia e meio de prepara\u00e7\u00e3o para a temporada. A baixa quilometragem foi justificada por um problema inesperado no conjunto de freio da roda dianteira direita.<\/p>\n\n\n\n<p class=\"wp-block-paragraph\">\u201cTemos um inesperado problema no freio do eixo direto e temos que resolver. Ap\u00f3s o bom teste que tivemos em Barcelona, \u200b\u200bo primeiro dia e meio aqui definitivamente n\u00e3o correu como planejado,\u201d admitiu Seidl.<\/p>\n\n\n\n<figure class=\"wp-block-image size-large\"><img decoding=\"async\" src=\"https:\/\/www.grandepremio.com\/br\/wp-content\/uploads\/2022\/03\/000_324V62Q-1024x682.jpg\" alt=\"\" class=\"wp-image-547257\"\/><figcaption>Lando Norris lida com problemas no freio dianteiro do seu McLaren (Foto: AFP)<\/figcaption><\/figure>\n\n\n\n<p class=\"wp-block-paragraph\"><strong>\u25b6\ufe0f&nbsp;Inscreva-se nos dois canais do GRANDE PR\u00caMIO no YouTube:&nbsp;<a href=\"https:\/\/www.youtube.com\/channel\/UC9OlHEgxoaY6QY6nWPoiqQg?sub_confirmation=1\" target=\"_blank\" rel=\"noreferrer noopener\">GP<\/a>&nbsp;|&nbsp;<a href=\"https:\/\/www.youtube.com\/channel\/UC9csiS6q_C3C0FYhyr1rnFA?sub_confirmation=1\" target=\"_blank\" rel=\"noreferrer noopener\">GP2<\/a><\/strong><\/p>\n\n\n\n<p class=\"wp-block-paragraph\">Para n\u00e3o perder preciosas voltas em busca do desenvolvimento do carro antes do in\u00edcio da temporada 2022, o chefe da McLaren afirmou que a equipe j\u00e1 solicitou aos funcion\u00e1rios da f\u00e1brica em Working a entrega dos novos componentes, com objetivo de corrigir os problemas no freio. \u201c\u00c9 uma corrida contra o tempo no momento para conseguir pe\u00e7as atualizadas aqui\u201d, afirmou o alem\u00e3o, que prosseguiu. \u201cVamos colocar algumas pequenas atualiza\u00e7\u00f5es no carro tamb\u00e9m para extrair mais desempenho do pacote\u201d, acrescentou<\/p>\n\n\n\n<p class=\"wp-block-paragraph\">Mesmo com a dificuldade das pe\u00e7as chegarem e se serem instaladas de maneira r\u00e1pida, Seidl manteve o otimismo e acredita que os carros estar\u00e3o preparados para a primeira etapa da temporada, que tamb\u00e9m acontece no Bahrein, na semana que vem.<\/p>\n\n\n\n<p class=\"wp-block-paragraph\">\u201cAinda estou otimista de que, apesar do tempo de atividades que perdemos e das voltas limitadas, podemos fazer isso. No final, deixaremos a pista bem preparados para o primeiro fim de semana de corrida\u201d, encerrou.<\/p>\n\n\n\n<p class=\"wp-block-paragraph\">O <strong>GRANDE PR\u00caMIO<\/strong> acompanha a cobertura da pr\u00e9-temporada da F\u00f3rmula 1 no Bahrein <strong>AO VIVO<\/strong> e em <a href=\"https:\/\/www.grandepremio.com\/br\/ao-vivo\/f1\/testes-coletivos-f1-2022-bahrein-dia-2-ao-vivo-online-gratis-tempo-real-hoje\/\" target=\"_blank\" rel=\"noreferrer noopener\"><strong>TEMPO REAL<\/strong><\/a>. A an\u00e1lise acontece no <a href=\"https:\/\/www.youtube.com\/watch?v=wxq2nmUPnq8\" target=\"_blank\" rel=\"noreferrer noopener\">Briefing<\/a> assim que as atividades em pista acabarem.<\/p>\n\n\n\n<p class=\"wp-block-paragraph\"><strong>Leia tamb\u00e9m<\/strong><\/p>\n\n\n\n<p class=\"wp-block-paragraph\"><strong><a href=\"https:\/\/www.grandepremio.com\/br\/f1\/noticias\/haas-sondou-apenas-kevin-magnussen-vaga-nikita-mazepin-formula-1\/\" target=\"_blank\" rel=\"noreferrer noopener\">+Haas revela que sondou apenas Magnussen para vaga de Mazepin na F\u00f3rmula 1<\/a><\/strong><br><strong><a href=\"https:\/\/www.grandepremio.com\/br\/f1\/noticias\/albon-ano-promissor-proximidade-carros-bahrein\/\" target=\"_blank\" rel=\"noreferrer noopener\">+Albon v\u00ea ano promissor com proximidade dos carros no Bahrein: \u201cFizeram bom trabalho\u201d<\/a><\/strong><\/p>\n\n\n\n<figure class=\"wp-block-embed is-type-video is-provider-youtube wp-block-embed-youtube wp-embed-aspect-16-9 wp-has-aspect-ratio\"><div class=\"wp-block-embed__wrapper\">\n<iframe loading=\"lazy\" title=\"HAAS ACERTA NA ESCOLHA DE MAGNUSSEN PARA TAPAR BURACO, MAS FUTURO NA F\u00d3RMULA 1 \u00c9 ASSUSTADOR\" width=\"500\" height=\"281\" src=\"https:\/\/www.youtube.com\/embed\/tB1TfTo6bOQ?start=9&amp;feature=oembed\" frameborder=\"0\" allow=\"accelerometer; autoplay; clipboard-write; encrypted-media; gyroscope; picture-in-picture; web-share\" referrerpolicy=\"strict-origin-when-cross-origin\" allowfullscreen><\/iframe>\n<\/div><figcaption>HAAS ACERTA NA ESCOLHA DE MAGNUSSEN PARA TAPAR BURACO, MAS FUTURO NA F\u00d3RMULA 1 \u00c9 ASSUSTADOR<\/figcaption><\/figure>\n","protected":false},"excerpt":{"rendered":"<p>Andreas Seidl, chefe da equipe, admitiu que adversidade no componente limitou o n\u00famero de voltas percorridas pelo carro no circuito de Sakhir<\/p>\n","protected":false},"author":0,"featured_media":1000547543,"comment_status":"closed","ping_status":"closed","sticky":false,"template":"","format":"standard","meta":{"42wp_featured_image_caption":"","42wp_featured_image_credits":"","42wp_featured_video":"","42wp_featured_image_hidden":false,"42wp_authors_list":[],"footnotes":""},"categories":[2],"tags":[545,211,24837,26841,28285,547,90,30400,30947],"42wp_author":[47145],"class_list":["post-114080","post","type-post","status-publish","format-standard","has-post-thumbnail","hentry","category-f1","tag-andreas-seidl","tag-daniel-ricciardo","tag-formula-1-2","tag-formula-1-2022","tag-grandepremio","tag-lando-norris","tag-mclaren","tag-temporada-formula-1-2022","tag-testes-de-pre-temporada-2022","42wp_author-alessandro-pinheiro"],"_links":{"self":[{"href":"https:\/\/grandepremio.com\/br\/wp-json\/wp\/v2\/posts\/114080","targetHints":{"allow":["GET"]}}],"collection":[{"href":"https:\/\/grandepremio.com\/br\/wp-json\/wp\/v2\/posts"}],"about":[{"href":"https:\/\/grandepremio.com\/br\/wp-json\/wp\/v2\/types\/post"}],"replies":[{"embeddable":true,"href":"https:\/\/grandepremio.com\/br\/wp-json\/wp\/v2\/comments?post=114080"}],"version-history":[{"count":0,"href":"https:\/\/grandepremio.com\/br\/wp-json\/wp\/v2\/posts\/114080\/revisions"}],"wp:featuredmedia":[{"embeddable":true,"href":"https:\/\/grandepremio.com\/br\/wp-json\/wp\/v2\/media\/1000547543"}],"wp:attachment":[{"href":"https:\/\/grandepremio.com\/br\/wp-json\/wp\/v2\/media?parent=114080"}],"wp:term":[{"taxonomy":"category","embeddable":true,"href":"https:\/\/grandepremio.com\/br\/wp-json\/wp\/v2\/categories?post=114080"},{"taxonomy":"post_tag","embeddable":true,"href":"https:\/\/grandepremio.com\/br\/wp-json\/wp\/v2\/tags?post=114080"},{"taxonomy":"42wp_author","embeddable":true,"href":"https:\/\/grandepremio.com\/br\/wp-json\/wp\/v2\/42wp_author?post=114080"}],"curies":[{"name":"wp","href":"https:\/\/api.w.org\/{rel}","templated":true}]}}