{"id":114089,"date":"2022-03-11T15:27:47","date_gmt":"2022-03-11T18:27:47","guid":{"rendered":"https:\/\/grandepremio.com\/br\/noticias\/max-verstappen-valoriza-red-bull-competitiva-sem-nem-tentar-testes-bahrein\/"},"modified":"2022-03-11T15:31:40","modified_gmt":"2022-03-11T18:31:40","slug":"max-verstappen-valoriza-red-bull-competitiva-sem-nem-tentar-testes-bahrein","status":"publish","type":"post","link":"https:\/\/grandepremio.com\/br\/f1\/max-verstappen-valoriza-red-bull-competitiva-sem-nem-tentar-testes-bahrein\/","title":{"rendered":"Verstappen valoriza Red Bull &#8220;competitiva sem nem tentar&#8221; nos testes do Bahrein"},"content":{"rendered":"\n<figure class=\"wp-block-video\"><video class=\"video-js vjs-big-play-centered\" data-gp-vjs=\"1\" controls src=\"https:\/\/www.grandepremio.com\/br\/wp-content\/uploads\/2022\/03\/nicholas-latifi-fogo-teste.mp4\"><\/video><figcaption>O incidente com Nicholas Latifi que interrompeu o teste no Bahrein (V\u00eddeo: Reprodu\u00e7\u00e3o\/DAZN)<\/figcaption><\/figure>\n\n\n\n<p class=\"wp-block-paragraph\">Com a Red Bull, o campe\u00e3o mundial Max Verstappen foi o terceiro piloto mais r\u00e1pido da sexta-feira (11) de testes de pr\u00e9-temporada da F\u00f3rmula 1 no Bahrein. Foram 86 do holand\u00eas a bordo do RB-18 no dia, com 1min34s011 como melhor marca,<a href=\"https:\/\/www.grandepremio.com\/br\/f1\/noticias\/kevin-magnussen-chorinho-haas-volta-a-f1-tempo-mais-rapido-no-bahrein\/\"> atr\u00e1s apenas de <\/a>Kevin Magnussen (que fez tempo na parte extra do dia), da Haas, e Carlos Sainz, da Ferrari.<\/p>\n\n\n\n<p class=\"wp-block-paragraph\">Em entrevista ap\u00f3s a primeira participa\u00e7\u00e3o no Bahrein, j\u00e1 que Sergio P\u00e9rez assumiu o cockpit na quinta-feira, Verstappen ressaltou os desenvolvimentos feitos pela Red Bull dentro da garagem, e afirmou que o carro j\u00e1 parece competitivo mesmo sem ter dado o m\u00e1ximo do potencial at\u00e9 aqui.<\/p>\n\n\n\n<p class=\"wp-block-paragraph\">&#8220;Tivemos uma sequ\u00eancia boa de voltas ontem, hoje foi mais sobre explorar e testar diferentes coisas. Passamos mais tempo na garagem fazendo mudan\u00e7as ao carro e tomando mais riscos. Aprendemos mais e juntamos mais informa\u00e7\u00f5es hoje&#8221;, disse Verstappen em entrevista.<\/p>\n\n\n\n<figure class=\"wp-block-image size-large\"><img decoding=\"async\" src=\"https:\/\/www.grandepremio.com\/br\/wp-content\/uploads\/2022\/03\/000_324X34R-1024x683.jpg\" alt=\"\" class=\"wp-image-547516\"\/><figcaption>Max Verstappen se surpreendeu com desempenho bom da Red Bull (Foto: AFP)<\/figcaption><\/figure>\n\n\n\n<p class=\"wp-block-paragraph\"><strong>\u25b6\ufe0f\u00a0Inscreva-se nos dois canais do GRANDE PR\u00caMIO no YouTube:\u00a0<a href=\"https:\/\/www.youtube.com\/channel\/UC9OlHEgxoaY6QY6nWPoiqQg?sub_confirmation=1\" target=\"_blank\" rel=\"noreferrer noopener\">GP<\/a>\u00a0|\u00a0<a href=\"https:\/\/www.youtube.com\/channel\/UC9csiS6q_C3C0FYhyr1rnFA?sub_confirmation=1\" target=\"_blank\" rel=\"noreferrer noopener\">GP2<\/a><\/strong><\/p>\n\n\n\n<p class=\"wp-block-paragraph\">&#8220;Estou muito feliz pelo que encontramos, estamos melhorando em diferentes dire\u00e7\u00f5es, e isso \u00e9 muito positivo. Somos razoavelmente competitivos sem nem tentar. At\u00e9 aqui, o carro \u00e9 bem bom, mas sempre existem \u00e1reas a serem trabalhadas&#8221;, prosseguiu.<\/p>\n\n\n\n<p class=\"wp-block-paragraph\">Depois dos primeiros dias de testes em&nbsp;<a href=\"https:\/\/es.grandepremio.com\/\" target=\"_blank\" rel=\"noreferrer noopener\">Barcelona<\/a>, a&nbsp;<a href=\"https:\/\/www.grandepremio.com\/formula-1\/\" target=\"_blank\" rel=\"noreferrer noopener\">F\u00f3rmula 1<\/a>&nbsp;retoma as atividades para a temporada 2022. O palco agora \u00e9 o Bahrein, que sedia tamb\u00e9m a primeira corrida do campeonato, em 20 de mar\u00e7o. Ser\u00e3o mais tr\u00eas dias de trabalhos no circuito de Sakhir, entre 4h e 13h (de Bras\u00edlia). A maior categoria do esporte a motor vive uma revolu\u00e7\u00e3o t\u00e9cnica neste ano. Na tentativa de melhorar o espet\u00e1culo e equilibrar as for\u00e7as do grid, a&nbsp;<a href=\"https:\/\/www.grandepremio.com\/formula-1\/\" target=\"_blank\" rel=\"noreferrer noopener\">F1&nbsp;<\/a>aposta no conceito do efeito-solo \u2013 configura\u00e7\u00e3o aerodin\u00e2mica usada j\u00e1 no fim dos anos 1980. Mas que vem desenhada.<\/p>\n\n\n\n<p class=\"wp-block-paragraph\">Al\u00e9m de toda a expectativa envolvendo o novo regulamento, o Mundial tamb\u00e9m espera uma revanche entre&nbsp;<a href=\"https:\/\/www.grandepremio.com\/br\/piloto\/max-verstappen\/\" target=\"_blank\" rel=\"noreferrer noopener\">Max Verstappen<\/a>&nbsp;e&nbsp;<a href=\"https:\/\/www.grandepremio.com\/br\/piloto\/lewis-hamilton\/\" target=\"_blank\" rel=\"noreferrer noopener\">Lewis Hamilton<\/a>. Os dois pilotos travaram uma dura batalha pelo t\u00edtulo em 2021 e a tend\u00eancia \u00e9 que a briga siga mais uma vez, mas agora com outros elementos.<\/p>\n\n\n\n<p class=\"wp-block-paragraph\">O\u00a0<strong>GRANDE PR\u00caMIO<\/strong>\u00a0acompanha a cobertura da pr\u00e9-temporada da\u00a0<a href=\"https:\/\/www.grandepremio.com\/formula-1\/\" target=\"_blank\" rel=\"noreferrer noopener\">F\u00f3rmula 1<\/a>\u00a0no Bahrein\u00a0<strong>AO VIVO<\/strong>\u00a0e em\u00a0<a href=\"https:\/\/www.grandepremio.com\/br\/ao-vivo\/f1\/testes-coletivos-f1-2022-bahrein-dia-1-ao-vivo-online-gratis-tempo-real-hoje\/\" target=\"_blank\" rel=\"noreferrer noopener\"><strong>TEMPO REAL<\/strong><\/a>. A an\u00e1lise acontece no\u00a0<a href=\"https:\/\/www.youtube.com\/watch?v=IXs-uKaoGsw\" target=\"_blank\" rel=\"noreferrer noopener\">Briefing<\/a>\u00a0assim que as atividades em pista acabarem.<\/p>\n\n\n\n<figure class=\"wp-block-embed is-type-video is-provider-youtube wp-block-embed-youtube wp-embed-aspect-16-9 wp-has-aspect-ratio\"><div class=\"wp-block-embed__wrapper\">\n<iframe loading=\"lazy\" title=\"F\u00d3RMULA 1 AO VIVO: O DIA 2 DA PR\u00c9-TEMPORADA NO BAHREIN | Briefing\" width=\"500\" height=\"281\" src=\"https:\/\/www.youtube.com\/embed\/wxq2nmUPnq8?feature=oembed\" frameborder=\"0\" allow=\"accelerometer; autoplay; clipboard-write; encrypted-media; gyroscope; picture-in-picture; web-share\" referrerpolicy=\"strict-origin-when-cross-origin\" allowfullscreen><\/iframe>\n<\/div><figcaption>F\u00d3RMULA 1 AO VIVO: O DIA 2 DA PR\u00c9-TEMPORADA NO BAHREIN | Briefing<\/figcaption><\/figure>\n","protected":false},"excerpt":{"rendered":"<p>Max Verstappen elogiou o dia de testes e experimentos da Red Bull na garagem e na pista, e cr\u00ea que carro j\u00e1 est\u00e1 competitivo mesmo sem fazer muito esfor\u00e7o na pr\u00e9-temporada<\/p>\n","protected":false},"author":0,"featured_media":1000547511,"comment_status":"closed","ping_status":"closed","sticky":false,"template":"","format":"standard","meta":{"42wp_featured_image_caption":"","42wp_featured_image_credits":"","42wp_featured_video":"","42wp_featured_image_hidden":false,"42wp_authors_list":[],"footnotes":""},"categories":[2],"tags":[1667,147,26841,203,25297,30799,204],"42wp_author":[47119],"class_list":["post-114089","post","type-post","status-publish","format-standard","has-post-thumbnail","hentry","category-f1","tag-bahrein","tag-f1","tag-formula-1-2022","tag-max-verstappen","tag-pre-temporada-2","tag-rb18","tag-red-bull","42wp_author-gabriel-carvalho"],"_links":{"self":[{"href":"https:\/\/grandepremio.com\/br\/wp-json\/wp\/v2\/posts\/114089","targetHints":{"allow":["GET"]}}],"collection":[{"href":"https:\/\/grandepremio.com\/br\/wp-json\/wp\/v2\/posts"}],"about":[{"href":"https:\/\/grandepremio.com\/br\/wp-json\/wp\/v2\/types\/post"}],"replies":[{"embeddable":true,"href":"https:\/\/grandepremio.com\/br\/wp-json\/wp\/v2\/comments?post=114089"}],"version-history":[{"count":0,"href":"https:\/\/grandepremio.com\/br\/wp-json\/wp\/v2\/posts\/114089\/revisions"}],"wp:featuredmedia":[{"embeddable":true,"href":"https:\/\/grandepremio.com\/br\/wp-json\/wp\/v2\/media\/1000547511"}],"wp:attachment":[{"href":"https:\/\/grandepremio.com\/br\/wp-json\/wp\/v2\/media?parent=114089"}],"wp:term":[{"taxonomy":"category","embeddable":true,"href":"https:\/\/grandepremio.com\/br\/wp-json\/wp\/v2\/categories?post=114089"},{"taxonomy":"post_tag","embeddable":true,"href":"https:\/\/grandepremio.com\/br\/wp-json\/wp\/v2\/tags?post=114089"},{"taxonomy":"42wp_author","embeddable":true,"href":"https:\/\/grandepremio.com\/br\/wp-json\/wp\/v2\/42wp_author?post=114089"}],"curies":[{"name":"wp","href":"https:\/\/api.w.org\/{rel}","templated":true}]}}