{"id":114104,"date":"2022-03-11T06:14:33","date_gmt":"2022-03-11T09:14:33","guid":{"rendered":"https:\/\/grandepremio.com\/br\/noticias\/nicholas-latifi-roda-incendio-williams-treino-bahrein-interrompido\/"},"modified":"2022-03-11T06:14:41","modified_gmt":"2022-03-11T09:14:41","slug":"nicholas-latifi-roda-incendio-williams-treino-bahrein-interrompido","status":"publish","type":"post","link":"https:\/\/grandepremio.com\/br\/f1\/nicholas-latifi-roda-incendio-williams-treino-bahrein-interrompido\/","title":{"rendered":"Latifi roda ap\u00f3s princ\u00edpio de inc\u00eandio na Williams, e treino no Bahrein \u00e9 interrompido"},"content":{"rendered":"\n<figure class=\"wp-block-video\"><video class=\"video-js vjs-big-play-centered\" data-gp-vjs=\"1\" controls src=\"https:\/\/www.grandepremio.com\/br\/wp-content\/uploads\/2022\/03\/nicholas-latifi-fogo-teste.mp4\"><\/video><figcaption>O incidente com Nicholas Latifi que interrompeu o teste no Bahrein (V\u00eddeo: Reprodu\u00e7\u00e3o\/DAZN)<\/figcaption><\/figure>\n\n\n\n<p class=\"wp-block-paragraph\">Nicholas Latifi levou um susto na manh\u00e3 desta sexta-feira (11) no Bahrein. Depois de apenas 12 voltas, o canadense teve de abandonar o FW44 \u00e0s pressas depois de um princ\u00edpio de inc\u00eandio na traseira do carro da Williams.<\/p>\n\n\n\n<p class=\"wp-block-paragraph\">Latifi entrou na reta oposta do circuito de Sakhir j\u00e1 com a roda traseira pegando fogo e rodou na curva 12. O fiscal de pista correu para debelar as chamas com um extintor, mas levou um susto com uma pequena explos\u00e3o que veio na sequ\u00eancia.<\/p>\n\n\n\n<figure class=\"wp-block-image size-large\"><img decoding=\"async\" src=\"https:\/\/www.grandepremio.com\/br\/wp-content\/uploads\/2022\/03\/latifi-incendio-testes-1024x578.jpg\" alt=\"\" class=\"wp-image-547388\"\/><figcaption>Carro de Nicholas Latifi pegou fogo no meio do teste (Foto: Reprodu\u00e7\u00e3o)<\/figcaption><\/figure>\n\n\n\n<p class=\"wp-block-paragraph\">\u25b6\ufe0f\u00a0<strong>Inscreva-se nos dois canais do GRANDE PR\u00caMIO no YouTube:\u00a0<a href=\"https:\/\/www.youtube.com\/channel\/UC9OlHEgxoaY6QY6nWPoiqQg?sub_confirmation=1\">GP<\/a>\u00a0|\u00a0<a href=\"https:\/\/www.youtube.com\/channel\/UC9csiS6q_C3C0FYhyr1rnFA?sub_confirmation=1\">GP2<\/a><\/strong><\/p>\n\n\n\n<p class=\"wp-block-paragraph\">Depois de inicialmente correr para longe do carro, Nicholas voltou ao local e, com um extintor nas m\u00e3os, ajudou a conter o fogo, que come\u00e7ou pelo freio traseiro.<\/p>\n\n\n\n<p class=\"wp-block-paragraph\">A transmiss\u00e3o do servi\u00e7o de streaming espanhol DAZN especula que Latifi rodou em consequ\u00eancia de uma quebra de suspens\u00e3o causada pelas chamas.<\/p>\n\n\n\n<p class=\"wp-block-paragraph\">O\u00a0<strong>GRANDE PR\u00caMIO<\/strong>\u00a0acompanha a cobertura da pr\u00e9-temporada da\u00a0<a href=\"https:\/\/www.grandepremio.com\/formula-1\/\" target=\"_blank\" rel=\"noreferrer noopener\">F\u00f3rmula 1<\/a>\u00a0no Bahrein\u00a0<a href=\"https:\/\/www.grandepremio.com\/br\/ao-vivo\/f1\/testes-coletivos-f1-2022-bahrein-dia-2-ao-vivo-online-gratis-tempo-real-hoje\/\">AO VIVO e em\u00a0<\/a><a href=\"https:\/\/www.grandepremio.com\/br\/ao-vivo\/\" target=\"_blank\" rel=\"noreferrer noopener\">TEMPO REAL<\/a>. A an\u00e1lise acontece no\u00a0<a href=\"https:\/\/www.youtube.com\/c\/GrandePremioTV\/videos\">Briefing<\/a>\u00a0assim que as atividades em pista acabarem.<\/p>\n\n\n\n<figure class=\"wp-block-embed is-type-video is-provider-youtube wp-block-embed-youtube wp-embed-aspect-16-9 wp-has-aspect-ratio\"><div class=\"wp-block-embed__wrapper\">\n<iframe loading=\"lazy\" title=\"AO VIVO: O DIA 1 DA PR\u00c9-TEMPORADA DA F\u00d3RMULA 1 2022 NO BAHREIN | Briefing\" width=\"500\" height=\"281\" src=\"https:\/\/www.youtube.com\/embed\/IXs-uKaoGsw?feature=oembed\" frameborder=\"0\" allow=\"accelerometer; autoplay; clipboard-write; encrypted-media; gyroscope; picture-in-picture; web-share\" referrerpolicy=\"strict-origin-when-cross-origin\" allowfullscreen><\/iframe>\n<\/div><figcaption>AO VIVO: O DIA 1 DA PR\u00c9-TEMPORADA DA F\u00d3RMULA 1 2022 NO BAHREIN | Briefing<\/figcaption><\/figure>\n","protected":false},"excerpt":{"rendered":"<p>A sess\u00e3o desta manh\u00e3 de sexta-feira (11) precisou ser interrompida por conta de um incidente com Nicholas Latifi na curva 12. O piloto escapou de ferimentos<\/p>\n","protected":false},"author":0,"featured_media":1000547387,"comment_status":"closed","ping_status":"closed","sticky":false,"template":"","format":"standard","meta":{"42wp_featured_image_caption":"","42wp_featured_image_credits":"","42wp_featured_video":"","42wp_featured_image_hidden":false,"42wp_authors_list":[],"footnotes":""},"categories":[2],"tags":[147,1357,24837,26841,30732,801,215],"42wp_author":[47113],"class_list":["post-114104","post","type-post","status-publish","format-standard","has-post-thumbnail","hentry","category-f1","tag-f1","tag-f1-2022","tag-formula-1-2","tag-formula-1-2022","tag-formula-1-classificacao-2022","tag-nicholas-latifi","tag-williams","42wp_author-juliana-tesser"],"_links":{"self":[{"href":"https:\/\/grandepremio.com\/br\/wp-json\/wp\/v2\/posts\/114104","targetHints":{"allow":["GET"]}}],"collection":[{"href":"https:\/\/grandepremio.com\/br\/wp-json\/wp\/v2\/posts"}],"about":[{"href":"https:\/\/grandepremio.com\/br\/wp-json\/wp\/v2\/types\/post"}],"replies":[{"embeddable":true,"href":"https:\/\/grandepremio.com\/br\/wp-json\/wp\/v2\/comments?post=114104"}],"version-history":[{"count":0,"href":"https:\/\/grandepremio.com\/br\/wp-json\/wp\/v2\/posts\/114104\/revisions"}],"wp:featuredmedia":[{"embeddable":true,"href":"https:\/\/grandepremio.com\/br\/wp-json\/wp\/v2\/media\/1000547387"}],"wp:attachment":[{"href":"https:\/\/grandepremio.com\/br\/wp-json\/wp\/v2\/media?parent=114104"}],"wp:term":[{"taxonomy":"category","embeddable":true,"href":"https:\/\/grandepremio.com\/br\/wp-json\/wp\/v2\/categories?post=114104"},{"taxonomy":"post_tag","embeddable":true,"href":"https:\/\/grandepremio.com\/br\/wp-json\/wp\/v2\/tags?post=114104"},{"taxonomy":"42wp_author","embeddable":true,"href":"https:\/\/grandepremio.com\/br\/wp-json\/wp\/v2\/42wp_author?post=114104"}],"curies":[{"name":"wp","href":"https:\/\/api.w.org\/{rel}","templated":true}]}}