{"id":114107,"date":"2022-03-11T04:19:37","date_gmt":"2022-03-11T07:19:37","guid":{"rendered":"https:\/\/grandepremio.com\/br\/noticias\/mclaren-descarta-covid-daniel-ricciardo-afastado-teste-bahrein\/"},"modified":"2022-03-11T04:19:44","modified_gmt":"2022-03-11T07:19:44","slug":"mclaren-descarta-covid-daniel-ricciardo-afastado-teste-bahrein","status":"publish","type":"post","link":"https:\/\/grandepremio.com\/br\/f1\/mclaren-descarta-covid-daniel-ricciardo-afastado-teste-bahrein\/","title":{"rendered":"McLaren descarta Covid, mas mant\u00e9m Ricciardo afastado de testes por precau\u00e7\u00e3o"},"content":{"rendered":"\n<figure class=\"wp-block-embed is-type-video is-provider-youtube wp-block-embed-youtube wp-embed-aspect-16-9 wp-has-aspect-ratio\"><div class=\"wp-block-embed__wrapper\">\n<iframe loading=\"lazy\" title=\"AO VIVO: O DIA 1 DA PR\u00c9-TEMPORADA DA F\u00d3RMULA 1 2022 NO BAHREIN | Briefing\" width=\"500\" height=\"281\" src=\"https:\/\/www.youtube.com\/embed\/IXs-uKaoGsw?feature=oembed\" frameborder=\"0\" allow=\"accelerometer; autoplay; clipboard-write; encrypted-media; gyroscope; picture-in-picture; web-share\" referrerpolicy=\"strict-origin-when-cross-origin\" allowfullscreen><\/iframe>\n<\/div><figcaption>AO VIVO: O DIA 1 DA PR\u00c9-TEMPORADA DA F\u00d3RMULA 1 2022 NO BAHREIN | Briefing<\/figcaption><\/figure>\n\n\n\n<p class=\"wp-block-paragraph\">A McLaren segue com problemas em sua programa\u00e7\u00e3o de testes no Bahrein. Daniel Ricciardo perdeu as primeiras atividades de pista e vai continuar afastado nesta sexta-feira (11) por seguir sentido-se mal para acelerar o carro.<\/p>\n\n\n\n<p class=\"wp-block-paragraph\">Ricciardo estava escalado para abrir o primeiro dia da F1 no Bahrein, mas se sentiu mal e ficou de fora, sendo substitu\u00eddo pelo companheiro Lando Norris. No segundo dia, ambos dividiriam o carro, mas s\u00f3 o brit\u00e2nico vai andar novamente.<\/p>\n\n\n\n<p class=\"wp-block-paragraph\">\u00a0<strong>\u25b6\ufe0f Inscreva-se nos dois canais do GRANDE PR\u00caMIO no YouTube:\u00a0<a href=\"https:\/\/www.youtube.com\/channel\/UC9OlHEgxoaY6QY6nWPoiqQg?sub_confirmation=1\">GP<\/a>\u00a0|\u00a0<a href=\"https:\/\/www.youtube.com\/channel\/UC9csiS6q_C3C0FYhyr1rnFA?sub_confirmation=1\">GP2<\/a><\/strong><\/p>\n\n\n\n<figure class=\"wp-block-image size-large\"><img decoding=\"async\" src=\"https:\/\/www.grandepremio.com\/br\/wp-content\/uploads\/2022\/02\/Testes9-1024x683.png\" alt=\"\" class=\"wp-image-543897\"\/><figcaption>Daniel Ricciardo segue fora das pistas por se sentir mal em Sakhir (Foto: F1)<\/figcaption><\/figure>\n\n\n\n<p class=\"wp-block-paragraph\">&#8220;Em uma mudan\u00e7a na nossa programa\u00e7\u00e3o planejada, Lando [Norris] vai continuar pilotando o MCL36 nesta manh\u00e3. Daniel [Ricciardo] come\u00e7ou a se sentir mal ontem de manh\u00e3 e, apesar de mostrar sinais de melhora, a equipe vai continuar avaliando-o antes de reassumir suas fun\u00e7\u00f5es&#8221;, escrveu a McLaren nas redes sociais.<\/p>\n\n\n\n<p class=\"wp-block-paragraph\">A McLaren, por\u00e9m, fez quest\u00e3o de descartar a possibilidade do australiano estar com Covid-19 e revelou que diversos testes foram realizados nos \u00faltimos dias.<\/p>\n\n\n\n<p class=\"wp-block-paragraph\">&#8220;Daniel fez diversos testes protocolares de Covid-19 neste per\u00edodo, sendo que todos deram negativo&#8221;, completou a nota.<\/p>\n\n\n\n<p class=\"wp-block-paragraph\">O\u00a0<strong>GRANDE PR\u00caMIO<\/strong>\u00a0acompanha a cobertura da pr\u00e9-temporada da F\u00f3rmula 1 no Bahrein\u00a0<a target=\"_blank\" href=\"https:\/\/www.grandepremio.com\/br\/ao-vivo\/f1\/testes-coletivos-f1-2022-bahrein-dia-1-ao-vivo-online-gratis-tempo-real-hoje\/\" rel=\"noreferrer noopener\">AO VIVO e em TEMPO REAL<\/a>. A an\u00e1lise acontece no\u00a0<a target=\"_blank\" href=\"https:\/\/www.youtube.com\/c\/GrandePremioTV)\" rel=\"noreferrer noopener\">Briefing<\/a>\u00a0assim que as atividades em pista acabarem.<\/p>\n\n\n\n<figure class=\"wp-block-embed is-type-video is-provider-youtube wp-block-embed-youtube wp-embed-aspect-16-9 wp-has-aspect-ratio\"><div class=\"wp-block-embed__wrapper\">\n<iframe loading=\"lazy\" title=\"O QUE \u00c9 &amp;apos;PORPOISING&amp;apos; E POR QUE OS CARROS DA F\u00d3RMULA 1 2022 EST\u00c3O QUICANDO?\" width=\"500\" height=\"281\" src=\"https:\/\/www.youtube.com\/embed\/6oSYG6-LNQ8?feature=oembed\" frameborder=\"0\" allow=\"accelerometer; autoplay; clipboard-write; encrypted-media; gyroscope; picture-in-picture; web-share\" referrerpolicy=\"strict-origin-when-cross-origin\" allowfullscreen><\/iframe>\n<\/div><figcaption>O QUE \u00c9 PORPOISING E POR QUE OS CARROS DA F\u00d3RMULA 1 2022 EST\u00c3O \u201cQUICANDO\u201d?<\/figcaption><\/figure>\n","protected":false},"excerpt":{"rendered":"<p>Daniel Ricciardo vai perder mais um dia dos treinos da F\u00f3rmula 1 no Bahrein, pois segue passando mal. Apesar disso, a McLaren afirmou que os testes de Covid feitos deram negativo<\/p>\n","protected":false},"author":0,"featured_media":1000519292,"comment_status":"closed","ping_status":"closed","sticky":false,"template":"","format":"standard","meta":{"42wp_featured_image_caption":"","42wp_featured_image_credits":"","42wp_featured_video":"","42wp_featured_image_hidden":false,"42wp_authors_list":[],"footnotes":""},"categories":[2],"tags":[1667,24858,211,147,1357,642,24837,26841,547,90,27452,1756,29224,305,1979],"42wp_author":[47135],"class_list":["post-114107","post","type-post","status-publish","format-standard","has-post-thumbnail","hentry","category-f1","tag-bahrein","tag-covid-19","tag-daniel-ricciardo","tag-f1","tag-f1-2022","tag-f1-ao-vivo","tag-formula-1-2","tag-formula-1-2022","tag-lando-norris","tag-mclaren","tag-pre-temporada-f1","tag-sakhir","tag-temporada-f1-2022","tag-testes","tag-testes-f1","42wp_author-pedro-luis-cuenca"],"_links":{"self":[{"href":"https:\/\/grandepremio.com\/br\/wp-json\/wp\/v2\/posts\/114107","targetHints":{"allow":["GET"]}}],"collection":[{"href":"https:\/\/grandepremio.com\/br\/wp-json\/wp\/v2\/posts"}],"about":[{"href":"https:\/\/grandepremio.com\/br\/wp-json\/wp\/v2\/types\/post"}],"replies":[{"embeddable":true,"href":"https:\/\/grandepremio.com\/br\/wp-json\/wp\/v2\/comments?post=114107"}],"version-history":[{"count":0,"href":"https:\/\/grandepremio.com\/br\/wp-json\/wp\/v2\/posts\/114107\/revisions"}],"wp:featuredmedia":[{"embeddable":true,"href":"https:\/\/grandepremio.com\/br\/wp-json\/wp\/v2\/media\/1000519292"}],"wp:attachment":[{"href":"https:\/\/grandepremio.com\/br\/wp-json\/wp\/v2\/media?parent=114107"}],"wp:term":[{"taxonomy":"category","embeddable":true,"href":"https:\/\/grandepremio.com\/br\/wp-json\/wp\/v2\/categories?post=114107"},{"taxonomy":"post_tag","embeddable":true,"href":"https:\/\/grandepremio.com\/br\/wp-json\/wp\/v2\/tags?post=114107"},{"taxonomy":"42wp_author","embeddable":true,"href":"https:\/\/grandepremio.com\/br\/wp-json\/wp\/v2\/42wp_author?post=114107"}],"curies":[{"name":"wp","href":"https:\/\/api.w.org\/{rel}","templated":true}]}}