{"id":114127,"date":"2022-03-10T08:08:34","date_gmt":"2022-03-10T11:08:34","guid":{"rendered":"https:\/\/grandepremio.com\/br\/noticias\/charles-leclerc-mantem-bom-momento-ferrari-abre-dia-testes-lideranca-bahrein\/"},"modified":"2022-03-10T10:52:44","modified_gmt":"2022-03-10T13:52:44","slug":"charles-leclerc-mantem-bom-momento-ferrari-abre-dia-testes-lideranca-bahrein","status":"publish","type":"post","link":"https:\/\/grandepremio.com\/br\/f1\/charles-leclerc-mantem-bom-momento-ferrari-abre-dia-testes-lideranca-bahrein\/","title":{"rendered":"Leclerc mant\u00e9m bom momento da Ferrari e abre dia de testes na lideran\u00e7a no Bahrein"},"content":{"rendered":"\n<figure class=\"wp-block-embed is-type-video is-provider-youtube wp-block-embed-youtube wp-embed-aspect-16-9 wp-has-aspect-ratio\"><div class=\"wp-block-embed__wrapper\">\n<iframe loading=\"lazy\" title=\"COMO O N\u00daMERO #1 PASSOU A SER USADO PELOS CAMPE\u00d5ES DA F\u00d3RMULA 1?\" width=\"500\" height=\"281\" src=\"https:\/\/www.youtube.com\/embed\/gVdCmYTsSIc?feature=oembed\" frameborder=\"0\" allow=\"accelerometer; autoplay; clipboard-write; encrypted-media; gyroscope; picture-in-picture; web-share\" referrerpolicy=\"strict-origin-when-cross-origin\" allowfullscreen><\/iframe>\n<\/div><figcaption>COMO O N\u00daMERO #1 PASSOU A SER USADO PELOS CAMPE\u00d5ES DA F\u00d3RMULA 1?<\/figcaption><\/figure>\n\n\n\n<p class=\"wp-block-paragraph\"><a href=\"https:\/\/www.grandepremio.com\/br\/f1\/noticias\/charles-leclerc-ferrari-lidera-manha-dia-1-testes-f1-barcelona\/\">Assim como em Barcelona<\/a>, Charles Leclerc liderou a primeira parte do dia 1 de testes da pr\u00e9-temporada da F\u00f3rmula 1, dessa vez no Bahrein. Com tempo de 1min34s531 e pneus C3, o monegasco foi para a parada de almo\u00e7o no circuito de Sakhir, nesta quinta-feira (10), com a melhor marca geral.<\/p>\n\n\n\n<p class=\"wp-block-paragraph\">O piloto da Ferrari, que anotou seu melhor tempo durante a segunda hora de sess\u00e3o e ficou tranquilo em primeiro depois, \u00e0 frente de Alex Albon, da Williams. Com compostos mais macios (C4), o tailand\u00eas terminou 0s5 atr\u00e1s, com 1min35s070. Sebastian Vettel, da Aston Martin, foi o terceiro, com 1min35s706, de C3.<\/p>\n\n\n\n<p class=\"wp-block-paragraph\">Com 70 voltas na manh\u00e3 de Sakhir, maior n\u00famero entre os pilotos da sess\u00e3o inicial, Sergio P\u00e9rez ficou em quarto, seguido de Lewis Hamilton e seu W13 inovador, com &#8216;zeropods&#8217;. Esteban Ocon, Guanyu Zhou, Lando Norris e Pierre Gasly completaram a tabela, nessa ordem. A Haas n\u00e3o participou da pr\u00e1tica pela manh\u00e3.<\/p>\n\n\n\n<p class=\"wp-block-paragraph\">O\u00a0<strong>GRANDE PR\u00caMIO<\/strong>\u00a0acompanha a cobertura da pr\u00e9-temporada da\u00a0<a href=\"https:\/\/www.grandepremio.com\/formula-1\/\" target=\"_blank\" rel=\"noreferrer noopener\">F\u00f3rmula 1<\/a>\u00a0no Bahrein\u00a0<a href=\"https:\/\/www.grandepremio.com\/br\/ao-vivo\/f1\/testes-coletivos-f1-2022-bahrein-dia-1-ao-vivo-online-gratis-tempo-real-hoje\/\" target=\"_blank\" rel=\"noreferrer noopener\">AO VIVO e em TEMPO REAL<\/a>. A an\u00e1lise acontece no\u00a0<a href=\"https:\/\/www.youtube.com\/c\/GrandePremioTV)\" target=\"_blank\" rel=\"noreferrer noopener\">Briefing<\/a>\u00a0assim que as atividades em pista acabarem. O dia de testes continua a partir das 9h (de Bras\u00edlia).<\/p>\n\n\n\n<p class=\"wp-block-paragraph\"><strong>\u25b6\ufe0f&nbsp;Inscreva-se nos dois canais do GRANDE PR\u00caMIO no YouTube:&nbsp;<a href=\"https:\/\/www.youtube.com\/channel\/UC9OlHEgxoaY6QY6nWPoiqQg?sub_confirmation=1\" target=\"_blank\" rel=\"noreferrer noopener\">GP<\/a>&nbsp;|&nbsp;<a href=\"https:\/\/www.youtube.com\/channel\/UC9csiS6q_C3C0FYhyr1rnFA?sub_confirmation=1\" target=\"_blank\" rel=\"noreferrer noopener\">GP2<\/a><\/strong><\/p>\n\n\n\n<figure class=\"wp-block-image size-large\"><img decoding=\"async\" src=\"https:\/\/www.grandepremio.com\/br\/wp-content\/uploads\/2022\/03\/leclerc-2-1024x680.jpg\" alt=\"\" class=\"wp-image-547092\"\/><figcaption>Leclerc liderou boa parte da sess\u00e3o da manh\u00e3 no Bahrein (Foto: Ferrari)<\/figcaption><\/figure>\n\n\n\n<h3 class=\"wp-block-heading\"><strong>Confira como foi a primeira sess\u00e3o de testes:<\/strong><\/h3>\n\n\n\n<p class=\"wp-block-paragraph\">A manh\u00e3 de trabalhos em Sakhir come\u00e7ou no hor\u00e1rio, \u00e0s 04h (hor\u00e1rio de Bras\u00edlia), com Pierre Gasly e Guanyu Zhou sendo os primeiros a se apresentarem na pista. Mas os holofotes estavam voltados para fora do circuito bareinita, mais especificamente nos boxes da Mercedes: l\u00e1 dentro, a equipe alem\u00e3 <a href=\"https:\/\/www.grandepremio.com\/br\/f1\/noticias\/mercedes-confirma-conceito-radical-leva-w13-quase-sem-sidepods-teste-bahrein\/\">apresentava uma vers\u00e3o atualizada do W13, quase sem sidepods<\/a>. A mudan\u00e7a era esperada, mas nem por isso deixou de ser o assunto principal do in\u00edcio da sess\u00e3o.<\/p>\n\n\n\n<p class=\"wp-block-paragraph\">Nos primeiros dez minutos de testes, a Mercedes (com sensores) e a Aston Martin eram as equipes que mais rodavam na pista. Pelo monitor, Christian Horner e Helmut Marko observavam o W13 &#8211; o chefe da equipe austr\u00edaca chegou a afirmar <a href=\"https:\/\/www.grandepremio.com\/br\/f1\/noticias\/christian-horner-diz-carro-mercedes-ilegal-toto-wolff-desafia-como-ele-sabe-meia-hora\/\">que o modelo rival era &#8220;ilegal&#8221;, mas voltou atr\u00e1s na declara\u00e7\u00e3o, que gerou uma resposta de Toto Wolff<\/a>. A pol\u00eamica reacendeu \u2013 cedo, \u00e9 verdade \u2013 a rivalidade entre os dois times da categoria, que atingiu o seu \u00e1pice com a conclus\u00e3o da temporada de 2021 da&nbsp;<a href=\"https:\/\/www.grandepremio.com\/formula-1\/\" target=\"_blank\" rel=\"noreferrer noopener\">F\u00f3rmula 1<\/a>.<\/p>\n\n\n\n<p class=\"wp-block-paragraph\">Enquanto isso, Sergio P\u00e9rez assumia a primeira posi\u00e7\u00e3o com 30 minutos de sess\u00e3o na conta: 1min37s950. Pouco depois, Charles Leclerc anotou 1min35s953, com pneus C4, seguido de Sebastian Vettel &#8211; <a href=\"https:\/\/www.grandepremio.com\/br\/f1\/noticias\/letra-imagine-sebastian-vettel-capacete-especial-apoio-ucrania-testes-f1\/\">que competiu com um capacete em apoio a Ucr\u00e2nia<\/a> -, com 1min37s495, de compostos C2. O monegasco da Ferrari fechou a primeira hora de testes na lideran\u00e7a.<\/p>\n\n\n\n<figure class=\"wp-block-image size-large\"><img decoding=\"async\" src=\"https:\/\/www.grandepremio.com\/br\/wp-content\/uploads\/2022\/03\/mercedes-novocarro-afp-01-1024x675.jpg\" alt=\"\" class=\"wp-image-547110\"\/><figcaption>Temporada da F1 2022 come\u00e7a no Bahrein, no dia 20 (Foto: AFP)<\/figcaption><\/figure>\n\n\n\n<p class=\"wp-block-paragraph\">A partir da hora inicial, os times come\u00e7aram a ver, gradativamente, mais tempo de pista. A exce\u00e7\u00e3o foi a Haas, <a href=\"https:\/\/www.grandepremio.com\/br\/f1\/noticias\/haas-divulga-pintura-atualizada-2022-sem-cores-bandeira-russia\/\">que mesmo revelando a nova pintura do VF-22<\/a>, sequer participou da sess\u00e3o &#8211; um atraso na chegada de equipamentos ao Bahrein, consequente de um problema no avi\u00e3o cargueiro, foi a causa da aus\u00eancia. A expectativa da equipe \u00e9 estar presente no per\u00edodo da tarde no circuito de Sakhir, com o brasileiro&nbsp;<a href=\"https:\/\/www.grandepremio.com\/br\/piloto\/pietro-fittipaldi\/\" target=\"_blank\" rel=\"noreferrer noopener\">Pietro Fittipaldi<\/a>&nbsp;no volante.<\/p>\n\n\n\n<p class=\"wp-block-paragraph\">Com Lewis Hamilton e Guanyu Zhou no comando, respectivamente, a Mercedes e a Alfa Romeo eram as equipes que mais andavam no circuito de Sakhir. No entanto, foi Leclerc que movimentou a frente da tabela mais uma vez, marcando 1min35s953 de pneus C4. Pouco ap\u00f3s, dessa vez de compostos C3, o piloto da Ferrari abaixou o pr\u00f3prio tempo em mais de um segundo: 1min34s531, dois segundos \u00e0 frente de Sergio P\u00e9rez (de C2).<\/p>\n\n\n\n<p class=\"wp-block-paragraph\">De pneus C3, Hamilton come\u00e7ou a rodar mais r\u00e1pido no circuito e marcou 1min36s365. J\u00e1 a Alpine, que encontrou problemas com o mecanismo em Barcelona, enfim conseguiu usar o DRS na reta principal em Sakhir &#8211; Esteban Ocon foi o representante da equipe na primeira sess\u00e3o de testes.<\/p>\n\n\n\n<figure class=\"wp-block-image size-large\"><img decoding=\"async\" src=\"https:\/\/www.grandepremio.com\/br\/wp-content\/uploads\/2022\/03\/SI202203100043_hires_jpeg_24bit_rgb-1024x683.jpg\" alt=\"\" class=\"wp-image-547075\"\/><figcaption>Sergio P\u00e9rez andando com seu RB18 nesta quinta-feira (Foto: Lars Baron\/Getty Images)<\/figcaption><\/figure>\n\n\n\n<p class=\"wp-block-paragraph\">Na terceira hora de sess\u00e3o, Checo &#8211; que foi o primeiro a alcan\u00e7ar a marca de 50 voltas &#8211; e Alex Albon conseguiram melhorar seus tempos at\u00e9 ent\u00e3o. O piloto da Williams chegou a anotar 1min36s578 e assumiu, ainda que momentaneamente, o terceiro lugar na tabela.<\/p>\n\n\n\n<p class=\"wp-block-paragraph\">Enquanto isso, fora da pista, a Alfa Romeo de Guanyu Zhou parou no meio do caminho para os boxes e n\u00e3o conseguiu chegar \u00e0 garagem da equipe. Os mec\u00e2nicos resgataram e cobriram o modelo do chin\u00eas, voltando-o para dentro do pit-lane.<\/p>\n\n\n\n<p class=\"wp-block-paragraph\">Voltando \u00e0 a\u00e7\u00e3o no circuito, Pierre Gasly seguia tentando encaixar uma boa volta com a sua AT03 e, ainda que melhorando seu tempo, permanecia na \u00faltima posi\u00e7\u00e3o: de 1min38s777s, o franc\u00eas foi para 1min37s888.<\/p>\n\n\n\n<figure class=\"wp-block-image size-large\"><img decoding=\"async\" src=\"https:\/\/www.grandepremio.com\/br\/wp-content\/uploads\/2022\/03\/SI202203100037_hires_jpeg_24bit_rgb-1024x683.jpg\" alt=\"\" class=\"wp-image-547073\"\/><figcaption>Pierre Gasly na pista (Foto: Lars Baron\/Getty Images)<\/figcaption><\/figure>\n\n\n\n<p class=\"wp-block-paragraph\">Pelo lado da McLaren, problemas. Ap\u00f3s <a href=\"https:\/\/www.grandepremio.com\/br\/f1\/noticias\/daniel-ricciardo-passa-mal-substituido-lando-norris-testes-bahrein\/\">Daniel Ricciardo se sentir mal e ser substitu\u00eddo por Lando Norris<\/a>, o ingl\u00eas enfrentou um mau-funcionamento dos freios dianteiros, o que limitou o tempo de pista do MCL36 no Bahrein, ao menos na sess\u00e3o da manh\u00e3.<\/p>\n\n\n\n<p class=\"wp-block-paragraph\">Na pista, Albon e Vettel melhoraram seus tempos. O alem\u00e3o marcou 1min36s166, mas foi desbancado da segunda posi\u00e7\u00e3o pelo piloto da Williams que, com pneus C5 &#8211; composto mais macio disponibilizado pela Pirelli -, fez 1min35s217.<\/p>\n\n\n\n<p class=\"wp-block-paragraph\">Enquanto Leclerc permanecia tranquilo na lideran\u00e7a, Checo tamb\u00e9m buscava melhorar sua marca anterior. Com compostos C3 e pintura flow-vis na parte dianteira de seu RB18, o mexicano anotou 1min35s977 e al\u00e7ou \u00e0 quarta coloca\u00e7\u00e3o &#8211; Vettel, novamente no circuito, fez 1min35s705 e manteve o terceiro lugar.<\/p>\n\n\n\n<p class=\"wp-block-paragraph\"><strong>LEIA TAMB\u00c9M<br><a href=\"https:\/\/www.grandepremio.com\/br\/f1\/noticias\/apple-tv-anuncia-documentario-lewis-hamilton\/\">Apple TV+ anuncia document\u00e1rio sobre Hamilton e promete \u201celenco estrelado\u201d<\/a><br><a href=\"https:\/\/www.grandepremio.com\/br\/f1\/noticias\/pilotos-f1-manifestam-apoio-ucrania-pedem-paz-liberdade-sem-guerra\/\">\u201cSem guerra\u201d: pilotos da F1 manifestam apoio \u00e0 Ucr\u00e2nia e pedem paz e liberdade<\/a><\/strong><\/p>\n\n\n\n<p class=\"wp-block-paragraph\">Nos \u00faltimos 10 minutos, com exce\u00e7\u00e3o da McLaren de Lando Norris, todos os carros foram \u00e0 pista. O safety-car virtual foi acionado pela FIA, mas sem incidente em Sakhir: o procedimento \u00e9 padr\u00e3o e faz parte de um teste de sistema interno do \u00f3rg\u00e3o regulador. No fim, sem altera\u00e7\u00e3o brusca de tempos e Leclerc, com isso, n\u00e3o saiu da lideran\u00e7a &#8211; confirmando o bom momento da Ferrari nessa pr\u00e9-temporada da F\u00f3rmula 1.<\/p>\n\n\n\n<h3 class=\"wp-block-heading\"><strong>F\u00f3rmula 1 2022, Pr\u00e9-Temporada, Bahrein, Dia 1:<\/strong><\/h3>\n\n\n\n<figure class=\"wp-block-table\"><table><tbody><tr><td>1<\/td><td>C LECLERC<\/td><td>Ferrari<\/td><td>1:34.531<\/td><td>&nbsp;<\/td><td>64<\/td><td>C3<\/td><\/tr><tr><td>2<\/td><td>A ALBON<\/td><td>Williams Mercedes<\/td><td>1:35.070<\/td><td>+0.539<\/td><td>53<\/td><td>C4<\/td><\/tr><tr><td>3<\/td><td>S VETTEL<\/td><td>Aston Martin Mercedes<\/td><td>1:35.706<\/td><td>+1.175<\/td><td>38<\/td><td>C3<\/td><\/tr><tr><td>4<\/td><td>S P\u00c9REZ<\/td><td>Red Bull RBPT<\/td><td>1:35.977<\/td><td>+1.446<\/td><td>70<\/td><td>C3<\/td><\/tr><tr><td>5<\/td><td>L HAMILTON<\/td><td>Mercedes<\/td><td>1:36.365<\/td><td>+1.834<\/td><td>62<\/td><td>C3<\/td><\/tr><tr><td>6<\/td><td>E OCON<\/td><td>Alpine Renault<\/td><td>1:36.768<\/td><td>+2.237<\/td><td>42<\/td><td>C2<\/td><\/tr><tr><td>7<\/td><td>G ZHOU<\/td><td>Alfa Romeo Ferrari<\/td><td>1:37.164<\/td><td>+2.633<\/td><td>54<\/td><td>C3<\/td><\/tr><tr><td>8<\/td><td>L NORRIS<\/td><td>McLaren Mercedes<\/td><td>1:37.580<\/td><td>+3.049<\/td><td>21<\/td><td>C4<\/td><\/tr><tr><td>9<\/td><td>P GASLY<\/td><td>AlphaTauri RBPT<\/td><td>1:37.888<\/td><td>+3.357<\/td><td>44<\/td><td>C2<\/td><\/tr><\/tbody><\/table><\/figure>\n\n\n\n<figure class=\"wp-block-embed is-type-video is-provider-youtube wp-block-embed-youtube wp-embed-aspect-16-9 wp-has-aspect-ratio\"><div class=\"wp-block-embed__wrapper\">\n<iframe loading=\"lazy\" title=\"A SINA DO PRIMEIRO VENCEDOR NA TEMPORADA DA F\u00d3RMULA 1 (DESDE 2017)\" width=\"500\" height=\"281\" src=\"https:\/\/www.youtube.com\/embed\/nNNbpOmZer0?start=1&amp;feature=oembed\" frameborder=\"0\" allow=\"accelerometer; autoplay; clipboard-write; encrypted-media; gyroscope; picture-in-picture; web-share\" referrerpolicy=\"strict-origin-when-cross-origin\" allowfullscreen><\/iframe>\n<\/div><figcaption>A SINA DO PRIMEIRO VENCEDOR NA TEMPORADA DA F\u00d3RMULA 1 (DESDE 2017)<\/figcaption><\/figure>\n","protected":false},"excerpt":{"rendered":"<p>Piloto da escuderia italiana liderou primeira parte do dia 1 de testes, no Bahrein. Tempo do monegasco foi anotado na segunda hora da sess\u00e3o em Sakhir<\/p>\n","protected":false},"author":0,"featured_media":1000547086,"comment_status":"closed","ping_status":"closed","sticky":false,"template":"","format":"standard","meta":{"42wp_featured_image_caption":"","42wp_featured_image_credits":"","42wp_featured_video":"","42wp_featured_image_hidden":false,"42wp_authors_list":[],"footnotes":""},"categories":[2],"tags":[1667,1357,27080,26841,27452,1756,1881,1979,15218],"42wp_author":[47143],"class_list":["post-114127","post","type-post","status-publish","format-standard","has-post-thumbnail","hentry","category-f1","tag-bahrein","tag-f1-2022","tag-f1-bahrein","tag-formula-1-2022","tag-pre-temporada-f1","tag-sakhir","tag-testes-coletivos","tag-testes-f1","tag-testes-no-bahrein","42wp_author-felipe-leite"],"_links":{"self":[{"href":"https:\/\/grandepremio.com\/br\/wp-json\/wp\/v2\/posts\/114127","targetHints":{"allow":["GET"]}}],"collection":[{"href":"https:\/\/grandepremio.com\/br\/wp-json\/wp\/v2\/posts"}],"about":[{"href":"https:\/\/grandepremio.com\/br\/wp-json\/wp\/v2\/types\/post"}],"replies":[{"embeddable":true,"href":"https:\/\/grandepremio.com\/br\/wp-json\/wp\/v2\/comments?post=114127"}],"version-history":[{"count":0,"href":"https:\/\/grandepremio.com\/br\/wp-json\/wp\/v2\/posts\/114127\/revisions"}],"wp:featuredmedia":[{"embeddable":true,"href":"https:\/\/grandepremio.com\/br\/wp-json\/wp\/v2\/media\/1000547086"}],"wp:attachment":[{"href":"https:\/\/grandepremio.com\/br\/wp-json\/wp\/v2\/media?parent=114127"}],"wp:term":[{"taxonomy":"category","embeddable":true,"href":"https:\/\/grandepremio.com\/br\/wp-json\/wp\/v2\/categories?post=114127"},{"taxonomy":"post_tag","embeddable":true,"href":"https:\/\/grandepremio.com\/br\/wp-json\/wp\/v2\/tags?post=114127"},{"taxonomy":"42wp_author","embeddable":true,"href":"https:\/\/grandepremio.com\/br\/wp-json\/wp\/v2\/42wp_author?post=114127"}],"curies":[{"name":"wp","href":"https:\/\/api.w.org\/{rel}","templated":true}]}}