{"id":114158,"date":"2022-03-08T14:32:43","date_gmt":"2022-03-08T17:32:43","guid":{"rendered":"https:\/\/grandepremio.com\/br\/noticias\/hitech-segue-haas-rompe-acordo-com-uralkali-para-temporada-2022-f2\/"},"modified":"2022-03-08T14:32:54","modified_gmt":"2022-03-08T17:32:54","slug":"hitech-segue-haas-rompe-acordo-com-uralkali-para-temporada-2022-f2","status":"publish","type":"post","link":"https:\/\/grandepremio.com\/br\/f2\/hitech-segue-haas-rompe-acordo-com-uralkali-para-temporada-2022-f2\/","title":{"rendered":"Hitech segue Haas e rompe acordo com Uralkali para temporada 2022 da F2"},"content":{"rendered":"\n<figure class=\"wp-block-embed is-type-video is-provider-youtube wp-block-embed-youtube wp-embed-aspect-16-9 wp-has-aspect-ratio\"><div class=\"wp-block-embed__wrapper\">\n<iframe loading=\"lazy\" title=\"HAAS SEM MAZEPIN. E FITTIPALDI? + TESTES DA F\u00d3RMULA 1 NO BAHREIN | Paddock GP #277\" width=\"500\" height=\"281\" src=\"https:\/\/www.youtube.com\/embed\/PBBuAsyyTwo?feature=oembed\" frameborder=\"0\" allow=\"accelerometer; autoplay; clipboard-write; encrypted-media; gyroscope; picture-in-picture; web-share\" referrerpolicy=\"strict-origin-when-cross-origin\" allowfullscreen><\/iframe>\n<\/div><figcaption>HAAS SEM MAZEPIN. E FITTIPALDI? + TESTES DA F\u00d3RMULA 1 NO BAHREIN | Paddock GP\u00a0<a href=\"https:\/\/www.youtube.com\/hashtag\/277\">#277<\/a><\/figcaption><\/figure>\n\n\n\n<p class=\"wp-block-paragraph\">A Hitech foi mais uma equipe do mundo do esporte a motor a se manifestar diante da escalada de tens\u00e3o no leste europeu. A equipe da F\u00f3rmula 2 encerrou o contrato de patroc\u00ednio que tinha com a empresa de fertilizantes russa Uralkali, chefiada por Dmitry Mazepin.<\/p>\n\n\n\n<p class=\"wp-block-paragraph\">No \u00faltimo s\u00e1bado (5), a Haas anunciou que Nikita Mazepin n\u00e3o fazia mais parte do time na F\u00f3rmula 1 <a href=\"https:\/\/www.grandepremio.com\/br\/f1\/noticias\/haas-encerra-patrocinio-russo-saca-nikita-mazepin-mas-mantem-misterio-sobre-substituto\/\">e tamb\u00e9m confirmou o fim da parceria com a Uralkali<\/a>. Agora, foi a vez da Hitech, que j\u00e1 contou com o piloto russo em anos anteriores, encerrar o contrato.<\/p>\n\n\n\n<p class=\"wp-block-paragraph\"><strong>\u25b6\ufe0f\u00a0Inscreva-se nos dois canais do GRANDE PR\u00caMIO no YouTube:\u00a0<a href=\"https:\/\/www.youtube.com\/channel\/UC9OlHEgxoaY6QY6nWPoiqQg?sub_confirmation=1\" target=\"_blank\" rel=\"noreferrer noopener\">GP<\/a>\u00a0|\u00a0<a href=\"https:\/\/www.youtube.com\/channel\/UC9csiS6q_C3C0FYhyr1rnFA?sub_confirmation=1\" target=\"_blank\" rel=\"noreferrer noopener\">GP2<\/a><\/strong><\/p>\n\n\n\n<figure class=\"wp-block-image size-large\"><img decoding=\"async\" src=\"https:\/\/www.grandepremio.com\/br\/wp-content\/uploads\/2021\/03\/Ev8PhlgXAAQn3Zl-1024x683.jpg\" alt=\"LIAM LAWSON; F\u00d3RMULA 2; HITECH; RED BULL; BAHREIN; TESTE; F\u00d3RMULA 2 2021;\" class=\"wp-image-454207\"\/><figcaption>Uralkali patrocinou a Hitech na F2 em 2021 (Foto: F\u00f3rmula 2\/Twitter)<\/figcaption><\/figure>\n\n\n\n<p class=\"wp-block-paragraph\">&#8220;A Hitech optou por encerrar, com efeito imediato, o contrato de patroc\u00ednio com a Uralkali. Como o resto da comunidade do automobilismo, a equipe est\u00e1 em choque e triste pela invas\u00e3o da Ucr\u00e2nia e deseja um fim pac\u00edfico para o atual conflito&#8221;, disse em comunicado.<\/p>\n\n\n\n<p class=\"wp-block-paragraph\">Em 2022, a Hitech vai contar com Marcus Armstrong e J\u00fcri Vips como pilotos na F\u00f3rmula 2. J\u00e1 na F3, a equipe vai contar com Kaylen Frederick, Isack Hadjar e Nazim Azman.<\/p>\n\n\n\n<p class=\"wp-block-paragraph\">O leste da Europa vive um momento de muita tens\u00e3o. Desde o dia 24 de fevereiro, tropas da R\u00fassia invadem o territ\u00f3rio da Ucr\u00e2nia, avan\u00e7ando em dire\u00e7\u00e3o \u00e0 capital Kiev, que vem sendo diariamente bombardeada. A invas\u00e3o em larga escala ao territ\u00f3rio ucraniano acontece por terra, mar e ar e, de acordo com a ONU (Organiza\u00e7\u00e3o das Na\u00e7\u00f5es Unidas), j\u00e1 h\u00e1 centenas de v\u00edtimas civis em diversas cidades. Mais de 800 mil ucranianos j\u00e1 deixaram o pa\u00eds fugindo da guerra.<\/p>\n\n\n\n<figure class=\"wp-block-embed is-type-rich is-provider-twitter wp-block-embed-twitter\"><div class=\"wp-block-embed__wrapper\">\nhttps:\/\/twitter.com\/HitechGP\/status\/1501205601564700675\n<\/div><\/figure>\n\n\n\n<h3 class=\"wp-block-heading\"><strong>Entenda o conflito entre R\u00fassia e Ucr\u00e2nia:<\/strong><\/h3>\n\n\n\n<p class=\"wp-block-paragraph\">No \u00faltimo dia 21, o presidente russo Vladimir Putin reconheceu, em decreto, a independ\u00eancia das prov\u00edncias separatistas ucranianas de Donetsk e Luhansk. O movimento gerou san\u00e7\u00f5es da Uni\u00e3o Europeia e dos Estados Unidos ao governo e a empresas russas, aumentando tamb\u00e9m o medo de um confronto na regi\u00e3o.<\/p>\n\n\n\n<p class=\"wp-block-paragraph\">A tens\u00e3o escalou de vez no leste europeu no \u00faltimo dia 24, quando a R\u00fassia atacou a Ucr\u00e2nia em um movimento classificado por Kiev como uma \u201cinvas\u00e3o total\u201d. \u00c0s 5h45 [23h45 de quarta-feira, no hor\u00e1rio de Bras\u00edlia], Putin anunciou em um pronunciamento uma \u201copera\u00e7\u00e3o militar especial\u201d para \u201cproteger a popula\u00e7\u00e3o do Donbass\u201d, uma \u00e1rea de maioria \u00e9tnica russa no leste ucraniano, onde est\u00e3o Donetsk e Luhansk.<\/p>\n\n\n\n<p class=\"wp-block-paragraph\">O comando militar russo alega que \u201carmas de precis\u00e3o est\u00e3o degradando a infraestrutura militar, bases a\u00e9reas e avia\u00e7\u00e3o das For\u00e7as Armadas da Ucr\u00e2nia\u201d. Putin afirmou que a R\u00fassia n\u00e3o planejava uma ocupa\u00e7\u00e3o da Ucr\u00e2nia, mas amea\u00e7ou com uma resposta \u201cimediata\u201d qualquer um que tentasse interromper a opera\u00e7\u00e3o. O mandat\u00e1rio russo recomendou que os soldados ucranianos se rendam e voltem para casa. \u201cDo contr\u00e1rio, a pr\u00f3pria Ucr\u00e2nia seria culpada pelo derramamento de sangue\u201d, avisou.<\/p>\n\n\n\n<p class=\"wp-block-paragraph\">Presidente da Ucr\u00e2nia, Volodymyr Zelensky decretou lei marcial em todo o pa\u00eds, instaurando regime de guerra e convocando grande parte dos reservistas das for\u00e7as armadas \u2013 inclusive impedindo que homens entre 18 e 60 anos de idade saiam do pa\u00eds nos pr\u00f3ximos 30 dias.<\/p>\n\n\n\n<p class=\"wp-block-paragraph\">Segundo o Acnur (Alto Comissariado da Organiza\u00e7\u00e3o das Na\u00e7\u00f5es Unidas para Refugiados), mais de 800 mil pessoas j\u00e1 deixaram a Ucr\u00e2nia. Somado a isso, cerca de 1 milh\u00e3o de pessoas fugiram de suas casas, mas continuam no pa\u00eds.<\/p>\n\n\n\n<p class=\"wp-block-paragraph\">Na \u00faltima ter\u00e7a, um m\u00edssil atingiu o centro de Kharkiv, a segunda maior cidade da Ucr\u00e2nia, afetado um pr\u00e9dio do governo local no centro da Pra\u00e7a da Liberdade. Pelo menos dez pessoas morreram e dezenas ficaram feridas. O presidente Zelensky classificou o ataque russo como \u201cterrorismo de Estado\u201d.<\/p>\n\n\n\n<p class=\"wp-block-paragraph\">Segundo o Departamento de Defesa dos Estados Unidos, quase 75% das for\u00e7as russas deslocadas para as fronteiras ucranianas j\u00e1 est\u00e3o dentro do pa\u00eds. Contudo, forte resist\u00eancia dos combatentes da Ucr\u00e2nia t\u00eam retardado o progresso das tropas russas, embora a expectativa seja de que o ex\u00e9rcito de Vladimir Putin esteja preparando um ataque ainda mais destrutivo para tomar a capital Kiev.<\/p>\n\n\n\n<p class=\"wp-block-paragraph\">A crise militar \u00e9 uma das maiores desde a Segunda Guerra Mundial e a mais grave da Europa envolvendo uma pot\u00eancia nuclear.<\/p>\n\n\n\n<figure class=\"wp-block-embed is-type-video is-provider-youtube wp-block-embed-youtube wp-embed-aspect-16-9 wp-has-aspect-ratio\"><div class=\"wp-block-embed__wrapper\">\n<iframe loading=\"lazy\" title=\"COMO O N\u00daMERO #1 PASSOU A SER USADO PELOS CAMPE\u00d5ES DA F\u00d3RMULA 1?\" width=\"500\" height=\"281\" src=\"https:\/\/www.youtube.com\/embed\/gVdCmYTsSIc?feature=oembed\" frameborder=\"0\" allow=\"accelerometer; autoplay; clipboard-write; encrypted-media; gyroscope; picture-in-picture; web-share\" referrerpolicy=\"strict-origin-when-cross-origin\" allowfullscreen><\/iframe>\n<\/div><figcaption>COMO O N\u00daMERO #1 PASSOU A SER USADO PELOS CAMPE\u00d5ES DA F\u00d3RMULA 1?<\/figcaption><\/figure>\n","protected":false},"excerpt":{"rendered":"<p>A Hitech anunciou o t\u00e9rmino da parceria com a empresa russa Uralkali, comandada pelo pai do piloto Nikita Mazepin, e vai retirar imediatamente os an\u00fancios dos carros para a F\u00f3rmula 2 2022<\/p>\n","protected":false},"author":0,"featured_media":1000546797,"comment_status":"closed","ping_status":"closed","sticky":false,"template":"","format":"standard","meta":{"42wp_featured_image_caption":"","42wp_featured_image_credits":"","42wp_featured_video":"","42wp_featured_image_hidden":false,"42wp_authors_list":[],"footnotes":""},"categories":[9],"tags":[111,29651,1008,29657,24951,29650,24945,114,25779,30145],"42wp_author":[47135],"class_list":["post-114158","post","type-post","status-publish","format-standard","has-post-thumbnail","hentry","category-f2","tag-f2","tag-f2-2022","tag-f3","tag-f3-2022","tag-formula-2-2","tag-formula-2-2022","tag-formula-3-2","tag-hitech","tag-patrocinio","tag-uralkali","42wp_author-pedro-luis-cuenca"],"_links":{"self":[{"href":"https:\/\/grandepremio.com\/br\/wp-json\/wp\/v2\/posts\/114158","targetHints":{"allow":["GET"]}}],"collection":[{"href":"https:\/\/grandepremio.com\/br\/wp-json\/wp\/v2\/posts"}],"about":[{"href":"https:\/\/grandepremio.com\/br\/wp-json\/wp\/v2\/types\/post"}],"replies":[{"embeddable":true,"href":"https:\/\/grandepremio.com\/br\/wp-json\/wp\/v2\/comments?post=114158"}],"version-history":[{"count":0,"href":"https:\/\/grandepremio.com\/br\/wp-json\/wp\/v2\/posts\/114158\/revisions"}],"wp:featuredmedia":[{"embeddable":true,"href":"https:\/\/grandepremio.com\/br\/wp-json\/wp\/v2\/media\/1000546797"}],"wp:attachment":[{"href":"https:\/\/grandepremio.com\/br\/wp-json\/wp\/v2\/media?parent=114158"}],"wp:term":[{"taxonomy":"category","embeddable":true,"href":"https:\/\/grandepremio.com\/br\/wp-json\/wp\/v2\/categories?post=114158"},{"taxonomy":"post_tag","embeddable":true,"href":"https:\/\/grandepremio.com\/br\/wp-json\/wp\/v2\/tags?post=114158"},{"taxonomy":"42wp_author","embeddable":true,"href":"https:\/\/grandepremio.com\/br\/wp-json\/wp\/v2\/42wp_author?post=114158"}],"curies":[{"name":"wp","href":"https:\/\/api.w.org\/{rel}","templated":true}]}}