{"id":114185,"date":"2022-03-07T09:54:31","date_gmt":"2022-03-07T12:54:31","guid":{"rendered":"https:\/\/grandepremio.com\/br\/noticias\/damon-hill-manifesta-apoio-saida-michael-masi-formula-1-sinto-pena\/"},"modified":"2022-03-07T12:30:37","modified_gmt":"2022-03-07T15:30:37","slug":"damon-hill-manifesta-apoio-saida-michael-masi-formula-1-sinto-pena","status":"publish","type":"post","link":"https:\/\/grandepremio.com\/br\/f1\/damon-hill-manifesta-apoio-saida-michael-masi-formula-1-sinto-pena\/","title":{"rendered":"Hill manifesta apoio ap\u00f3s sa\u00edda de Masi da F\u00f3rmula 1: &#8220;Sinto pena do cara&#8221;"},"content":{"rendered":"\n<figure class=\"wp-block-embed is-type-video is-provider-youtube wp-block-embed-youtube wp-embed-aspect-16-9 wp-has-aspect-ratio\"><div class=\"wp-block-embed__wrapper\">\n<iframe loading=\"lazy\" title=\"COMO O N\u00daMERO #1 PASSOU A SER USADO PELOS CAMPE\u00d5ES DA F\u00d3RMULA 1?\" width=\"500\" height=\"281\" src=\"https:\/\/www.youtube.com\/embed\/gVdCmYTsSIc?feature=oembed\" frameborder=\"0\" allow=\"accelerometer; autoplay; clipboard-write; encrypted-media; gyroscope; picture-in-picture; web-share\" referrerpolicy=\"strict-origin-when-cross-origin\" allowfullscreen><\/iframe>\n<\/div><figcaption>COMO O N\u00daMERO #1 PASSOU A SER USADO PELOS CAMPE\u00d5ES DA F\u00d3RMULA 1?<\/figcaption><\/figure>\n\n\n\n<p class=\"wp-block-paragraph\">A temporada 2022 da <a href=\"https:\/\/www.grandepremio.com\/br\/f1\/\" target=\"_blank\" rel=\"noreferrer noopener\">F\u00f3rmula 1 <\/a>est\u00e1 a menos de duas semanas do in\u00edcio, mas as pol\u00eamicas envolvendo Michael Masi, ex-diretor de provas da categoria, continuam em pauta no paddock. Desta vez, foi Damon Hill, Campe\u00e3o Mundial em 1996, que manifestou apoio ao ex-comiss\u00e1rio e revelou que sente pena do australiano.<\/p>\n\n\n\n<p class=\"wp-block-paragraph\">O ano de 2021 est\u00e1 marcado na hist\u00f3ria da F1. A intensa disputa pelo t\u00edtulo entre <a href=\"https:\/\/www.grandepremio.com\/br\/piloto\/max-verstappen\/\" target=\"_blank\" rel=\"noreferrer noopener\">Max Verstappen <\/a>e <a href=\"https:\/\/www.grandepremio.com\/br\/piloto\/lewis-hamilton\/\" target=\"_blank\" rel=\"noreferrer noopener\">Lewis Hamilton<\/a>, que foi definida a favor do holand\u00eas nos metros finais do GP de Abu Dhabi, despertou o interesse dos f\u00e3s e personagens hist\u00f3ricos da categoria m\u00e1xima do automobilismo.<\/p>\n\n\n\n<p class=\"wp-block-paragraph\">Entre eles est\u00e1 Hill, Campe\u00e3o Mundial de 1996. O ex-piloto de 61 anos ficou encantado com a competitividade de <a href=\"https:\/\/www.grandepremio.com\/br\/piloto\/max-verstappen\/\" target=\"_blank\" rel=\"noreferrer noopener\">Verstappen<\/a> e Hamilton durante toda a temporada, mas tamb\u00e9m exaltou a performance dos demais pilotos que comp\u00f5em o grid. \u201cVerstappen e Hamilton fizeram um show fant\u00e1stico para n\u00f3s no ano passado, e todos os outros correram muito duro&#8221;, afirmou. \u201cTivemos \u00f3timas corridas. \u00c9 uma pena que tenha ficado confuso no final&#8221;, acrescentou.<\/p>\n\n\n\n<p class=\"wp-block-paragraph\"><strong>\u25b6\ufe0f&nbsp;Inscreva-se nos dois canais do GRANDE PR\u00caMIO no YouTube:&nbsp;<a href=\"https:\/\/www.youtube.com\/channel\/UC9OlHEgxoaY6QY6nWPoiqQg?sub_confirmation=1\" target=\"_blank\" rel=\"noreferrer noopener\">GP<\/a>&nbsp;|&nbsp;<a href=\"https:\/\/www.youtube.com\/channel\/UC9csiS6q_C3C0FYhyr1rnFA?sub_confirmation=1\" target=\"_blank\" rel=\"noreferrer noopener\">GP2<\/a><\/strong><\/p>\n\n\n\n<p class=\"wp-block-paragraph\">E essa confus\u00e3o destacada pelo brit\u00e2nico foi causada pelas decis\u00f5es pol\u00eamicas da dire\u00e7\u00e3o de prova da <a href=\"https:\/\/www.grandepremio.com\/br\/f1\/\" target=\"_blank\" rel=\"noreferrer noopener\">F1<\/a>, liderada pelo ent\u00e3o diretor. Os vereditos conduzidos pelo ex-comiss\u00e1rio durante toda a temporada, com destaque para o pol\u00eamico epis\u00f3dio do safety-car na prova final em Abu Dhabi, fizeram a FIA optar pela n\u00e3o continuidade de Masi no cargo para 2022.<\/p>\n\n\n\n<figure class=\"wp-block-image size-large\"><img decoding=\"async\" src=\"https:\/\/www.grandepremio.com\/br\/wp-content\/uploads\/2020\/05\/12-1-1024x576.jpg\" alt=\"\" class=\"wp-image-538274\"\/><figcaption>Michael Masi perdeu o emprego como diretor de provas da F1 (Foto: Reprodu\u00e7\u00e3o\/F1)<\/figcaption><\/figure>\n\n\n\n<p class=\"wp-block-paragraph\">Apesar de n\u00e3o achar correta a forma como foram conduzidas as voltas finais em Yas Marina, Hill manifestou apoio e revelou que sente pena do ex-diretor de provas. \u201cSinto pena do cara. Tivemos pilotos dizendo que ele fez um bom trabalho em circunst\u00e2ncias dif\u00edceis\u201d, salientou o ex-piloto da Williams entre 1993 e 1996, em entrevista ao podcast da <a href=\"https:\/\/www.grandepremio.com\/br\/f1\/\" target=\"_blank\" rel=\"noreferrer noopener\">F1<\/a>, Beyond the Grid.<\/p>\n\n\n\n<p class=\"wp-block-paragraph\">O ingl\u00eas tamb\u00e9m questionou se Masi n\u00e3o foi sacrificado pela entidade m\u00e1xima que controla a categoria e definiu que as decis\u00f5es controversas aconteceram devido \u00e0 estrutura de trabalho e tamb\u00e9m a press\u00e3o imposta pelos chefes de equipe e a imprensa. &#8220;Pessoalmente, acho que a situa\u00e7\u00e3o e a estrutura do seu trabalho e a maneira como ele deveria operar era o problema&#8221;, indicou.<\/p>\n\n\n\n<p class=\"wp-block-paragraph\">\u201cN\u00e3o estou dizendo que foi certo o que aconteceu, mas acho que pudemos ver claramente durante a temporada, que houve confus\u00e3o na tomada de decis\u00f5es e press\u00e3o de alguns dos chefes da equipe\u201d, prosseguiu.<\/p>\n\n\n\n<p class=\"wp-block-paragraph\"><strong>LEIA TAMB\u00c9M<\/strong><br><strong><a href=\"https:\/\/www.grandepremio.com\/br\/f1\/noticias\/haas-vaga-titular-aberta-pietro-fittipaldi-teste\/\" target=\"_blank\" rel=\"noreferrer noopener\">+Haas deixa vaga titular aberta, mas p\u00f5e Fittipaldi em teste: \u201cPara isso que serve\u201d<\/a><\/strong><br><strong><a href=\"https:\/\/www.grandepremio.com\/br\/f1\/noticias\/valtteri-bottas-garante-pode-ser-a-melhor-versao-de-si-alfa-romeo-2022-formula-1\/\" target=\"_blank\" rel=\"noreferrer noopener\">+Bottas garante que \u201cpode ser a melhor vers\u00e3o de si\u201d na Alfa Romeo em 2022 na F\u00f3rmula 1<\/a><\/strong><\/p>\n\n\n\n<p class=\"wp-block-paragraph\">Em busca de tomadas de decis\u00f5es mais consistentes no futuro, a FIA anunciou as chegadas dos novos diretores de provas Eduardo Freitas e Niels Wittich, que ter\u00e3o a assist\u00eancia do veterano Herbie Blash.<\/p>\n\n\n\n<p class=\"wp-block-paragraph\">Al\u00e9m da sa\u00edda de Masi, a FIA divulgou a cria\u00e7\u00e3o de um \u2018VAR\u2019 (Video Assistant Referee, ou \u00c1rbitro Assistente de V\u00eddeo, em tradu\u00e7\u00e3o literal), tal como no futebol. A assist\u00eancia por v\u00eddeo ser\u00e1 posicionada em um escrit\u00f3rio da federa\u00e7\u00e3o fora dos circuitos e em conex\u00e3o em tempo real com diretor de prova, ajudar\u00e1 a aplicar o regulamento usando ferramentas tecnol\u00f3gicas.<\/p>\n\n\n\n<p class=\"wp-block-paragraph\">Tamb\u00e9m foi confirmado que a comunica\u00e7\u00e3o entre equipes e diretor de prova durante a corrida, que inclusive virou recurso televisivo em 2021, ser\u00e1 removida para proteger o novo diretor de press\u00f5es externas na hora das decis\u00f5es. Chefes poder\u00e3o apenas realizar perguntas n\u00e3o intrusivas de acordo com um protocolo.<\/p>\n\n\n\n<p class=\"wp-block-paragraph\">Para finalizar o pacote de medidas, a entidade atualizou o regulamento para agilizar relargadas ap\u00f3s safety-car. Os carros receber\u00e3o a ordem de retorno aos boxes assim que os pilotos receberem a mensagem de que retardat\u00e1rios podem ultrapassar o l\u00edder.<\/p>\n\n\n\n<figure class=\"wp-block-image size-large\"><img decoding=\"async\" src=\"https:\/\/www.grandepremio.com\/br\/wp-content\/uploads\/2022\/02\/GPF1-8-1024x576.jpeg\" alt=\"\" class=\"wp-image-542535\"\/><figcaption>Mohammed Ben Sulayem, presidente da FIA, anunciou mudan\u00e7as na F1 (Foto: Reprodu\u00e7\u00e3o\/FIA)<\/figcaption><\/figure>\n\n\n\n<p class=\"wp-block-paragraph\">Questionado sobre o conjunto de mudan\u00e7as, Hill n\u00e3o tem certeza se a sa\u00edda de Masi era necess\u00e1ria. &#8220;Se eles consertarem isso, n\u00e3o tenho certeza se precisavam se livrar de Michael. Mas tamb\u00e9m podemos dizer que, por causa do papel dele no assunto, seria controverso mant\u00ea-lo&#8221;, concluiu.<\/p>\n\n\n\n<p class=\"wp-block-paragraph\">Com novo pacote de medidas, a temporada 2022 da <a href=\"https:\/\/www.grandepremio.com\/br\/f1\/\" target=\"_blank\" rel=\"noreferrer noopener\">F1 <\/a>tem in\u00edcio no pr\u00f3ximo dia 20, com o GP do Bahrein. Mas antes os carros v\u00e3o \u00e0 pista do Circuito de Sakhir a partir desta quinta-feira (10), para o in\u00edcio da segunda sess\u00e3o de testes de pr\u00e9-temporada da categoria.<\/p>\n\n\n\n<figure class=\"wp-block-embed is-type-video is-provider-youtube wp-block-embed-youtube wp-embed-aspect-16-9 wp-has-aspect-ratio\"><div class=\"wp-block-embed__wrapper\">\n<iframe loading=\"lazy\" title=\"HORA DA VERDADE: QUAIS PILOTOS PODEM VENCER CORRIDAS NA F\u00d3RMULA 1 2022?\" width=\"500\" height=\"281\" src=\"https:\/\/www.youtube.com\/embed\/X6HDcluSe8E?start=4&amp;feature=oembed\" frameborder=\"0\" allow=\"accelerometer; autoplay; clipboard-write; encrypted-media; gyroscope; picture-in-picture; web-share\" referrerpolicy=\"strict-origin-when-cross-origin\" allowfullscreen><\/iframe>\n<\/div><figcaption>HORA DA VERDADE: QUAIS PILOTOS PODEM VENCER CORRIDAS NA F\u00d3RMULA 1 2022?<\/figcaption><\/figure>\n","protected":false},"excerpt":{"rendered":"<p>Campe\u00e3o Mundial em 1996 afirmou que estrutura e press\u00e3o dos chefes de equipe e da m\u00eddia causaram as decis\u00f5es controversas do ex-diretor de provas<\/p>\n","protected":false},"author":0,"featured_media":0,"comment_status":"closed","ping_status":"closed","sticky":false,"template":"","format":"standard","meta":{"42wp_featured_image_caption":"","42wp_featured_image_credits":"","42wp_featured_video":"","42wp_featured_image_hidden":false,"42wp_authors_list":[],"footnotes":""},"categories":[2],"tags":[2409,103,24837,26841,28285,1385,30400],"42wp_author":[47145],"class_list":["post-114185","post","type-post","status-publish","format-standard","hentry","category-f1","tag-damon-hill","tag-fia","tag-formula-1-2","tag-formula-1-2022","tag-grandepremio","tag-michael-masi","tag-temporada-formula-1-2022","42wp_author-alessandro-pinheiro"],"_links":{"self":[{"href":"https:\/\/grandepremio.com\/br\/wp-json\/wp\/v2\/posts\/114185","targetHints":{"allow":["GET"]}}],"collection":[{"href":"https:\/\/grandepremio.com\/br\/wp-json\/wp\/v2\/posts"}],"about":[{"href":"https:\/\/grandepremio.com\/br\/wp-json\/wp\/v2\/types\/post"}],"replies":[{"embeddable":true,"href":"https:\/\/grandepremio.com\/br\/wp-json\/wp\/v2\/comments?post=114185"}],"version-history":[{"count":0,"href":"https:\/\/grandepremio.com\/br\/wp-json\/wp\/v2\/posts\/114185\/revisions"}],"wp:attachment":[{"href":"https:\/\/grandepremio.com\/br\/wp-json\/wp\/v2\/media?parent=114185"}],"wp:term":[{"taxonomy":"category","embeddable":true,"href":"https:\/\/grandepremio.com\/br\/wp-json\/wp\/v2\/categories?post=114185"},{"taxonomy":"post_tag","embeddable":true,"href":"https:\/\/grandepremio.com\/br\/wp-json\/wp\/v2\/tags?post=114185"},{"taxonomy":"42wp_author","embeddable":true,"href":"https:\/\/grandepremio.com\/br\/wp-json\/wp\/v2\/42wp_author?post=114185"}],"curies":[{"name":"wp","href":"https:\/\/api.w.org\/{rel}","templated":true}]}}