{"id":114186,"date":"2022-03-07T08:13:02","date_gmt":"2022-03-07T11:13:02","guid":{"rendered":"https:\/\/grandepremio.com\/br\/noticias\/haas-vaga-titular-aberta-pietro-fittipaldi-teste\/"},"modified":"2022-03-07T10:24:28","modified_gmt":"2022-03-07T13:24:28","slug":"haas-vaga-titular-aberta-pietro-fittipaldi-teste","status":"publish","type":"post","link":"https:\/\/grandepremio.com\/br\/f1\/haas-vaga-titular-aberta-pietro-fittipaldi-teste\/","title":{"rendered":"Haas deixa vaga titular aberta, mas p\u00f5e Fittipaldi em teste: &#8220;Para isso que serve&#8221;"},"content":{"rendered":"\n<figure class=\"wp-block-embed is-type-video is-provider-youtube wp-block-embed-youtube wp-embed-aspect-16-9 wp-has-aspect-ratio\"><div class=\"wp-block-embed__wrapper\">\n<iframe loading=\"lazy\" title=\"COMO O N\u00daMERO #1 PASSOU A SER USADO PELOS CAMPE\u00d5ES DA F\u00d3RMULA 1?\" width=\"500\" height=\"281\" src=\"https:\/\/www.youtube.com\/embed\/gVdCmYTsSIc?feature=oembed\" frameborder=\"0\" allow=\"accelerometer; autoplay; clipboard-write; encrypted-media; gyroscope; picture-in-picture; web-share\" referrerpolicy=\"strict-origin-when-cross-origin\" allowfullscreen><\/iframe>\n<\/div><figcaption>COMO O N\u00daMERO #1 PASSOU A SER USADO PELOS CAMPE\u00d5ES DA F\u00d3RMULA 1?<\/figcaption><\/figure>\n\n\n\n<p class=\"wp-block-paragraph\">A <a href=\"https:\/\/www.grandepremio.com\/br\/equipe\/f1\/2020\/haas-f1-team\/\" target=\"_blank\" rel=\"noreferrer noopener\">Haas <\/a>confirmou na manh\u00e3 desta segunda-feira (7) que <a href=\"https:\/\/www.grandepremio.com\/br\/piloto\/pietro-fittipaldi\/\" target=\"_blank\" rel=\"noreferrer noopener\">Pietro Fittipaldi <\/a>vai participar da segunda sess\u00e3o de testes da pr\u00e9-temporada, no Bahrein. O brasileiro de 25 anos vai substituir o dispensado <a href=\"https:\/\/www.grandepremio.com\/br\/piloto\/nikita-mazepin\/\" target=\"_blank\" rel=\"noreferrer noopener\">Nikita Mazepin <\/a>na prepara\u00e7\u00e3o final para a temporada 2022 da F\u00f3rmula 1. Apesar de confirmar <a href=\"https:\/\/www.grandepremio.com\/br\/piloto\/pietro-fittipaldi\/\" target=\"_blank\" rel=\"noreferrer noopener\">Fittipaldi <\/a>ao lado de Mick Schumacher nos testes, o propriet\u00e1rio da equipe americana, Gene Haas, afirmou que continua em busca de um piloto experiente e deve definir o nome do substituto do russo ainda nesta semana.<\/p>\n\n\n\n<p class=\"wp-block-paragraph\">Devido \u00e0 invas\u00e3o russa \u00e0 Ucr\u00e2nia e \u00e0 amea\u00e7a de guerra no leste europeu, a parceria entre a <a href=\"https:\/\/www.grandepremio.com\/br\/equipe\/f1\/2020\/haas-f1-team\/\" target=\"_blank\" rel=\"noreferrer noopener\">Haas <\/a>e o patrocinador m\u00e1ster Uralkali foi encerrada. O fim do v\u00ednculo causou a sa\u00edda de <a href=\"https:\/\/www.grandepremio.com\/br\/piloto\/nikita-mazepin\/\" target=\"_blank\" rel=\"noreferrer noopener\">Mazepin <\/a>da posi\u00e7\u00e3o de titular no \u00faltimo s\u00e1bado, pois o pai de Nikita, Dimitri, \u00e9 o dono da empresa de fertilizantes e financiava a vaga do russo na equipe.<\/p>\n\n\n\n<p class=\"wp-block-paragraph\">&#8220;Houve muitas cr\u00edticas intensas sobre a invas\u00e3o ucraniana e [a situa\u00e7\u00e3o] estava ficando esmagadora. N\u00e3o podemos lidar com tudo isso. Nossos outros patrocinadores n\u00e3o podem lidar com tudo isso&#8221;, afirmou Haas em entrevista \u00e0 Associated Press.<\/p>\n\n\n\n<figure class=\"wp-block-image size-large\"><img decoding=\"async\" src=\"https:\/\/www.grandepremio.com\/br\/wp-content\/uploads\/2022\/02\/FMHVfzoXsAUf0Y7-1024x576.jpg\" alt=\"\" class=\"wp-image-543175\"\/><figcaption>Haas continua em busca de um substituto para o dispensado Nikita Mazepin (Foto: Haas)<\/figcaption><\/figure>\n\n\n\n<p class=\"wp-block-paragraph\"><strong>\u25b6\ufe0f&nbsp;Inscreva-se nos dois canais do GRANDE PR\u00caMIO no YouTube:&nbsp;<a href=\"https:\/\/www.youtube.com\/channel\/UC9OlHEgxoaY6QY6nWPoiqQg?sub_confirmation=1\" target=\"_blank\" rel=\"noreferrer noopener\">GP<\/a>&nbsp;|&nbsp;<a href=\"https:\/\/www.youtube.com\/channel\/UC9csiS6q_C3C0FYhyr1rnFA?sub_confirmation=1\" target=\"_blank\" rel=\"noreferrer noopener\">GP2<\/a><\/strong><\/p>\n\n\n\n<p class=\"wp-block-paragraph\">Com um assento dispon\u00edvel, a <a href=\"https:\/\/www.grandepremio.com\/br\/equipe\/f1\/2020\/haas-f1-team\/\" target=\"_blank\" rel=\"noreferrer noopener\">Haas <\/a>corre contra o tempo para contratar um substituto para fazer dupla com Mick Schumacher, pois a temporada come\u00e7a no pr\u00f3ximo dia 20 de mar\u00e7o, com o GP do Bahrein. Segundo o dono da equipe, o nome dever\u00e1 ser confirmado ainda nesta semana.<\/p>\n\n\n\n<p class=\"wp-block-paragraph\">&#8220;Estamos analisando v\u00e1rios candidatos, veremos quem est\u00e1 dispon\u00edvel e com o que temos que lidar, mas teremos algu\u00e9m at\u00e9 quarta-feira&#8221;, garantiu. Neste momento, por conhecer a estrutura do carro e da equipe, <a href=\"https:\/\/www.grandepremio.com\/br\/piloto\/pietro-fittipaldi\/\" target=\"_blank\" rel=\"noreferrer noopener\">Fittipaldi <\/a>leva vantagem e teve a presen\u00e7a confirmada na segunda sess\u00e3o de testes de pr\u00e9-temporada, que tem in\u00edcio na pr\u00f3xima quinta-feira, no Bahrein.<\/p>\n\n\n\n<p class=\"wp-block-paragraph\">\u201cPietro definitivamente estar\u00e1 no carro, \u00e9 para isso que ele serve, ele \u00e9 o piloto de testes\u201d, disparou Gene. <\/p>\n\n\n\n<figure class=\"wp-block-image size-large\"><img decoding=\"async\" src=\"https:\/\/www.grandepremio.com\/br\/wp-content\/uploads\/2021\/12\/GPF2-1-1024x682.jpeg\" alt=\"\" class=\"wp-image-532649\"\/><figcaption>Pietro Fittipaldi vai participar dos testes de pr\u00e9-temporada no Bahrein (Foto: Pirelli)<\/figcaption><\/figure>\n\n\n\n<p class=\"wp-block-paragraph\">Al\u00e9m do brasileiro, o italiano <a href=\"https:\/\/www.grandepremio.com\/br\/piloto\/antonio-giovinazzi\/\" target=\"_blank\" rel=\"noreferrer noopener\">Antonio Giovinazzi<\/a>, ex-Alfa Romeo e que tem apoio da Ferrari, fornecedora de motores do time, est\u00e1 entre os contados \u00e0 vaga. \u201cObviamente, gostar\u00edamos de conseguir algu\u00e9m com um pouco mais de experi\u00eancia real. N\u00f3s apenas temos que ver o que est\u00e1 dispon\u00edvel&#8221;, prosseguiu. <\/p>\n\n\n\n<p class=\"wp-block-paragraph\">Al\u00e9m da busca por um piloto, a <a href=\"https:\/\/www.grandepremio.com\/br\/equipe\/f1\/2020\/haas-f1-team\/\" target=\"_blank\" rel=\"noreferrer noopener\">Haas <\/a>tamb\u00e9m est\u00e1 \u00e0 procura de um novo patrocinador. Apesar de perder o maior investidor devido a san\u00e7\u00f5es impostas \u00e0s empresas russas nos Estados Unidos, Reino Unido e Uni\u00e3o Europeia, Gene insiste que a equipe est\u00e1 em boa forma no quesito financeiro.<\/p>\n\n\n\n<p class=\"wp-block-paragraph\">&#8220;Estamos bem. Gostar\u00edamos de mais dinheiro, \u00e9 claro, mas estamos bem&#8221;, frisou. &#8220;Isso apenas nos d\u00e1 um n\u00famero negativo maior&#8221;, concluiu.<\/p>\n\n\n\n<p class=\"wp-block-paragraph\">A segunda sess\u00e3o de testes de pr\u00e9-temporada no Bahrein acontece entre os dias 10 e 12 de mar\u00e7o. No mesmo local, tem in\u00edcio a temporada 2022 da F1 no dia 20 deste m\u00eas.<\/p>\n\n\n\n<p class=\"wp-block-paragraph\"><strong>LEIA TAMB\u00c9M<\/strong><br><strong><a href=\"https:\/\/www.grandepremio.com\/br\/f1\/noticias\/mick-schumacher-avalia-mudancas-f1-2022-mais-importante-peso\/\" target=\"_blank\" rel=\"noreferrer noopener\">+Mick Schumacher avalia mudan\u00e7as da F1 em 2022: \u201cO mais importante \u00e9 o peso\u201d<\/a><\/strong><br><strong><a href=\"https:\/\/www.grandepremio.com\/br\/f1\/noticias\/valtteri-bottas-garante-pode-ser-a-melhor-versao-de-si-alfa-romeo-2022-formula-1\/\" target=\"_blank\" rel=\"noreferrer noopener\">+Bottas garante que \u201cpode ser a melhor vers\u00e3o de si\u201d na Alfa Romeo em 2022 na F\u00f3rmula 1<\/a><\/strong><\/p>\n\n\n\n<figure class=\"wp-block-embed is-type-video is-provider-youtube wp-block-embed-youtube wp-embed-aspect-16-9 wp-has-aspect-ratio\"><div class=\"wp-block-embed__wrapper\">\n<iframe loading=\"lazy\" title=\"PIETRO FITTIPALDI \u00c9 MELHOR OP\u00c7\u00c3O PARA SUBSTITUIR MAZEPIN NA F1?\" width=\"500\" height=\"281\" src=\"https:\/\/www.youtube.com\/embed\/QP9NqTPfoas?start=1&amp;feature=oembed\" frameborder=\"0\" allow=\"accelerometer; autoplay; clipboard-write; encrypted-media; gyroscope; picture-in-picture; web-share\" referrerpolicy=\"strict-origin-when-cross-origin\" allowfullscreen><\/iframe>\n<\/div><figcaption>PIETRO FITTIPALDI \u00c9 MELHOR OP\u00c7\u00c3O PARA SUBSTITUIR MAZEPIN NA F1?<\/figcaption><\/figure>\n","protected":false},"excerpt":{"rendered":"<p>Dono da equipe, Gene Haas confirmou a participa\u00e7\u00e3o do brasileiro na \u00faltima prepara\u00e7\u00e3o para a temporada da F1, mas salientou que continua em busca de um piloto mais experiente <\/p>\n","protected":false},"author":0,"featured_media":1000531684,"comment_status":"closed","ping_status":"closed","sticky":false,"template":"","format":"standard","meta":{"42wp_featured_image_caption":"","42wp_featured_image_credits":"","42wp_featured_video":"","42wp_featured_image_hidden":false,"42wp_authors_list":[],"footnotes":""},"categories":[2],"tags":[456,24837,26841,177,28285,119,408,30509,27493],"42wp_author":[47145],"class_list":["post-114186","post","type-post","status-publish","format-standard","has-post-thumbnail","hentry","category-f1","tag-antonio-giovinazzi","tag-formula-1-2","tag-formula-1-2022","tag-gene-haas","tag-grandepremio","tag-haas","tag-pietro-fittipaldi","tag-temporada-2022-formula-1","tag-testes-de-pre-temporada","42wp_author-alessandro-pinheiro"],"_links":{"self":[{"href":"https:\/\/grandepremio.com\/br\/wp-json\/wp\/v2\/posts\/114186","targetHints":{"allow":["GET"]}}],"collection":[{"href":"https:\/\/grandepremio.com\/br\/wp-json\/wp\/v2\/posts"}],"about":[{"href":"https:\/\/grandepremio.com\/br\/wp-json\/wp\/v2\/types\/post"}],"replies":[{"embeddable":true,"href":"https:\/\/grandepremio.com\/br\/wp-json\/wp\/v2\/comments?post=114186"}],"version-history":[{"count":0,"href":"https:\/\/grandepremio.com\/br\/wp-json\/wp\/v2\/posts\/114186\/revisions"}],"wp:featuredmedia":[{"embeddable":true,"href":"https:\/\/grandepremio.com\/br\/wp-json\/wp\/v2\/media\/1000531684"}],"wp:attachment":[{"href":"https:\/\/grandepremio.com\/br\/wp-json\/wp\/v2\/media?parent=114186"}],"wp:term":[{"taxonomy":"category","embeddable":true,"href":"https:\/\/grandepremio.com\/br\/wp-json\/wp\/v2\/categories?post=114186"},{"taxonomy":"post_tag","embeddable":true,"href":"https:\/\/grandepremio.com\/br\/wp-json\/wp\/v2\/tags?post=114186"},{"taxonomy":"42wp_author","embeddable":true,"href":"https:\/\/grandepremio.com\/br\/wp-json\/wp\/v2\/42wp_author?post=114186"}],"curies":[{"name":"wp","href":"https:\/\/api.w.org\/{rel}","templated":true}]}}