{"id":114227,"date":"2022-03-04T15:41:14","date_gmt":"2022-03-04T18:41:14","guid":{"rendered":"https:\/\/grandepremio.com\/br\/noticias\/formula-e-revela-tracado-do-ep-da-cidade-do-cabo-e-acoes-sustentaveis-para-regiao\/"},"modified":"2022-03-04T16:29:48","modified_gmt":"2022-03-04T19:29:48","slug":"formula-e-revela-tracado-do-ep-da-cidade-do-cabo-e-acoes-sustentaveis-para-regiao","status":"publish","type":"post","link":"https:\/\/grandepremio.com\/br\/formula-e\/formula-e-revela-tracado-do-ep-da-cidade-do-cabo-e-acoes-sustentaveis-para-regiao\/","title":{"rendered":"F\u00f3rmula E revela tra\u00e7ado do eP da Cidade do Cabo e a\u00e7\u00f5es sustent\u00e1veis para regi\u00e3o"},"content":{"rendered":"\n<figure class=\"wp-block-embed is-type-video is-provider-youtube wp-block-embed-youtube wp-embed-aspect-16-9 wp-has-aspect-ratio\"><div class=\"wp-block-embed__wrapper\">\n<iframe loading=\"lazy\" title=\"HORA DA VERDADE: QUAIS PILOTOS PODEM VENCER CORRIDAS NA F\u00d3RMULA 1 2022?\" width=\"500\" height=\"281\" src=\"https:\/\/www.youtube.com\/embed\/X6HDcluSe8E?start=4&amp;feature=oembed\" frameborder=\"0\" allow=\"accelerometer; autoplay; clipboard-write; encrypted-media; gyroscope; picture-in-picture; web-share\" referrerpolicy=\"strict-origin-when-cross-origin\" allowfullscreen><\/iframe>\n<\/div><figcaption>HORA DA VERDADE: QUAIS PILOTOS PODEM VENCER CORRIDAS NA F\u00d3RMULA 1 2022?<\/figcaption><\/figure>\n\n\n\n<p class=\"wp-block-paragraph\">A <a href=\"https:\/\/www.grandepremio.com\/br\/formula-e\/\" target=\"_blank\" rel=\"noreferrer noopener\">F\u00f3rmula E <\/a>divulgou nesta sexta-feira (4) o tra\u00e7ado provis\u00f3rio do eP da Cidade do Cabo, na \u00c1frica do Sul. A configura\u00e7\u00e3o da pista apresentada pelos organizadores conta com 12 curvas, que v\u00e3o contornar o Green Point Stadium, sede de oito partidas da Copa do Mundo de futebol de 2010. Para que a prova esteja no calend\u00e1rio em 2023, os promotores locais aguardam a aprova\u00e7\u00e3o do Conselho Mundial de Automobilismo da FIA. O contrato \u00e9 de cinco anos.<\/p>\n\n\n\n<p class=\"wp-block-paragraph\">A expectativa \u00e9 que o eP da Cidade do Cabo, <a href=\"https:\/\/www.grandepremio.com\/br\/formula-e\/noticias\/formula-e-revela-calendario-de-2022-estreias-de-cidade-do-cabo-vancouver-e-seul\/\" target=\"_blank\" rel=\"noreferrer noopener\">anunciado como novidade da categoria em julho do ano passado<\/a>, seja um dos mais r\u00e1pidos em velocidade m\u00e9dia a compor o grupo de provas da <a href=\"https:\/\/www.grandepremio.com\/br\/formula-e\/\" target=\"_blank\" rel=\"noreferrer noopener\">F\u00f3rmula E<\/a>. Al\u00e9m de r\u00e1pida, a corrida ter\u00e1 como cen\u00e1rio uma das ambienta\u00e7\u00f5es litor\u00e2neas mais procuradas pelos turistas. A configura\u00e7\u00e3o do tra\u00e7ado com 2,8 km de dist\u00e2ncia vai passar pelos famosos distritos de Green Point e Waterfront.<\/p>\n\n\n\n<p class=\"wp-block-paragraph\">Cofundador e diretor esportivo da <a href=\"https:\/\/www.grandepremio.com\/br\/formula-e\/\" target=\"_blank\" rel=\"noreferrer noopener\">F\u00f3rmula E<\/a>, Alberto Longo exaltou o apoio do grupo que comp\u00f5e a categoria e ficou encantado com o cen\u00e1rio da prov\u00edncia de Cabo Ocidental. \u201cTivemos uma resposta muito positiva das equipes, pilotos e patrocinadores sobre a vinda para a Cidade do Cabo\u201d, afirmou o dirigente.<\/p>\n\n\n\n<p class=\"wp-block-paragraph\">\u201cQuando conheci Iain Banner [presidente da promotora de corridas] em 2019, ele disse estar confiante de que a Cidade do Cabo tinha potencial para ser uma das principais cidades do nosso calend\u00e1rio. Esta \u00e9 a minha primeira visita \u00e0 \u00c1frica do Sul e, tendo visto agora a beleza da cidade, estou confiante de que ele est\u00e1 certo\u201d, completou.<\/p>\n\n\n\n<figure class=\"wp-block-image size-large\"><img decoding=\"async\" src=\"https:\/\/www.grandepremio.com\/br\/wp-content\/uploads\/2022\/02\/3-EPS803_003958SMG_1802-1024x683.jpg\" alt=\"\" class=\"wp-image-541716\"\/><figcaption>Carros el\u00e9tricos v\u00e3o percorrer o cen\u00e1rio litor\u00e2neo da Cidade do Cabo (Foto: FIA F\u00f3rmula E)<\/figcaption><\/figure>\n\n\n\n<p class=\"wp-block-paragraph\"><strong>\u25b6\ufe0f&nbsp;Inscreva-se nos dois canais do GRANDE PR\u00caMIO no YouTube:&nbsp;<a href=\"https:\/\/www.youtube.com\/channel\/UC9OlHEgxoaY6QY6nWPoiqQg?sub_confirmation=1\" target=\"_blank\" rel=\"noreferrer noopener\">GP<\/a>&nbsp;|&nbsp;<a href=\"https:\/\/www.youtube.com\/channel\/UC9csiS6q_C3C0FYhyr1rnFA?sub_confirmation=1\" target=\"_blank\" rel=\"noreferrer noopener\">GP2<\/a><\/strong><br><strong><a href=\"https:\/\/www.grandepremio.com\/br\/programacao-tv\/noticias\/as-corridas-do-fim-de-semana-na-tv-e-no-streaming-4-a-6-de-marco\/\" target=\"_blank\" rel=\"noreferrer noopener\">Programa\u00e7\u00e3o das corridas do fim de semana na TV e no streaming: 4 a 6 de mar\u00e7o<\/a><\/strong><\/p>\n\n\n\n<p class=\"wp-block-paragraph\">Conhecida como &#8216;Cidade M\u00e3e&#8217;, a Cidade do Cabo ser\u00e1 a primeira cidade da \u00c1frica do Sul a sediar uma prova da categoria, mas a segunda do continente africano, j\u00e1 que Marrakesh, no Marrocos, tamb\u00e9m recebeu o campeonato.<\/p>\n\n\n\n<p class=\"wp-block-paragraph\">\u201cO p\u00fablico clama por uma corrida com uma ambienta\u00e7\u00e3o natural em circuito de rua, e agora estamos respondendo a esses pedidos. Com a Montanha da Mesa como pano de fundo e a Ilha de Robben em primeiro plano, n\u00e3o tenho d\u00favidas de que a <a href=\"https:\/\/www.grandepremio.com\/br\/formula-e\/\" target=\"_blank\" rel=\"noreferrer noopener\">F\u00f3rmula E<\/a> ter\u00e1 um apoio substancial na Cidade do Cabo e em toda a \u00c1frica do Sul\u201d, afirmou Iain Banner, presidente e promotor de corridas da empresa e-Movement, parceira da categoria.<\/p>\n\n\n\n<p class=\"wp-block-paragraph\">Por\u00e9m, para a prova ser realizada na pr\u00f3xima temporada, os organizadores locais ter\u00e3o muito trabalho pela frente. Al\u00e9m de transformar as ruas em pistas de corridas, com as instala\u00e7\u00f5es de guard-rail, arquibancadas e toda estrutura para receber as equipes, pilotos e funcion\u00e1rios, a Cidade do Cabo vai construir uma estrutura para apresentar solu\u00e7\u00f5es de sustentabilidade para a regi\u00e3o e tamb\u00e9m uma \u00e1rea de lazer e entretenimento para os f\u00e3s batizada de eFest.<\/p>\n\n\n\n<p class=\"wp-block-paragraph\">Objetivo \u00e9 que a regi\u00e3o seja pioneira na gera\u00e7\u00e3o de energia sustent\u00e1vel no continente africano. &#8220;Acreditamos que a Cidade do Cabo mostrar\u00e1 a \u00c1frica como ser uma protagonista na transi\u00e7\u00e3o para um futuro mais verde e posicionar\u00e1 a cidade e o Cabo Ocidental como o centro pioneiro de energia renov\u00e1vel da \u00c1frica do Sul\u201d, acrescentou Banner.<\/p>\n\n\n\n<p class=\"wp-block-paragraph\"><strong>Leia tamb\u00e9m<\/strong><\/p>\n\n\n\n<p class=\"wp-block-paragraph\"><strong><a href=\"https:\/\/www.grandepremio.com\/br\/f1\/noticias\/fia-determina-codigo-de-conduta-para-pilotos-russos-e-aplica-restricoes-em-redes-sociais\/\" target=\"_blank\" rel=\"noreferrer noopener\">+FIA determina c\u00f3digo de conduta para pilotos russos e aplica restri\u00e7\u00f5es em redes sociais<\/a><\/strong><br><strong><a href=\"https:\/\/www.grandepremio.com\/br\/f1\/noticias\/russell-afasta-favoritismo-exalta-forca-emocional-nao-ligo-para-jogos-mentais\/\" target=\"_blank\" rel=\"noreferrer noopener\">+Russell afasta favoritismo e exalta for\u00e7a emocional: \u201cN\u00e3o ligo para jogos mentais\u201d<\/a><\/strong><\/p>\n\n\n\n<p class=\"wp-block-paragraph\">Segundo o primeiro-ministro do Cabo Ocidental, Alan Winde, as obras come\u00e7am em abril e devem ser conclu\u00eddas em dezembro deste ano. \u201cEste evento tamb\u00e9m ser\u00e1 uma oportunidade perfeita para mostrar nosso destino como um local atraente para turismo e investimento, pois nos concentramos no crescimento da nossa economia e na cria\u00e7\u00e3o de um ambiente prop\u00edcio para o setor privado criar empregos\u201d, salientou.<\/p>\n\n\n\n<p class=\"wp-block-paragraph\">Enquanto n\u00e3o tem in\u00edcio a constru\u00e7\u00e3o das estruturas do circuito de rua na Cidade do Cabo, a temporada da<a href=\"https:\/\/www.grandepremio.com\/br\/formula-e\/\" target=\"_blank\" rel=\"noreferrer noopener\"> F\u00f3rmula E <\/a>continua em 2022. A terceira e quarta etapa acontecem nos pr\u00f3ximos dias 9 e 10 de abril, com a rodada dupla de Roma, na It\u00e1lia.<\/p>\n\n\n\n<figure class=\"wp-block-embed is-type-video is-provider-youtube wp-block-embed-youtube wp-embed-aspect-16-9 wp-has-aspect-ratio\"><div class=\"wp-block-embed__wrapper\">\n<iframe loading=\"lazy\" title=\"COMO CONFLITO ENTRE R\u00daSSIA E UCR\u00c2NIA AFETA A F\u00d3RMULA 1 E OUTROS ESPORTES A MOTOR\" width=\"500\" height=\"281\" src=\"https:\/\/www.youtube.com\/embed\/TdRcDXb9-iM?start=2&amp;feature=oembed\" frameborder=\"0\" allow=\"accelerometer; autoplay; clipboard-write; encrypted-media; gyroscope; picture-in-picture; web-share\" referrerpolicy=\"strict-origin-when-cross-origin\" allowfullscreen><\/iframe>\n<\/div><figcaption>COMO CONFLITO ENTRE R\u00daSSIA E UCR\u00c2NIA AFETA A F\u00d3RMULA 1 E OUTROS ESPORTES A MOTOR<\/figcaption><\/figure>\n","protected":false},"excerpt":{"rendered":"<p>Tra\u00e7ado provis\u00f3rio do eP da Cidade do Cabo contorna est\u00e1dio que recebeu Copa do Mundo de 2010. Prova na \u00c1frica do Sul \u00e9 esperada para entrar no calend\u00e1rio em 2023<\/p>\n","protected":false},"author":0,"featured_media":1000545862,"comment_status":"closed","ping_status":"closed","sticky":false,"template":"","format":"standard","meta":{"42wp_featured_image_caption":"","42wp_featured_image_credits":"","42wp_featured_video":"","42wp_featured_image_hidden":false,"42wp_authors_list":[],"footnotes":""},"categories":[19],"tags":[27903,30779,25000],"42wp_author":[47145],"class_list":["post-114227","post","type-post","status-publish","format-standard","has-post-thumbnail","hentry","category-formula-e","tag-fe-2022","tag-fe-2023","tag-formula-e-2","42wp_author-alessandro-pinheiro"],"_links":{"self":[{"href":"https:\/\/grandepremio.com\/br\/wp-json\/wp\/v2\/posts\/114227","targetHints":{"allow":["GET"]}}],"collection":[{"href":"https:\/\/grandepremio.com\/br\/wp-json\/wp\/v2\/posts"}],"about":[{"href":"https:\/\/grandepremio.com\/br\/wp-json\/wp\/v2\/types\/post"}],"replies":[{"embeddable":true,"href":"https:\/\/grandepremio.com\/br\/wp-json\/wp\/v2\/comments?post=114227"}],"version-history":[{"count":0,"href":"https:\/\/grandepremio.com\/br\/wp-json\/wp\/v2\/posts\/114227\/revisions"}],"wp:featuredmedia":[{"embeddable":true,"href":"https:\/\/grandepremio.com\/br\/wp-json\/wp\/v2\/media\/1000545862"}],"wp:attachment":[{"href":"https:\/\/grandepremio.com\/br\/wp-json\/wp\/v2\/media?parent=114227"}],"wp:term":[{"taxonomy":"category","embeddable":true,"href":"https:\/\/grandepremio.com\/br\/wp-json\/wp\/v2\/categories?post=114227"},{"taxonomy":"post_tag","embeddable":true,"href":"https:\/\/grandepremio.com\/br\/wp-json\/wp\/v2\/tags?post=114227"},{"taxonomy":"42wp_author","embeddable":true,"href":"https:\/\/grandepremio.com\/br\/wp-json\/wp\/v2\/42wp_author?post=114227"}],"curies":[{"name":"wp","href":"https:\/\/api.w.org\/{rel}","templated":true}]}}