{"id":114264,"date":"2022-03-03T07:17:44","date_gmt":"2022-03-03T10:17:44","guid":{"rendered":"https:\/\/grandepremio.com\/br\/noticias\/red-bull-renova-contrato-amarra-max-verstappen-temporada-2028-formula-1\/"},"modified":"2022-03-03T12:04:06","modified_gmt":"2022-03-03T15:04:06","slug":"red-bull-renova-contrato-amarra-max-verstappen-temporada-2028-formula-1","status":"publish","type":"post","link":"https:\/\/grandepremio.com\/br\/f1\/red-bull-renova-contrato-amarra-max-verstappen-temporada-2028-formula-1\/","title":{"rendered":"Red Bull renova contrato e amarra Verstappen at\u00e9 temporada 2028 da F\u00f3rmula 1"},"content":{"rendered":"\n<figure class=\"wp-block-embed is-type-video is-provider-youtube wp-block-embed-youtube wp-embed-aspect-16-9 wp-has-aspect-ratio\"><div class=\"wp-block-embed__wrapper\">\n<iframe loading=\"lazy\" title=\"COMO MERCEDES E RED BULL J\u00c1 SE ENFRENTAM NA F\u00d3RMULA 1 2022\" width=\"500\" height=\"281\" src=\"https:\/\/www.youtube.com\/embed\/ehTaC1kgNkQ?feature=oembed\" frameborder=\"0\" allow=\"accelerometer; autoplay; clipboard-write; encrypted-media; gyroscope; picture-in-picture; web-share\" referrerpolicy=\"strict-origin-when-cross-origin\" allowfullscreen><\/iframe>\n<\/div><figcaption>COMO MERCEDES E RED BULL J\u00c1 SE ENFRENTAM NA F\u00d3RMULA 1 2022<\/figcaption><\/figure>\n\n\n\n<p class=\"wp-block-paragraph\">A Red Bull n\u00e3o quis esperar antes de definir o futuro de Max Verstappen na F\u00f3rmula 1. <a href=\"https:\/\/www.grandepremio.com\/br\/f1\/noticias\/max-verstappen-aproxima-renovacao-milionaria-contrato-red-bull\/\">Tal qual apontavam os rumores dos \u00faltimos dias<\/a>, a equipe dos energ\u00e9ticos conseguiu a assinatura do holand\u00eas em um contrato de longa dura\u00e7\u00e3o e assegurou a continuidade da parceria at\u00e9 2028.<\/p>\n\n\n\n<p class=\"wp-block-paragraph\">Campe\u00e3o de 2021, o piloto de 24 anos tinha contrato v\u00e1lido com a Red Bull at\u00e9 o fim de 2023, mas j\u00e1 havia manifestado o interesse em seguir com a esquadra comandada por Christian Horner por muitos anos mais. Assim, o v\u00ednculo de mais cinco temporadas assinado agora n\u00e3o chega como surpresa.<\/p>\n\n\n\n<figure class=\"wp-block-image size-large\"><img decoding=\"async\" src=\"https:\/\/www.grandepremio.com\/br\/wp-content\/uploads\/2020\/05\/000_323U4QC-1024x683.jpg\" alt=\"\" class=\"wp-image-544076\"\/><figcaption>Max Verstappen vai ficar com a Red Bull at\u00e9 2028 (Foto: AFP)<\/figcaption><\/figure>\n\n\n\n<p class=\"wp-block-paragraph\"><strong>\u25b6\ufe0f&nbsp;Inscreva-se nos dois canais do GRANDE PR\u00caMIO no YouTube:&nbsp;<a href=\"https:\/\/www.youtube.com\/channel\/UC9OlHEgxoaY6QY6nWPoiqQg?sub_confirmation=1\" target=\"_blank\" rel=\"noreferrer noopener\">GP<\/a>&nbsp;|&nbsp;<a href=\"https:\/\/www.youtube.com\/channel\/UC9csiS6q_C3C0FYhyr1rnFA?sub_confirmation=1\" target=\"_blank\" rel=\"noreferrer noopener\">GP2<\/a><\/strong><\/p>\n\n\n\n<p class=\"wp-block-paragraph\">\u201cEu realmente gosto de fazer parte da Red Bull, ent\u00e3o escolher ficar at\u00e9 a temporada de 2028 foi uma decis\u00e3o f\u00e1cil&#8221;, disse Verstappen. \u201cEu amo esta equipe, e o ano passado foi simplesmente incr\u00edvel. Nosso objetivo desde que nos reunimos em 2016 era vencer o campeonato e fizemos isso. Agora se trata de manter o n\u00famero um no carro a longo prazo\u201d, frisou.<\/p>\n\n\n\n<p class=\"wp-block-paragraph\">Como n\u00e3o podia deixar de ser, a Red Bull n\u00e3o falou em valores, mas o jornal holand\u00eas De Telegraaf especula um sal\u00e1rio de \u20ac 50 milh\u00f5es (cerca de R$ 286 milh\u00f5es) por temporada. No in\u00edcio do ano, o site RacingNews365 indicou que Verstappen recebe hoje cerca de \u20ac 22 milh\u00f5es por ano (aproximadamente R$ 138,3 milh\u00f5es), enquanto Lewis Hamilton, que \u00e9 o mais bem pago do campeonato, tem um faturamento anual de \u20ac 36 milh\u00f5es (em torno de R$ 221,3 milh\u00f5es).<\/p>\n\n\n\n<p class=\"wp-block-paragraph\">Chefe da equipe dos energ\u00e9ticos, Christian Horner ressaltou que o longo v\u00ednculo \u00e9 uma declara\u00e7\u00e3o de inten\u00e7\u00f5es por parte da Red Bull e um compromisso com o futuro.<\/p>\n\n\n\n<p class=\"wp-block-paragraph\">\u201cVer Max assinado com a Red Bull at\u00e9 o final de 2028 \u00e9 uma verdadeira declara\u00e7\u00e3o de inten\u00e7\u00e3o. Nosso foco imediato \u00e9 manter o t\u00edtulo mundial de Max, mas este acordo tamb\u00e9m mostra que ele faz parte do planejamento de longo prazo da equipe&#8221;, explicou Horner. \u201cCom a divis\u00e3o Red Bull Powertrains trabalhando para os novos regulamentos de motores para 2026, quer\u00edamos garantir que tiv\u00e9ssemos o melhor piloto do grid garantido para aquele carro\u201d, justificou.<\/p>\n\n\n\n<p class=\"wp-block-paragraph\">Verstappen faz parte do programa da Red Bull desde a adolesc\u00eancia e estreou na equipe principal no GP da Espanha de 2016, quando venceu pela primeira vez na F1. Desde ent\u00e3o, conquistou 20 vit\u00f3rias, 13 poles, 60 p\u00f3dios e foi o autor de 16 voltas mais r\u00e1pidas. No ano passado, aos 24 anos, conquistou o primeiro t\u00edtulo no Mundial em uma pol\u00eamica decis\u00e3o com Lewis Hamilton em Abu Dhabi.<\/p>\n\n\n\n<figure class=\"wp-block-embed is-type-video is-provider-youtube wp-block-embed-youtube wp-embed-aspect-16-9 wp-has-aspect-ratio\"><div class=\"wp-block-embed__wrapper\">\n<iframe loading=\"lazy\" title=\"FERRARI J\u00c1 \u00c9 SENSA\u00c7\u00c3O DA TEMPORADA 2022 DA F\u00d3RMULA 1\" width=\"500\" height=\"281\" src=\"https:\/\/www.youtube.com\/embed\/EF_uI_8ARTQ?start=10&amp;feature=oembed\" frameborder=\"0\" allow=\"accelerometer; autoplay; clipboard-write; encrypted-media; gyroscope; picture-in-picture; web-share\" referrerpolicy=\"strict-origin-when-cross-origin\" allowfullscreen><\/iframe>\n<\/div><figcaption>FERRARI J\u00c1 \u00c9 SENSA\u00c7\u00c3O DA TEMPORADA 2022 DA F\u00d3RMULA 1<\/figcaption><\/figure>\n\n\n\n<p class=\"wp-block-paragraph\"><\/p>\n","protected":false},"excerpt":{"rendered":"<p>Ainda no in\u00edcio da manh\u00e3 desta quinta-feira (3), a equipe dos energ\u00e9ticos confirmou a renova\u00e7\u00e3o do contrato do campe\u00e3o de 2021 por mais cinco anos. O holand\u00eas \u00e9 titular do time desde o GP da Espanha de 2016<\/p>\n","protected":false},"author":0,"featured_media":1000543805,"comment_status":"closed","ping_status":"closed","sticky":false,"template":"","format":"standard","meta":{"42wp_featured_image_caption":"","42wp_featured_image_credits":"","42wp_featured_video":"","42wp_featured_image_hidden":false,"42wp_authors_list":[],"footnotes":""},"categories":[2],"tags":[29394,147,1357,24837,26841,30732,203,204],"42wp_author":[47145,47113],"class_list":["post-114264","post","type-post","status-publish","format-standard","has-post-thumbnail","hentry","category-f1","tag-calendario-formula-1-2022","tag-f1","tag-f1-2022","tag-formula-1-2","tag-formula-1-2022","tag-formula-1-classificacao-2022","tag-max-verstappen","tag-red-bull","42wp_author-alessandro-pinheiro","42wp_author-juliana-tesser"],"_links":{"self":[{"href":"https:\/\/grandepremio.com\/br\/wp-json\/wp\/v2\/posts\/114264","targetHints":{"allow":["GET"]}}],"collection":[{"href":"https:\/\/grandepremio.com\/br\/wp-json\/wp\/v2\/posts"}],"about":[{"href":"https:\/\/grandepremio.com\/br\/wp-json\/wp\/v2\/types\/post"}],"replies":[{"embeddable":true,"href":"https:\/\/grandepremio.com\/br\/wp-json\/wp\/v2\/comments?post=114264"}],"version-history":[{"count":0,"href":"https:\/\/grandepremio.com\/br\/wp-json\/wp\/v2\/posts\/114264\/revisions"}],"wp:featuredmedia":[{"embeddable":true,"href":"https:\/\/grandepremio.com\/br\/wp-json\/wp\/v2\/media\/1000543805"}],"wp:attachment":[{"href":"https:\/\/grandepremio.com\/br\/wp-json\/wp\/v2\/media?parent=114264"}],"wp:term":[{"taxonomy":"category","embeddable":true,"href":"https:\/\/grandepremio.com\/br\/wp-json\/wp\/v2\/categories?post=114264"},{"taxonomy":"post_tag","embeddable":true,"href":"https:\/\/grandepremio.com\/br\/wp-json\/wp\/v2\/tags?post=114264"},{"taxonomy":"42wp_author","embeddable":true,"href":"https:\/\/grandepremio.com\/br\/wp-json\/wp\/v2\/42wp_author?post=114264"}],"curies":[{"name":"wp","href":"https:\/\/api.w.org\/{rel}","templated":true}]}}