{"id":114283,"date":"2022-03-02T05:00:00","date_gmt":"2022-03-02T08:00:00","guid":{"rendered":"https:\/\/grandepremio.com\/br\/noticias\/mattia-binotto-responde-hamilton-nega-ferrari-esteja-carro-meses-frente\/"},"modified":"2022-03-01T19:55:10","modified_gmt":"2022-03-01T22:55:10","slug":"mattia-binotto-responde-hamilton-nega-ferrari-esteja-carro-meses-frente","status":"publish","type":"post","link":"https:\/\/grandepremio.com\/br\/f1\/mattia-binotto-responde-hamilton-nega-ferrari-esteja-carro-meses-frente\/","title":{"rendered":"Binotto responde Hamilton e nega que Ferrari tenha carro &#8220;meses \u00e0 frente&#8221; na F1 em 2022"},"content":{"rendered":"\n<figure class=\"wp-block-embed is-type-video is-provider-youtube wp-block-embed-youtube wp-embed-aspect-16-9 wp-has-aspect-ratio\"><div class=\"wp-block-embed__wrapper\">\n<iframe loading=\"lazy\" title=\"O QUE A PR\u00c9-TEMPORADA DA F1 EM BARCELONA ENSINOU | Paddock GP #276\" width=\"500\" height=\"281\" src=\"https:\/\/www.youtube.com\/embed\/IOhPJ3qIYQ4?start=1&amp;feature=oembed\" frameborder=\"0\" allow=\"accelerometer; autoplay; clipboard-write; encrypted-media; gyroscope; picture-in-picture; web-share\" referrerpolicy=\"strict-origin-when-cross-origin\" allowfullscreen><\/iframe>\n<\/div><figcaption>O QUE A PR\u00c9-TEMPORADA DA F1 EM BARCELONA ENSINOU | Paddock GP&nbsp;<a href=\"https:\/\/www.youtube.com\/hashtag\/276\">#276<\/a><\/figcaption><\/figure>\n\n\n\n<p class=\"wp-block-paragraph\">Depois de Lewis Hamilton demonstrar espanto e suspeitar que a F1-75 &#8211; carro da Ferrari para a temporada de 2022 da F1 &#8211; <a href=\"https:\/\/www.grandepremio.com\/br\/f1\/noticias\/lewis-hamilton-se-espanta-e-suspeita-que-carro-da-ferrari-esteja-meses-a-frente\/\">esteja &#8220;meses \u00e0 frente&#8221; da competi\u00e7\u00e3o<\/a>, o chefe da escuderia italiana, Mattia Binotto, respondeu ao heptacampe\u00e3o mundial e negou que essa seja uma possibilidade real.<\/p>\n\n\n\n<p class=\"wp-block-paragraph\">Binotto, inclusive, jogou o favoritismo para o lado da Mercedes e ressaltou que ainda \u00e9 muito cedo para conclus\u00f5es serem tiradas. A F\u00f3rmula 1 s\u00f3 teve, at\u00e9 aqui, tr\u00eas dias oficiais de testes coletivos de pr\u00e9-temporada &#8211; que foram realizados em Barcelona, na Catalunha.<\/p>\n\n\n\n<p class=\"wp-block-paragraph\"><strong>\u25b6\ufe0f&nbsp;Inscreva-se nos dois canais do GRANDE PR\u00caMIO no YouTube:&nbsp;<a href=\"https:\/\/www.youtube.com\/channel\/UC9OlHEgxoaY6QY6nWPoiqQg?sub_confirmation=1\" target=\"_blank\" rel=\"noreferrer noopener\">GP<\/a>&nbsp;|&nbsp;<a href=\"https:\/\/www.youtube.com\/channel\/UC9csiS6q_C3C0FYhyr1rnFA?sub_confirmation=1\" target=\"_blank\" rel=\"noreferrer noopener\">GP2<\/a><\/strong><\/p>\n\n\n\n<figure class=\"wp-block-image size-large\"><img decoding=\"async\" src=\"https:\/\/www.grandepremio.com\/br\/wp-content\/uploads\/2020\/05\/000_323T8PB-1024x683.jpg\" alt=\"\" class=\"wp-image-544067\"\/><figcaption>Ferrari teve \u00f3timo desempenho no Circuito de Montmel\u00f3-Barcelona (Foto: AFP)<\/figcaption><\/figure>\n\n\n\n<p class=\"wp-block-paragraph\">&#8220;Tenho certeza que eles (Mercedes) estar\u00e3o dois ou tr\u00eas meses \u00e0 frente de n\u00f3s quando chegarmos ao Bahrein. Penso que \u00e9 muito dif\u00edcil julgar, hoje, a performance e a competi\u00e7\u00e3o relativa entre os times&#8221;, analisou.<\/p>\n\n\n\n<p class=\"wp-block-paragraph\">O chefe da Ferrari tamb\u00e9m destacou a import\u00e2ncia da coleta de dados no Circuito de Montmel\u00f3-Barcelona. A escuderia italiana <a href=\"https:\/\/www.grandepremio.com\/br\/f1\/noticias\/charles-leclerc-troco-mclaren-lidera-segundo-dia-testes-f1-barcelona\/\">liderou o segundo dia de testes da pr\u00e9-temporada, com Charles Leclerc<\/a>.<\/p>\n\n\n\n<figure class=\"wp-block-image size-large\"><img decoding=\"async\" src=\"https:\/\/www.grandepremio.com\/br\/wp-content\/uploads\/2020\/05\/000_323Q8ZM-1024x683.jpg\" alt=\"\" class=\"wp-image-544117\"\/><figcaption>Hamilton afirmou que carro da Ferrari estava bem \u00e0 frente da competi\u00e7\u00e3o em Barcelona (Foto: AFP)<\/figcaption><\/figure>\n\n\n\n<p class=\"wp-block-paragraph\">&#8220;O que foi importante para n\u00f3s foi a coleta de estat\u00edsticas. Penso que podemos estar, de certa maneira, satisfeitos com o n\u00famero de voltas que fizemos. Tudo vai ser analisado em Maranello&#8221;, revelou.<\/p>\n\n\n\n<p class=\"wp-block-paragraph\">&#8220;Penso que o carro est\u00e1 se comportando bem, ou melhor, sem maiores problemas. At\u00e9 agora, tudo foi feito da maneira correta. Isso ser\u00e1 o suficiente? N\u00e3o devemos esquecer que, no ano passado, est\u00e1vamos pelo menos um segundo atr\u00e1s por volta dos melhores times&#8221;, afirmou Binotto, sem se entusiasmar com o resultado obtido na Catalunha.<\/p>\n\n\n\n<p class=\"wp-block-paragraph\">&#8220;N\u00f3s acreditamos que, para n\u00f3s, ser\u00e1 bom voltarmos a sermos competitivos em 2022. Mas ainda \u00e9 muito cedo para prever&#8221;, finalizou.<\/p>\n\n\n\n<figure class=\"wp-block-embed is-type-video is-provider-youtube wp-block-embed-youtube wp-embed-aspect-16-9 wp-has-aspect-ratio\"><div class=\"wp-block-embed__wrapper\">\n<iframe loading=\"lazy\" title=\"ESTRUTURA, DINHEIRO E TRADI\u00c7\u00c3O: ANDRETTI \u00c9 11\u00aa EQUIPE PERFEITA PARA F\u00d3RMULA 1?\" width=\"500\" height=\"281\" src=\"https:\/\/www.youtube.com\/embed\/bhmqujNK4Ks?start=1&amp;feature=oembed\" frameborder=\"0\" allow=\"accelerometer; autoplay; clipboard-write; encrypted-media; gyroscope; picture-in-picture; web-share\" referrerpolicy=\"strict-origin-when-cross-origin\" allowfullscreen><\/iframe>\n<\/div><figcaption>ESTRUTURA, DINHEIRO E TRADI\u00c7\u00c3O: ANDRETTI \u00c9 11\u00aa EQUIPE PERFEITA PARA F\u00d3RMULA 1?<\/figcaption><\/figure>\n","protected":false},"excerpt":{"rendered":"<p>Chefe da escuderia italiana jogou o favoritismo para o lado da Mercedes e afirmou &#8220;ainda ser muito cedo&#8221; para conclus\u00f5es serem tiradas<\/p>\n","protected":false},"author":0,"featured_media":1000527508,"comment_status":"closed","ping_status":"closed","sticky":false,"template":"","format":"standard","meta":{"42wp_featured_image_caption":"","42wp_featured_image_credits":"","42wp_featured_video":"","42wp_featured_image_hidden":false,"42wp_authors_list":[],"footnotes":""},"categories":[2],"tags":[304,147,1357,207,24837,24836,87,442,82,25297,305],"42wp_author":[47143],"class_list":["post-114283","post","type-post","status-publish","format-standard","has-post-thumbnail","hentry","category-f1","tag-barcelona","tag-f1","tag-f1-2022","tag-ferrari","tag-formula-1-2","tag-grande-premio-2","tag-lewis-hamilton","tag-mattia-binotto","tag-mercedes","tag-pre-temporada-2","tag-testes","42wp_author-felipe-leite"],"_links":{"self":[{"href":"https:\/\/grandepremio.com\/br\/wp-json\/wp\/v2\/posts\/114283","targetHints":{"allow":["GET"]}}],"collection":[{"href":"https:\/\/grandepremio.com\/br\/wp-json\/wp\/v2\/posts"}],"about":[{"href":"https:\/\/grandepremio.com\/br\/wp-json\/wp\/v2\/types\/post"}],"replies":[{"embeddable":true,"href":"https:\/\/grandepremio.com\/br\/wp-json\/wp\/v2\/comments?post=114283"}],"version-history":[{"count":0,"href":"https:\/\/grandepremio.com\/br\/wp-json\/wp\/v2\/posts\/114283\/revisions"}],"wp:featuredmedia":[{"embeddable":true,"href":"https:\/\/grandepremio.com\/br\/wp-json\/wp\/v2\/media\/1000527508"}],"wp:attachment":[{"href":"https:\/\/grandepremio.com\/br\/wp-json\/wp\/v2\/media?parent=114283"}],"wp:term":[{"taxonomy":"category","embeddable":true,"href":"https:\/\/grandepremio.com\/br\/wp-json\/wp\/v2\/categories?post=114283"},{"taxonomy":"post_tag","embeddable":true,"href":"https:\/\/grandepremio.com\/br\/wp-json\/wp\/v2\/tags?post=114283"},{"taxonomy":"42wp_author","embeddable":true,"href":"https:\/\/grandepremio.com\/br\/wp-json\/wp\/v2\/42wp_author?post=114283"}],"curies":[{"name":"wp","href":"https:\/\/api.w.org\/{rel}","templated":true}]}}