{"id":114314,"date":"2022-02-28T11:43:04","date_gmt":"2022-02-28T14:43:04","guid":{"rendered":"https:\/\/grandepremio.com\/br\/noticias\/carlos-sainz-pede-pes-chao-reitera-trabalho-ferrari-tornar-carro-confiavel\/"},"modified":"2022-02-28T16:26:33","modified_gmt":"2022-02-28T19:26:33","slug":"carlos-sainz-pede-pes-chao-reitera-trabalho-ferrari-tornar-carro-confiavel","status":"publish","type":"post","link":"https:\/\/grandepremio.com\/br\/f1\/carlos-sainz-pede-pes-chao-reitera-trabalho-ferrari-tornar-carro-confiavel\/","title":{"rendered":"Sainz pede p\u00e9s nos ch\u00e3o e reitera trabalho da Ferrari para tornar carro &#8220;confi\u00e1vel&#8221;"},"content":{"rendered":"\n<figure class=\"wp-block-embed is-type-video is-provider-youtube wp-block-embed-youtube wp-embed-aspect-16-9 wp-has-aspect-ratio\"><div class=\"wp-block-embed__wrapper\">\n<iframe loading=\"lazy\" title=\"ALFA ROMEO APRESENTA C42, CARRO PARA A TEMPORADA 2022 DA F\u00d3RMULA 1 | React\" width=\"500\" height=\"281\" src=\"https:\/\/www.youtube.com\/embed\/gGw2eyS40U4?feature=oembed\" frameborder=\"0\" allow=\"accelerometer; autoplay; clipboard-write; encrypted-media; gyroscope; picture-in-picture; web-share\" referrerpolicy=\"strict-origin-when-cross-origin\" allowfullscreen><\/iframe>\n<\/div><figcaption>ALFA ROMEO APRESENTA C42, CARRO PARA A TEMPORADA 2022 DA F\u00d3RMULA 1 | React<br><\/figcaption><\/figure>\n\n\n\n<p class=\"wp-block-paragraph\">O desempenho da Ferrari nos testes de Barcelona chamou a aten\u00e7\u00e3o dos rivais. Depois de um 2020 tenebroso e um 2021 de recupera\u00e7\u00e3o em que, embora j\u00e1 estivessem focados nesta temporada, conseguiram a terceira posi\u00e7\u00e3o no Mundial de Construtores, o time de Maranello chega com um carro agressivo e propostas interessantes. Foi, sobretudo, a equipe que mais acumulou quilometragem na \u00faltima semana \u2014 ao todo, foram 236 voltas \u2014 e tamb\u00e9m l\u00edder no segundo dia de sess\u00e3o.<\/p>\n\n\n\n<p class=\"wp-block-paragraph\">Mas, assim como Charles Leclerc, Carlos Sainz Jr. pediu p\u00e9s no ch\u00e3o. Ele reconhece que a Ferrari deu, supostamente, um bom primeiro passo para 2022, mas enfatiza que ainda \u00e9 muito dif\u00edcil ter uma no\u00e7\u00e3o de como tudo vai realmente acontecer nas pistas. Por isso, a continuidade do trabalho para o desenvolvimento do carro \u00e9 mais do que necess\u00e1rio. <\/p>\n\n\n\n<p class=\"wp-block-paragraph\">\u201cPosso imaginar por que voc\u00eas est\u00e3o come\u00e7ando a tirar conclus\u00f5es e talvez tentar colocar um pouco de hierarquia. Mas para n\u00f3s, realmente n\u00e3o temos ideia, e acho que ningu\u00e9m tem ideia de quais cargas de combust\u00edvel [cada um est\u00e1 usando] e como os motores est\u00e3o funcionando&#8221;, disse Sainz.<\/p>\n\n\n\n<p class=\"wp-block-paragraph\">\u201cPortanto, n\u00e3o podemos confirmar ou negar que estamos felizes ou tristes, porque realmente n\u00e3o sabemos onde estamos. Acho que, no Bahrein, talvez comece a ficar um pouco mais f\u00e1cil come\u00e7ar a adivinhar onde todos est\u00e3o&#8221;, acrescentou. <\/p>\n\n\n\n<p class=\"wp-block-paragraph\"><strong>\u25b6\ufe0f&nbsp;Inscreva-se nos dois canais do GRANDE PR\u00caMIO no YouTube:&nbsp;<a href=\"https:\/\/www.youtube.com\/channel\/UC9OlHEgxoaY6QY6nWPoiqQg?sub_confirmation=1\" target=\"_blank\" rel=\"noreferrer noopener\">GP<\/a>&nbsp;|&nbsp;<a href=\"https:\/\/www.youtube.com\/channel\/UC9csiS6q_C3C0FYhyr1rnFA?sub_confirmation=1\" target=\"_blank\" rel=\"noreferrer noopener\">GP2<\/a><\/strong><\/p>\n\n\n\n<figure class=\"wp-block-image size-large\"><img decoding=\"async\" src=\"https:\/\/www.grandepremio.com\/br\/wp-content\/uploads\/2020\/05\/000_323Q6LQ-1024x683.jpg\" alt=\"\" class=\"wp-image-544141\"\/><figcaption>Charles Leclerc foi o mais r\u00e1pido no segundo dia de testes em Barcelona e Ferrari chamou aten\u00e7\u00e3o (Foto: Ferrari)<\/figcaption><\/figure>\n\n\n\n<p class=\"wp-block-paragraph\"><strong>LEIA TAMB\u00c9M<\/strong><br><strong><a href=\"https:\/\/www.grandepremio.com\/br\/f1\/noticias\/haas-lamenta-problemas-nos-testes-mas-ve-bom-progresso-em-barcelona\/\" target=\"_blank\" rel=\"noreferrer noopener\">+<\/a><a href=\"https:\/\/www.grandepremio.com\/br\/equipe\/f1\/2020\/haas-f1-team\/\" target=\"_blank\" rel=\"noreferrer noopener\">Haas<\/a>&nbsp;lamenta problemas nos testes, mas v\u00ea \u201cbom progresso\u201d em Barcelona<\/strong><br><strong><a href=\"https:\/\/www.grandepremio.com\/br\/f1\/noticias\/alfa-romeo-realiza-shakedown-e-mostra-nova-pintura-da-c42-na-pista-em-barcelona\/\" target=\"_blank\" rel=\"noreferrer noopener\">+<\/a><a href=\"https:\/\/www.grandepremio.com\/br\/equipe\/f1\/2020\/alfa-romeo-racing\/\" target=\"_blank\" rel=\"noreferrer noopener\">Alfa Romeo<\/a>&nbsp;realiza shakedown e mostra nova pintura da C42 na pista em Barcelona<\/strong><\/p>\n\n\n\n<p class=\"wp-block-paragraph\"><a href=\"https:\/\/www.grandepremio.com\/br\/f1\/noticias\/ferrari-cre-equipes-subestimaram-forca-quiques-causados-efeito-solo\/\" target=\"_blank\" rel=\"noreferrer noopener\">Algo que chamou a aten\u00e7\u00e3o tamb\u00e9m nos testes foram os &#8216;quiques&#8217; \u2014  tecnicamente, chamados de \u2018porpoising&#8217; \u2014 da F1-75<\/a>. O motivo \u00e9 que, com o retorno do efeito solo, os novos carros, em contato com oscila\u00e7\u00f5es na pista, est\u00e3o entrando em estado estol, termo utilizado na avia\u00e7\u00e3o. O estado de estol \u00e9 gerado quando uma maior quantidade de ar \u00e9 canalizada na \u00e1rea superior do carro em compara\u00e7\u00e3o com a inferior, o que faz o eixo dianteiro subir e descer diversas vezes, semelhantes aos quiques dos golfinhos em alto mar.<\/p>\n\n\n\n<p class=\"wp-block-paragraph\">\u201cAgora \u00e9 hora de trabalhar um pouco mais n\u00e3o apenas na quilometragem, mas tamb\u00e9m tentar melhorar o carro, para torn\u00e1-lo confi\u00e1vel, o que \u00e9 dif\u00edcil de fazer\u201d, explicou Sainz. &#8220;Continuaremos trabalhando nisso e veremos se podemos continuar melhorando&#8221;, concluiu. <\/p>\n\n\n\n<p class=\"wp-block-paragraph\">Para comprovar que a\u00a0<a href=\"https:\/\/www.grandepremio.com\/br\/equipe\/f1\/2020\/scuderia-ferrari\/\" target=\"_blank\" rel=\"noreferrer noopener\">Ferrari<\/a>\u00a0est\u00e1 em um n\u00edvel acima comparada aos \u00faltimos dois anos, Sainz e Leclerc v\u00e3o retornar ao cockpit da F1-75 nos pr\u00f3ximos dias 10, 11 e 12 de mar\u00e7o, quando ser\u00e1 realizada a \u00faltima sess\u00e3o de testes de pr\u00e9-temporada no Bahrein. \u00c9 tamb\u00e9m no Circuito de\u00a0<a href=\"https:\/\/www.grandepremio.com\/br\/etapa\/f1\/gp-do-bahrein-formula-1-2020\/\" target=\"_blank\" rel=\"noreferrer noopener\">Sakhir<\/a>\u00a0que tem in\u00edcio a temporada 2022, no dia 20 do mesmo m\u00eas.<\/p>\n\n\n\n<figure class=\"wp-block-embed is-type-video is-provider-youtube wp-block-embed-youtube wp-embed-aspect-16-9 wp-has-aspect-ratio\"><div class=\"wp-block-embed__wrapper\">\n<iframe loading=\"lazy\" title=\"ESTRUTURA, DINHEIRO E TRADI\u00c7\u00c3O: ANDRETTI \u00c9 11\u00aa EQUIPE PERFEITA PARA F\u00d3RMULA 1?\" width=\"500\" height=\"281\" src=\"https:\/\/www.youtube.com\/embed\/bhmqujNK4Ks?feature=oembed\" frameborder=\"0\" allow=\"accelerometer; autoplay; clipboard-write; encrypted-media; gyroscope; picture-in-picture; web-share\" referrerpolicy=\"strict-origin-when-cross-origin\" allowfullscreen><\/iframe>\n<\/div><figcaption>ESTRUTURA, DINHEIRO E TRADI\u00c7\u00c3O: ANDRETTI \u00c9 11\u00aa EQUIPE PERFEITA PARA F\u00d3RMULA 1?<br><\/figcaption><\/figure>\n\n\n\n<p class=\"wp-block-paragraph\"><\/p>\n\n\n\n<p class=\"wp-block-paragraph\"><\/p>\n","protected":false},"excerpt":{"rendered":"<p>Carlos Sainz seguiu a linha de Charles Leclerc ao pedir p\u00e9s no ch\u00e3o em rela\u00e7\u00e3o ao desempenho inicial da Ferrari e reiterou que o trabalho em Maranello precisa continuar<\/p>\n","protected":false},"author":0,"featured_media":1000544193,"comment_status":"closed","ping_status":"closed","sticky":false,"template":"","format":"standard","meta":{"42wp_featured_image_caption":"","42wp_featured_image_credits":"","42wp_featured_video":"","42wp_featured_image_hidden":false,"42wp_authors_list":[],"footnotes":""},"categories":[2],"tags":[546,209,1357,207,24837,1491,30588],"42wp_author":[47139],"class_list":["post-114314","post","type-post","status-publish","format-standard","has-post-thumbnail","hentry","category-f1","tag-carlos-sainz","tag-charles-leclerc","tag-f1-2022","tag-ferrari","tag-formula-1-2","tag-grande-premio","tag-testes-barcelona","42wp_author-ana-cerveira"],"_links":{"self":[{"href":"https:\/\/grandepremio.com\/br\/wp-json\/wp\/v2\/posts\/114314","targetHints":{"allow":["GET"]}}],"collection":[{"href":"https:\/\/grandepremio.com\/br\/wp-json\/wp\/v2\/posts"}],"about":[{"href":"https:\/\/grandepremio.com\/br\/wp-json\/wp\/v2\/types\/post"}],"replies":[{"embeddable":true,"href":"https:\/\/grandepremio.com\/br\/wp-json\/wp\/v2\/comments?post=114314"}],"version-history":[{"count":0,"href":"https:\/\/grandepremio.com\/br\/wp-json\/wp\/v2\/posts\/114314\/revisions"}],"wp:featuredmedia":[{"embeddable":true,"href":"https:\/\/grandepremio.com\/br\/wp-json\/wp\/v2\/media\/1000544193"}],"wp:attachment":[{"href":"https:\/\/grandepremio.com\/br\/wp-json\/wp\/v2\/media?parent=114314"}],"wp:term":[{"taxonomy":"category","embeddable":true,"href":"https:\/\/grandepremio.com\/br\/wp-json\/wp\/v2\/categories?post=114314"},{"taxonomy":"post_tag","embeddable":true,"href":"https:\/\/grandepremio.com\/br\/wp-json\/wp\/v2\/tags?post=114314"},{"taxonomy":"42wp_author","embeddable":true,"href":"https:\/\/grandepremio.com\/br\/wp-json\/wp\/v2\/42wp_author?post=114314"}],"curies":[{"name":"wp","href":"https:\/\/api.w.org\/{rel}","templated":true}]}}