{"id":114349,"date":"2022-02-27T04:30:00","date_gmt":"2022-02-27T07:30:00","guid":{"rendered":"https:\/\/grandepremio.com\/br\/noticias\/alphatauri-exalta-ritmo-impressionante-yuki-tsunoda-testes-barcelona\/"},"modified":"2022-02-26T16:48:15","modified_gmt":"2022-02-26T19:48:15","slug":"alphatauri-exalta-ritmo-impressionante-yuki-tsunoda-testes-barcelona","status":"publish","type":"post","link":"https:\/\/grandepremio.com\/br\/f1\/alphatauri-exalta-ritmo-impressionante-yuki-tsunoda-testes-barcelona\/","title":{"rendered":"AlphaTauri exalta ritmo &#8220;impressionante&#8221; de Tsunoda nos testes em Barcelona"},"content":{"rendered":"\n<figure class=\"wp-block-embed is-type-video is-provider-youtube wp-block-embed-youtube wp-embed-aspect-16-9 wp-has-aspect-ratio\"><div class=\"wp-block-embed__wrapper\">\n<iframe loading=\"lazy\" title=\"COMO FOI O TERCEIRO DIA DA PR\u00c9-TEMPORADA DA F\u00d3RMULA 1 2022 EM BARCELONA | Briefing\" width=\"500\" height=\"281\" src=\"https:\/\/www.youtube.com\/embed\/MQomFZ7mfAM?feature=oembed\" frameborder=\"0\" allow=\"accelerometer; autoplay; clipboard-write; encrypted-media; gyroscope; picture-in-picture; web-share\" referrerpolicy=\"strict-origin-when-cross-origin\" allowfullscreen><\/iframe>\n<\/div><figcaption>COMO FOI O TERCEIRO DIA DA PR\u00c9-TEMPORADA DA F\u00d3RMULA 1 2022 EM BARCELONA | Briefing<\/figcaption><\/figure>\n\n\n\n<p class=\"wp-block-paragraph\">Os tr\u00eas dias de testes de pr\u00e9-temporada da F\u00f3rmula 1 em Barcelona foram bem intensos dentro da pista, mas principalmente fora dela, com a <a href=\"https:\/\/www.grandepremio.com\/br\/f1\/noticias\/f1-evita-cancelar-gp-mas-coloca-russia-em-xeque-circunstancias-atuais\/\" target=\"_blank\" rel=\"noreferrer noopener\">perman\u00eancia ou n\u00e3o do GP da R\u00fassia no calend\u00e1rio<\/a>, declara\u00e7\u00f5es sobre a <a href=\"https:\/\/www.grandepremio.com\/br\/f1\/noticias\/mercedes-discorda-lewis-hamilton-parcialidade-comissarios-consciente\/\" target=\"_blank\" rel=\"noreferrer noopener\">mudan\u00e7a na dire\u00e7\u00e3o de provas<\/a>, entre outros temas. Diante de toda essa agita\u00e7\u00e3o no paddock, o desempenho de <a href=\"https:\/\/www.grandepremio.com\/br\/piloto\/yuki-tsunoda\/\" target=\"_blank\" rel=\"noreferrer noopener\">Yuki Tsunoda <\/a>passou despercebido no c\u00f4mputo geral, mas n\u00e3o sob os olhares do chefe da <a href=\"https:\/\/www.grandepremio.com\/br\/equipe\/f1\/2020\/scuderia-alphatauri\/\" target=\"_blank\" rel=\"noreferrer noopener\">AlphaTauri<\/a>, Franz Tost, que elogiou a maturidade e performance do seu piloto.<\/p>\n\n\n\n<p class=\"wp-block-paragraph\">No primeiro dia de testes, Tsunoda foi o respons\u00e1vel por pilotar o novo carro da equipe italiana para a temporada 2022. O japon\u00eas apresentou uma performance constante no Circuito de Montmel\u00f3 e somou 121 voltas na \u00faltima quarta-feira. Ao fim da sess\u00e3o, Tost elogiou a velocidade, mas principalmente a experi\u00eancia do piloto durante a coleta e interpreta\u00e7\u00e3o dos dados t\u00e9cnicos.<\/p>\n\n\n\n<p class=\"wp-block-paragraph\">\u201cEle foi r\u00e1pido, sem erros, nada. O feedback foi muito bom tamb\u00e9m no quesito t\u00e9cnico\u201d, exaltou. O chefe de equipe tamb\u00e9m destacou uma melhora na postura de Tsunoda, em compara\u00e7\u00e3o \u00e0 amostragem do ano passado. \u201cYuki est\u00e1 em sua segunda temporada, o que significa que agora \u00e9 muito mais experiente do que no ano passado. Fiquei realmente impressionado com seu primeiro dia de testes\u201d, acrescentou.<\/p>\n\n\n\n<figure class=\"wp-block-image size-large\"><img decoding=\"async\" src=\"https:\/\/www.grandepremio.com\/br\/wp-content\/uploads\/2022\/02\/Testes2-1024x576.jpeg\" alt=\"\" class=\"wp-image-543543\"\/><figcaption>Yuki Tsunoda pegou o carro da AlphaTauri no primeiro dia (Foto: Red Bull Content Pool)<\/figcaption><\/figure>\n\n\n\n<p class=\"wp-block-paragraph\"><strong>\u25b6\ufe0f&nbsp;Inscreva-se nos dois canais do GRANDE PR\u00caMIO no YouTube:&nbsp;<a href=\"https:\/\/www.youtube.com\/channel\/UC9OlHEgxoaY6QY6nWPoiqQg?sub_confirmation=1\" target=\"_blank\" rel=\"noreferrer noopener\">GP<\/a>&nbsp;|&nbsp;<a href=\"https:\/\/www.youtube.com\/channel\/UC9csiS6q_C3C0FYhyr1rnFA?sub_confirmation=1\" target=\"_blank\" rel=\"noreferrer noopener\">GP2<\/a><\/strong><br><strong><a href=\"https:\/\/www.grandepremio.com\/br\/programacao-tv\/noticias\/as-corridas-do-fim-de-semana-na-tv-e-no-streaming-25-e-27-de-fevereiro\/\">As corridas do fim de semana na TV e&nbsp;<\/a><a href=\"https:\/\/formula1aovivo.com\/\" target=\"_blank\" rel=\"noreferrer noopener\">no streaming<\/a>: 25 e 27 de fevereiro<\/strong><\/p>\n\n\n\n<p class=\"wp-block-paragraph\">O desempenho nos testes de Barcelona pode ser o combust\u00edvel que o piloto precisa para superar o desempenho abaixo do esperado em 2021. Em 22 corridas, o japon\u00eas de 21 anos terminou na zona de pontua\u00e7\u00e3o em apenas sete corridas, performance bem inferior em compara\u00e7\u00e3o ao seu companheiro, <a href=\"https:\/\/www.grandepremio.com\/br\/piloto\/pierre-gasly\/\">Pierre Gasly<\/a>, que somou 78 pontos a mais e subiu ao p\u00f3dio no GP do Azerbaij\u00e3o.<\/p>\n\n\n\n<p class=\"wp-block-paragraph\"><strong>Leia tamb\u00e9m<\/strong><\/p>\n\n\n\n<p class=\"wp-block-paragraph\"><strong><a href=\"https:\/\/www.grandepremio.com\/br\/f1\/noticias\/pai-jules-bianchi-compara-revolta-com-final-f1-2021-farsa-de-charlie-whiting-morte-do-filho\/\" target=\"_blank\" rel=\"noreferrer noopener\">+Pai de Bianchi compara revolta com final de 2021 \u00e0 \u201cfarsa de Whiting\u201d em morte do filho<\/a><\/strong><br><strong><a href=\"https:\/\/www.grandepremio.com\/br\/f1\/noticias\/mercedes-discorda-lewis-hamilton-parcialidade-comissarios-consciente\/\" target=\"_blank\" rel=\"noreferrer noopener\">+Mercedes discorda de Hamilton sobre vi\u00e9s dos comiss\u00e1rios: \u201cN\u00e3o \u00e9 consciente\u201d<\/a><\/strong><\/p>\n\n\n\n<p class=\"wp-block-paragraph\">Al\u00e9m disso, apesar da batida de Gasly no terceiro dia, que impediu Tsunoda voltar \u00e0 pista na \u00faltima sess\u00e3o, a performance, como um todo, da AlphaTauri em Barcelona foi avaliada como positiva e despertou um otimismo na equipe. \u201cA equipe tamb\u00e9m melhorou. Espero que sejamos melhores do que no ano passado e que possamos terminar na quinta posi\u00e7\u00e3o no Campeonato de Construtores. Ou melhor, isso n\u00e3o \u00e9 proibido\u201d, disse.<\/p>\n\n\n\n<p class=\"wp-block-paragraph\">Com 308 voltas completadas nos tr\u00eas dias e a segunda coloca\u00e7\u00e3o de Gasly na quinta-feira, Tost confia que o AT03 vai trazer grandes resultados na pr\u00f3xima temporada. \u201cDe um modo geral, espero uma temporada de sucesso. Porque, como mencionei antes, a estrutura do carro \u00e9 boa\u201d, come\u00e7ou.<\/p>\n\n\n\n<p class=\"wp-block-paragraph\">\u201cEstou convencido de que nossos engenheiros est\u00e3o na dire\u00e7\u00e3o certa nas etapas de desenvolvimento. Temos dois pilotos muito bons. Felizmente, n\u00e3o temos problemas de confiabilidade e isso \u00e9 muito importante\u201d, concluiu.<\/p>\n\n\n\n<p class=\"wp-block-paragraph\">Entre os dias 10 e 12 de mar\u00e7o, Tsunoda e Gasly voltam \u00e0 pista para o \u00faltimo teste de pr\u00e9-temporada, que ser\u00e1 realizado no Bahrein. Mesmo local da etapa de abertura da temporada 2022 da F1.<\/p>\n\n\n\n<figure class=\"wp-block-embed is-type-video is-provider-youtube wp-block-embed-youtube wp-embed-aspect-16-9 wp-has-aspect-ratio\"><div class=\"wp-block-embed__wrapper\">\n<iframe loading=\"lazy\" title=\"F\u00d3RMULA 1 RESISTE \u00c0 POSS\u00cdVEL ENTRADA DA ANDRETTI EM 2024. POR QUE?\" width=\"500\" height=\"281\" src=\"https:\/\/www.youtube.com\/embed\/fRd1ZDUV_tM?start=2&amp;feature=oembed\" frameborder=\"0\" allow=\"accelerometer; autoplay; clipboard-write; encrypted-media; gyroscope; picture-in-picture; web-share\" referrerpolicy=\"strict-origin-when-cross-origin\" allowfullscreen><\/iframe>\n<\/div><figcaption>F\u00d3RMULA 1 RESISTE \u00c0 POSS\u00cdVEL ENTRADA DA ANDRETTI EM 2024. POR QUE?<\/figcaption><\/figure>\n","protected":false},"excerpt":{"rendered":"<p>Chefe da equipe, Franz Tost, exaltou a velocidade e maturidade do piloto japon\u00eas na primeira parte da pr\u00e9-temporada da F\u00f3rmula 1 2022<\/p>\n","protected":false},"author":0,"featured_media":1000506486,"comment_status":"closed","ping_status":"closed","sticky":false,"template":"","format":"standard","meta":{"42wp_featured_image_caption":"","42wp_featured_image_credits":"","42wp_featured_video":"","42wp_featured_image_hidden":false,"42wp_authors_list":[],"footnotes":""},"categories":[2],"tags":[524,24837,26841,525,1390,28285,676,30979,597],"42wp_author":[47145],"class_list":["post-114349","post","type-post","status-publish","format-standard","has-post-thumbnail","hentry","category-f1","tag-alphatauri","tag-formula-1-2","tag-formula-1-2022","tag-franz-tost","tag-gasly","tag-grandepremio","tag-pierre-gasly","tag-tsunoda","tag-yuki-tsunoda","42wp_author-alessandro-pinheiro"],"_links":{"self":[{"href":"https:\/\/grandepremio.com\/br\/wp-json\/wp\/v2\/posts\/114349","targetHints":{"allow":["GET"]}}],"collection":[{"href":"https:\/\/grandepremio.com\/br\/wp-json\/wp\/v2\/posts"}],"about":[{"href":"https:\/\/grandepremio.com\/br\/wp-json\/wp\/v2\/types\/post"}],"replies":[{"embeddable":true,"href":"https:\/\/grandepremio.com\/br\/wp-json\/wp\/v2\/comments?post=114349"}],"version-history":[{"count":0,"href":"https:\/\/grandepremio.com\/br\/wp-json\/wp\/v2\/posts\/114349\/revisions"}],"wp:featuredmedia":[{"embeddable":true,"href":"https:\/\/grandepremio.com\/br\/wp-json\/wp\/v2\/media\/1000506486"}],"wp:attachment":[{"href":"https:\/\/grandepremio.com\/br\/wp-json\/wp\/v2\/media?parent=114349"}],"wp:term":[{"taxonomy":"category","embeddable":true,"href":"https:\/\/grandepremio.com\/br\/wp-json\/wp\/v2\/categories?post=114349"},{"taxonomy":"post_tag","embeddable":true,"href":"https:\/\/grandepremio.com\/br\/wp-json\/wp\/v2\/tags?post=114349"},{"taxonomy":"42wp_author","embeddable":true,"href":"https:\/\/grandepremio.com\/br\/wp-json\/wp\/v2\/42wp_author?post=114349"}],"curies":[{"name":"wp","href":"https:\/\/api.w.org\/{rel}","templated":true}]}}