{"id":114377,"date":"2022-02-25T17:02:56","date_gmt":"2022-02-25T20:02:56","guid":{"rendered":"https:\/\/grandepremio.com\/br\/noticias\/max-verstappen-destaca-pilotagem-simples-no-rb18-tem-um-equilibrio-muito-bom\/"},"modified":"2022-02-26T13:30:13","modified_gmt":"2022-02-26T16:30:13","slug":"max-verstappen-destaca-pilotagem-simples-no-rb18-tem-um-equilibrio-muito-bom","status":"publish","type":"post","link":"https:\/\/grandepremio.com\/br\/f1\/max-verstappen-destaca-pilotagem-simples-no-rb18-tem-um-equilibrio-muito-bom\/","title":{"rendered":"Verstappen destaca pilotagem simples no RB18: &#8220;Tem um equil\u00edbrio muito bom&#8221;"},"content":{"rendered":"\n<figure class=\"wp-block-embed is-type-video is-provider-youtube wp-block-embed-youtube wp-embed-aspect-16-9 wp-has-aspect-ratio\"><div class=\"wp-block-embed__wrapper\">\n<iframe loading=\"lazy\" title=\"COMO FOI O TERCEIRO DIA DA PR\u00c9-TEMPORADA DA F\u00d3RMULA 1 2022 EM BARCELONA | Briefing\" width=\"500\" height=\"281\" src=\"https:\/\/www.youtube.com\/embed\/MQomFZ7mfAM?feature=oembed\" frameborder=\"0\" allow=\"accelerometer; autoplay; clipboard-write; encrypted-media; gyroscope; picture-in-picture; web-share\" referrerpolicy=\"strict-origin-when-cross-origin\" allowfullscreen><\/iframe>\n<\/div><figcaption>COMO FOI O TERCEIRO DIA DA PR\u00c9-TEMPORADA DA F\u00d3RMULA 1 2022 EM BARCELONA | Briefing<\/figcaption><\/figure>\n\n\n\n<p class=\"wp-block-paragraph\">Max Verstappen retornou \u00e0 pista do Circuito da Catalunha, em Barcelona, nesta sexta-feria (25), para concluir o terceiro e \u00faltimo dia da primeira parte da pr\u00e9-temporada da F\u00f3rmula 1. Ap\u00f3s ceder o cockpit do RB18 para o companheiro de equipe Sergio P\u00e9rez ao longo da quinta-feira, o atual campe\u00e3o mundial retomou as atividades um dia depois e elogiou a pilotagem \u2014 e a beleza \u2014 do novo carro constru\u00eddo pela Red Bull.<\/p>\n\n\n\n<p class=\"wp-block-paragraph\">&#8220;Acho que \u00e9 \u00f3timo [o RB18]&#8221;, elogiou. &#8220;O carro funciona muito bem, eu gostei muito de pilotar. Tem um equil\u00edbrio muito bom e tamb\u00e9m acho que parece muito bonito, ent\u00e3o \u00e9 divertido de entrar em um carro assim&#8221;, completou Verstappen.<\/p>\n\n\n\n<p class=\"wp-block-paragraph\"><strong>\u25b6\ufe0f\u00a0Inscreva-se nos dois canais do GRANDE PR\u00caMIO no YouTube:\u00a0<a href=\"https:\/\/www.youtube.com\/channel\/UC9OlHEgxoaY6QY6nWPoiqQg?sub_confirmation=1\" target=\"_blank\" rel=\"noreferrer noopener\">GP<\/a>\u00a0|\u00a0<a href=\"https:\/\/www.youtube.com\/channel\/UC9csiS6q_C3C0FYhyr1rnFA?sub_confirmation=1\" target=\"_blank\" rel=\"noreferrer noopener\">GP2<\/a><\/strong><\/p>\n\n\n\n<figure class=\"wp-block-image size-large\"><img decoding=\"async\" src=\"https:\/\/www.grandepremio.com\/br\/wp-content\/uploads\/2022\/02\/Teste15-1-1024x683.jpeg\" alt=\"\" class=\"wp-image-544355\"\/><figcaption>Sergio P\u00e9rez fechou os testes para a Red Bull com direito a asfalto molhado artificialmente (Foto: F1)<\/figcaption><\/figure>\n\n\n\n<p class=\"wp-block-paragraph\">Sergio P\u00e9rez detalhou um pouco mais sobre como foi a prepara\u00e7\u00e3o nos dias de testes, e ressaltou o &#8220;galope&#8221; visto nos carros ao longo dos \u00faltimos dias como indicativo de que as equipes ainda precisam colher informa\u00e7\u00f5es para que possam aplicar em seus equipamentos.<\/p>\n\n\n\n<p class=\"wp-block-paragraph\">&#8220;\u00c9 uma prepara\u00e7\u00e3o para o ano&#8221;, disse P\u00e9rez. &#8220;\u00c9 importante continuar fazendo progresso, continuar aprendendo com a pilotagem, o jeito que me adapto ao carro e ao time, a melhor forma de maximiz\u00e1-lo. Acho que vai ser um desafio diferente em rela\u00e7\u00e3o \u00e0s corridas, voc\u00eas t\u00eam visto esses carros pulando para cima e para baixo. Acho que o desafio ser\u00e1 maximiz\u00e1-lo para todo o final de semana&#8221;, completou o mexicano.<\/p>\n\n\n\n<p class=\"wp-block-paragraph\">O\u00a0<strong>GRANDE PR\u00caMIO<\/strong>\u00a0cobre in loco a primeira semana de testes da\u00a0<a href=\"https:\/\/www.grandepremio.com\/formula-1\/\" target=\"_blank\" rel=\"noreferrer noopener\">F\u00f3rmula 1<\/a>\u00a0no Circuito de\u00a0Barcelona-<a href=\"https:\/\/es.grandepremio.com\/\" target=\"_blank\" rel=\"noreferrer noopener\">Catalunha<\/a>\u00a0com Eric Calduch. Al\u00e9m disso, o GP acompanha tudo\u00a0<a href=\"https:\/\/www.grandepremio.com\/br\/f1\/ao-vivo\"><strong>AO VIVO e\u00a0<\/strong><\/a><a href=\"https:\/\/www.grandepremio.com\/br\/ao-vivo\/\"><strong>EM\u00a0<\/strong><\/a><strong><a href=\"https:\/\/www.grandepremio.com\/br\/ao-vivo\/\" target=\"_blank\" rel=\"noreferrer noopener\">TEMPO REAL<\/a><\/strong>.<\/p>\n\n\n\n<figure class=\"wp-block-video\"><video class=\"video-js vjs-big-play-centered\" data-gp-vjs=\"1\" controls src=\"https:\/\/www.grandepremio.com\/br\/wp-content\/uploads\/2022\/02\/F1_Ferrari_porpoising.mp4\"><\/video><figcaption>Carro da Ferrari quica v\u00e1rias vezes no meio da reta de Barcelona (V\u00eddeo: F1)<\/figcaption><\/figure>\n","protected":false},"excerpt":{"rendered":"<p>Max Verstappen elogiou equil\u00edbrio do novo carro da Red Bull para 2022, e Sergio P\u00e9rez aproveitou para destacar o trabalho da equipe na obten\u00e7\u00e3o de dados sobre o RB18<\/p>\n","protected":false},"author":0,"featured_media":1000543554,"comment_status":"closed","ping_status":"closed","sticky":false,"template":"","format":"standard","meta":{"42wp_featured_image_caption":"","42wp_featured_image_credits":"","42wp_featured_video":"","42wp_featured_image_hidden":false,"42wp_authors_list":[],"footnotes":""},"categories":[2],"tags":[304,147,156,1357,24837,24836,28285,203,30799,204],"42wp_author":[47132,47142],"class_list":["post-114377","post","type-post","status-publish","format-standard","has-post-thumbnail","hentry","category-f1","tag-barcelona","tag-f1","tag-f1-2021","tag-f1-2022","tag-formula-1-2","tag-grande-premio-2","tag-grandepremio","tag-max-verstappen","tag-rb18","tag-red-bull","42wp_author-eric-calduch","42wp_author-jp-nascimento"],"_links":{"self":[{"href":"https:\/\/grandepremio.com\/br\/wp-json\/wp\/v2\/posts\/114377","targetHints":{"allow":["GET"]}}],"collection":[{"href":"https:\/\/grandepremio.com\/br\/wp-json\/wp\/v2\/posts"}],"about":[{"href":"https:\/\/grandepremio.com\/br\/wp-json\/wp\/v2\/types\/post"}],"replies":[{"embeddable":true,"href":"https:\/\/grandepremio.com\/br\/wp-json\/wp\/v2\/comments?post=114377"}],"version-history":[{"count":0,"href":"https:\/\/grandepremio.com\/br\/wp-json\/wp\/v2\/posts\/114377\/revisions"}],"wp:featuredmedia":[{"embeddable":true,"href":"https:\/\/grandepremio.com\/br\/wp-json\/wp\/v2\/media\/1000543554"}],"wp:attachment":[{"href":"https:\/\/grandepremio.com\/br\/wp-json\/wp\/v2\/media?parent=114377"}],"wp:term":[{"taxonomy":"category","embeddable":true,"href":"https:\/\/grandepremio.com\/br\/wp-json\/wp\/v2\/categories?post=114377"},{"taxonomy":"post_tag","embeddable":true,"href":"https:\/\/grandepremio.com\/br\/wp-json\/wp\/v2\/tags?post=114377"},{"taxonomy":"42wp_author","embeddable":true,"href":"https:\/\/grandepremio.com\/br\/wp-json\/wp\/v2\/42wp_author?post=114377"}],"curies":[{"name":"wp","href":"https:\/\/api.w.org\/{rel}","templated":true}]}}