{"id":114382,"date":"2022-02-25T14:42:38","date_gmt":"2022-02-25T17:42:38","guid":{"rendered":"https:\/\/grandepremio.com\/br\/noticias\/red-bull-descarta-preocupacao-com-ferrari-e-mclaren-quanto-combustivel-tinham\/"},"modified":"2022-02-25T16:07:10","modified_gmt":"2022-02-25T19:07:10","slug":"red-bull-descarta-preocupacao-com-ferrari-e-mclaren-quanto-combustivel-tinham","status":"publish","type":"post","link":"https:\/\/grandepremio.com\/br\/f1\/red-bull-descarta-preocupacao-com-ferrari-e-mclaren-quanto-combustivel-tinham\/","title":{"rendered":"Red Bull descarta preocupa\u00e7\u00e3o com Ferrari e McLaren: &#8220;Quanto combust\u00edvel tinham?&#8221;"},"content":{"rendered":"\n<figure class=\"wp-block-embed is-type-video is-provider-youtube wp-block-embed-youtube wp-embed-aspect-16-9 wp-has-aspect-ratio\"><div class=\"wp-block-embed__wrapper\">\n<iframe loading=\"lazy\" title=\"COMO FOI O SEGUNDO DIA DA PR\u00c9-TEMPORADA DA F\u00d3RMULA 1 2022 EM BARCELONA | Briefing\" width=\"500\" height=\"281\" src=\"https:\/\/www.youtube.com\/embed\/QQsB_WtnLQQ?feature=oembed\" frameborder=\"0\" allow=\"accelerometer; autoplay; clipboard-write; encrypted-media; gyroscope; picture-in-picture; web-share\" referrerpolicy=\"strict-origin-when-cross-origin\" allowfullscreen><\/iframe>\n<\/div><figcaption>COMO FOI O SEGUNDO DIA DA PR\u00c9-TEMPORADA DA F\u00d3RMULA 1 2022 EM BARCELONA | Briefing<\/figcaption><\/figure>\n\n\n\n<p class=\"wp-block-paragraph\">Os tr\u00eas primeiros dias de pr\u00e9-temporada da F\u00f3rmula 1 se encerraram nesta sexta-feira (25), em Barcelona, e as equipes se preparam para trabalhar em cima dos primeiros dados obtidos com a quilometragem de seus pilotos. Equipes como Ferrari e McLaren demonstraram velocidade e boas coloca\u00e7\u00f5es na tabela de tempos, mas o consultor-esportivo da Red Bull, Helmut Marko, n\u00e3o enxerga isso como um fator determinante.<\/p>\n\n\n\n<p class=\"wp-block-paragraph\">Para o austr\u00edaco, as duas equipes conseguiram atingir tempos competitivos pois estavam utilizando uma carga menor de combust\u00edvel no tanque \u2014 cada uma por seu motivo. &#8220;A McLaren est\u00e1 procurando por patrocinadores aqui, e a Ferrari est\u00e1 definitivamente est\u00e1vel pela primeira vez. Mas quanto combust\u00edvel eles tinham no tanque?&#8221;, questionou.<\/p>\n\n\n\n<p class=\"wp-block-paragraph\"><strong>\u25b6\ufe0f\u00a0Inscreva-se nos dois canais do GRANDE PR\u00caMIO no YouTube:\u00a0<a href=\"https:\/\/www.youtube.com\/channel\/UC9OlHEgxoaY6QY6nWPoiqQg?sub_confirmation=1\" target=\"_blank\" rel=\"noreferrer noopener\">GP<\/a>\u00a0|\u00a0<a href=\"https:\/\/www.youtube.com\/channel\/UC9csiS6q_C3C0FYhyr1rnFA?sub_confirmation=1\" target=\"_blank\" rel=\"noreferrer noopener\">GP2<\/a><\/strong><\/p>\n\n\n\n<figure class=\"wp-block-image size-large\"><img decoding=\"async\" src=\"https:\/\/www.grandepremio.com\/br\/wp-content\/uploads\/2022\/02\/Testes4-2-1024x683.jpeg\" alt=\"\" class=\"wp-image-544215\"\/><figcaption>Max Verstappen voltou a pegar no carro nesta sexta ap\u00f3s um dia de aus\u00eancia (Foto: F1)<\/figcaption><\/figure>\n\n\n\n<p class=\"wp-block-paragraph\">Ao final dos testes, Max Verstappen terminou com a sexta coloca\u00e7\u00e3o na tabela combinada de tempos \u2014 contabilizando os tr\u00eas dias. O holand\u00eas marcou 1min19s756 em sua volta mais r\u00e1pida. Seu companheiro de equipe, Sergio P\u00e9rez, ficou em terceiro com 1min19s556 \u2014 os dois tempos foram anotados no terceiro e \u00faltimo dia.<\/p>\n\n\n\n<p class=\"wp-block-paragraph\">Ap\u00f3s Lando Norris liderar o primeiro dia com 1min19s568 e Charles Leclerc terminar no topo da tabela na quinta, com 1min19s689, <a href=\"https:\/\/www.grandepremio.com\/br\/f1\/noticias\/lewis-hamilton-voa-w13-lidera-ultimo-dia-testes-coletivos-f1-barcelona\/\" target=\"_blank\" rel=\"noreferrer noopener\">Lewis Hamilton encerrou a sexta-feira na ponta: 1min19s138<\/a>. Vale destacar que nos testes de pr\u00e9-temporada, o objetivo principal das equipes \u00e9 de acumular quilometragem para obten\u00e7\u00e3o de dados \u00fateis para a evolu\u00e7\u00e3o do carro \u2014 assim, os tempos acabam ficando em segundo plano.<\/p>\n\n\n\n<p class=\"wp-block-paragraph\">O dirigente da Red Bull ainda demonstrou satisfa\u00e7\u00e3o com o feedback providenciado por Max Verstappen, que se prepara para tentar a defesa do t\u00edtulo mundial em 2022. Al\u00e9m da quantidade de combust\u00edvel no RB18, Marko ainda ressaltou a escolha dos pneus feita pela equipe, que usou o composto C3 \u2014 em uma escala que vai at\u00e9 o C5, o mais macio de todos.<\/p>\n\n\n\n<figure class=\"wp-block-image size-large\"><img decoding=\"async\" src=\"https:\/\/www.grandepremio.com\/br\/wp-content\/uploads\/2020\/05\/000_323U8LX-scaled-e1645738782907-1024x679.jpg\" alt=\"\" class=\"wp-image-544143\"\/><figcaption>Charles Leclerc foi o l\u00edder do segundo dia de testes da F1, em Barcelona (Foto: Ferrari)<\/figcaption><\/figure>\n\n\n\n<p class=\"wp-block-paragraph\">&#8220;Nosso carro parece ter um grande potencial&#8221;, animou-se. &#8220;N\u00f3s marcamos nosso tempo nos compostos C3, al\u00e9m de ser com um carro que certamente n\u00e3o era o mais leve. Max [Verstappen] disse desde a primeira volta que o carro estava muito bom&#8221;, encerrou Marko.<\/p>\n\n\n\n<p class=\"wp-block-paragraph\">Agora, a F\u00f3rmula 1 se prepara para um hiato at\u00e9 o dia 10 de mar\u00e7o, quando iniciam-se mais tr\u00eas dias de pr\u00e9-temporada no Bahrein. Uma semana depois, mais precisamente no dia 20, a temporada ter\u00e1 seu pontap\u00e9 inicial com a primeira corrida do ano, ainda em Sakhir.<\/p>\n\n\n\n<p class=\"wp-block-paragraph\">O\u00a0<strong>GRANDE PR\u00caMIO<\/strong>\u00a0cobre in loco a primeira semana de testes da\u00a0<a href=\"https:\/\/www.grandepremio.com\/formula-1\/\" target=\"_blank\" rel=\"noreferrer noopener\">F\u00f3rmula 1<\/a>\u00a0no Circuito de\u00a0Barcelona-<a href=\"https:\/\/es.grandepremio.com\/\" target=\"_blank\" rel=\"noreferrer noopener\">Catalunha<\/a>\u00a0com Eric Calduch. Al\u00e9m disso, o GP acompanha tudo\u00a0<a href=\"https:\/\/www.grandepremio.com\/br\/f1\/ao-vivo\"><strong>AO VIVO e\u00a0<\/strong><\/a><a href=\"https:\/\/www.grandepremio.com\/br\/ao-vivo\/\"><strong>EM\u00a0<\/strong><\/a><strong><a href=\"https:\/\/www.grandepremio.com\/br\/ao-vivo\/\" target=\"_blank\" rel=\"noreferrer noopener\">TEMPO REAL<\/a><\/strong>.<\/p>\n","protected":false},"excerpt":{"rendered":"<p>Consultor-esportivo da Red Bull, Helmut Marko relacionou velocidade de Ferrari e McLaren a pouco combust\u00edvel no tanque e disse que equipe inglesa &#8220;procura patroc\u00ednio&#8221;<\/p>\n","protected":false},"author":0,"featured_media":1000543646,"comment_status":"closed","ping_status":"closed","sticky":false,"template":"","format":"standard","meta":{"42wp_featured_image_caption":"","42wp_featured_image_credits":"","42wp_featured_video":"","42wp_featured_image_hidden":false,"42wp_authors_list":[],"footnotes":""},"categories":[2],"tags":[304,147,156,1357,207,24837,24836,28285,258,203,90,25297,204],"42wp_author":[47132,47142],"class_list":["post-114382","post","type-post","status-publish","format-standard","has-post-thumbnail","hentry","category-f1","tag-barcelona","tag-f1","tag-f1-2021","tag-f1-2022","tag-ferrari","tag-formula-1-2","tag-grande-premio-2","tag-grandepremio","tag-helmut-marko","tag-max-verstappen","tag-mclaren","tag-pre-temporada-2","tag-red-bull","42wp_author-eric-calduch","42wp_author-jp-nascimento"],"_links":{"self":[{"href":"https:\/\/grandepremio.com\/br\/wp-json\/wp\/v2\/posts\/114382","targetHints":{"allow":["GET"]}}],"collection":[{"href":"https:\/\/grandepremio.com\/br\/wp-json\/wp\/v2\/posts"}],"about":[{"href":"https:\/\/grandepremio.com\/br\/wp-json\/wp\/v2\/types\/post"}],"replies":[{"embeddable":true,"href":"https:\/\/grandepremio.com\/br\/wp-json\/wp\/v2\/comments?post=114382"}],"version-history":[{"count":0,"href":"https:\/\/grandepremio.com\/br\/wp-json\/wp\/v2\/posts\/114382\/revisions"}],"wp:featuredmedia":[{"embeddable":true,"href":"https:\/\/grandepremio.com\/br\/wp-json\/wp\/v2\/media\/1000543646"}],"wp:attachment":[{"href":"https:\/\/grandepremio.com\/br\/wp-json\/wp\/v2\/media?parent=114382"}],"wp:term":[{"taxonomy":"category","embeddable":true,"href":"https:\/\/grandepremio.com\/br\/wp-json\/wp\/v2\/categories?post=114382"},{"taxonomy":"post_tag","embeddable":true,"href":"https:\/\/grandepremio.com\/br\/wp-json\/wp\/v2\/tags?post=114382"},{"taxonomy":"42wp_author","embeddable":true,"href":"https:\/\/grandepremio.com\/br\/wp-json\/wp\/v2\/42wp_author?post=114382"}],"curies":[{"name":"wp","href":"https:\/\/api.w.org\/{rel}","templated":true}]}}