{"id":114391,"date":"2022-02-25T10:40:06","date_gmt":"2022-02-25T13:40:06","guid":{"rendered":"https:\/\/grandepremio.com\/br\/noticias\/alpine-cita-problema-hidraulico-com-fernando-alonso-e-abre-mao-da-tarde-de-testes-em-barcelona\/"},"modified":"2022-02-25T13:23:27","modified_gmt":"2022-02-25T16:23:27","slug":"alpine-cita-problema-hidraulico-com-fernando-alonso-e-abre-mao-da-tarde-de-testes-em-barcelona","status":"publish","type":"post","link":"https:\/\/grandepremio.com\/br\/f1\/alpine-cita-problema-hidraulico-com-fernando-alonso-e-abre-mao-da-tarde-de-testes-em-barcelona\/","title":{"rendered":"Alpine cita problema hidr\u00e1ulico com Alonso e abre m\u00e3o da tarde de testes em Barcelona"},"content":{"rendered":"\n<figure class=\"wp-block-embed is-type-video is-provider-youtube wp-block-embed-youtube wp-embed-aspect-16-9 wp-has-aspect-ratio\"><div class=\"wp-block-embed__wrapper\">\n<iframe loading=\"lazy\" title=\"COMO FOI O SEGUNDO DIA DA PR\u00c9-TEMPORADA DA F\u00d3RMULA 1 2022 EM BARCELONA | Briefing\" width=\"500\" height=\"281\" src=\"https:\/\/www.youtube.com\/embed\/QQsB_WtnLQQ?feature=oembed\" frameborder=\"0\" allow=\"accelerometer; autoplay; clipboard-write; encrypted-media; gyroscope; picture-in-picture; web-share\" referrerpolicy=\"strict-origin-when-cross-origin\" allowfullscreen><\/iframe>\n<\/div><figcaption>COMO FOI O SEGUNDO DIA DA PR\u00c9-TEMPORADA DA F\u00d3RMULA 1 2022 EM BARCELONA | Briefing<\/figcaption><\/figure>\n\n\n\n<p class=\"wp-block-paragraph\">A Alpine n\u00e3o ir\u00e1 participar da segunda parte do \u00faltimo dia de testes coletivos da F1 em Barcelona. A equipe francesa detectou nesta sexta-feira (25) um problema hidr\u00e1ulico na A522 de Fernando Alonso e constatou a necessidade de reparos pela tarde \u2014 por isso, o time abriu m\u00e3o de participar da sess\u00e3o final de testes no Circuito da Catalunha.<\/p>\n\n\n\n<p class=\"wp-block-paragraph\">A falha no sistema ocorreu durante a manh\u00e3 catal\u00e3, quando o bicampe\u00e3o mundial guiava o carro da equipe. O problema hidr\u00e1ulico causou fuma\u00e7a na parte traseira da A522 do espanhol, resultando em bandeira vermelha e interrup\u00e7\u00e3o moment\u00e2nea da primeira parte de testes.<\/p>\n\n\n\n<p class=\"wp-block-paragraph\"><strong>\u25b6\ufe0f&nbsp;Inscreva-se nos dois canais do GRANDE PR\u00caMIO no YouTube:&nbsp;<a href=\"https:\/\/www.youtube.com\/channel\/UC9OlHEgxoaY6QY6nWPoiqQg?sub_confirmation=1\" target=\"_blank\" rel=\"noreferrer noopener\">GP<\/a>&nbsp;|&nbsp;<a href=\"https:\/\/www.youtube.com\/channel\/UC9csiS6q_C3C0FYhyr1rnFA?sub_confirmation=1\" target=\"_blank\" rel=\"noreferrer noopener\">GP2<\/a><\/strong><br><strong><a href=\"https:\/\/www.grandepremio.com\/br\/programacao-tv\/noticias\/as-corridas-do-fim-de-semana-na-tv-e-no-streaming-25-e-27-de-fevereiro\/\">As corridas do fim de semana na TV e&nbsp;<\/a><a href=\"https:\/\/formula1aovivo.com\/\" target=\"_blank\" rel=\"noreferrer noopener\">no streaming<\/a>: 25 e 27 de fevereiro<\/strong><\/p>\n\n\n\n<p class=\"wp-block-paragraph\">&#8220;O time completou com sucesso 266 voltas durante os tr\u00eas dias de testes em Barcelona. Reparos no carro ir\u00e3o continuar, e como resultado, n\u00e3o iremos correr no restante da sess\u00e3o. Estamos ansiosos para voltarmos \u00e0s pistas nos pr\u00f3ximos testes, no Bahrein&#8221;, declarou a Alpine em comunicado oficial.<\/p>\n\n\n\n<p class=\"wp-block-paragraph\">Durante a manh\u00e3, Fernando Alonso percorreu 12 voltas &#8211; todas com pneus C3 &#8211; e anotou melhor tempo de 1min21s242, ocupando a s\u00e9tima coloca\u00e7\u00e3o geral. O espanhol liderava a sess\u00e3o no momento do incidente hidr\u00e1ulico.<\/p>\n\n\n\n<figure class=\"wp-block-embed is-type-rich is-provider-spotify wp-block-embed-spotify wp-embed-aspect-21-9 wp-has-aspect-ratio\"><div class=\"wp-block-embed__wrapper\">\n<iframe title=\"Spotify Embed: Paddockast #137: O que aprendemos com os lan\u00e7amentos dos carros da F1 2022?\" style=\"border-radius: 12px\" width=\"100%\" height=\"152\" frameborder=\"0\" allowfullscreen allow=\"autoplay; clipboard-write; encrypted-media; fullscreen; picture-in-picture\" loading=\"lazy\" src=\"https:\/\/open.spotify.com\/embed\/episode\/0Wa69XYKi0NnK6eImnrlb9?go=1&amp;sp_cid=deafbe2581279b5a5cc1315a908bdb2b&amp;utm_source=oembed&amp;utm_medium=desktop&amp;nd=1\"><\/iframe>\n<\/div><figcaption>Paddockast #137 | O que aprendemos com os lan\u00e7amentos dos carros da F1 2022?<\/figcaption><\/figure>\n\n\n\n<p class=\"wp-block-paragraph\">A primeira parte do \u00faltimo dia dos testes coletivos de pr\u00e9-temporada foi um pouco mais fria que as \u00faltimas duas, mas viu a melhor volta da semana at\u00e9 agora e o maior n\u00famero de bandeiras vermelhas numa mesma atividade. Confira o relato completo <a href=\"https:\/\/www.grandepremio.com\/br\/f1\/noticias\/george-russell-lidera-mercedes-manha-repleta-interrupcoes-barcelona\/\"><strong>aqui<\/strong><\/a>.<\/p>\n\n\n\n<p class=\"wp-block-paragraph\">O&nbsp;<strong>GRANDE PR\u00caMIO<\/strong>&nbsp;cobre in loco a primeira semana de testes da&nbsp;<a href=\"https:\/\/www.grandepremio.com\/formula-1\/\" target=\"_blank\" rel=\"noreferrer noopener\">F\u00f3rmula 1<\/a>&nbsp;no Circuito de&nbsp;Barcelona-<a href=\"https:\/\/es.grandepremio.com\/\" target=\"_blank\" rel=\"noreferrer noopener\">Catalunha<\/a>&nbsp;com Eric Calduch. Al\u00e9m disso, o GP acompanha tudo&nbsp;<a href=\"https:\/\/www.grandepremio.com\/br\/f1\/ao-vivo\"><strong>AO VIVO e&nbsp;<\/strong><\/a><a href=\"https:\/\/www.grandepremio.com\/br\/ao-vivo\/\"><strong>EM&nbsp;<\/strong><\/a><strong><a href=\"https:\/\/www.grandepremio.com\/br\/ao-vivo\/\" target=\"_blank\" rel=\"noreferrer noopener\">TEMPO REAL<\/a><\/strong>.<\/p>\n\n\n\n<figure class=\"wp-block-embed is-type-video is-provider-youtube wp-block-embed-youtube wp-embed-aspect-16-9 wp-has-aspect-ratio\"><div class=\"wp-block-embed__wrapper\">\n<iframe loading=\"lazy\" title=\"F\u00d3RMULA 1 RESISTE \u00c0 POSS\u00cdVEL ENTRADA DA ANDRETTI EM 2024. POR QUE?\" width=\"500\" height=\"281\" src=\"https:\/\/www.youtube.com\/embed\/fRd1ZDUV_tM?feature=oembed\" frameborder=\"0\" allow=\"accelerometer; autoplay; clipboard-write; encrypted-media; gyroscope; picture-in-picture; web-share\" referrerpolicy=\"strict-origin-when-cross-origin\" allowfullscreen><\/iframe>\n<\/div><figcaption>F\u00d3RMULA 1 RESISTE \u00c0 POSS\u00cdVEL ENTRADA DA ANDRETTI EM 2024. POR QUE?<\/figcaption><\/figure>\n","protected":false},"excerpt":{"rendered":"<p>Espanhol bicampe\u00e3o mundial deu somente 12 voltas na manh\u00e3 catal\u00e3, antes da fuma\u00e7a tomar conta da parte traseira de sua A522. Equipe francesa far\u00e1 reparos no carro<\/p>\n","protected":false},"author":0,"featured_media":1000544211,"comment_status":"closed","ping_status":"closed","sticky":false,"template":"","format":"standard","meta":{"42wp_featured_image_caption":"","42wp_featured_image_credits":"","42wp_featured_video":"","42wp_featured_image_hidden":false,"42wp_authors_list":[],"footnotes":""},"categories":[2],"tags":[20491,304,147,1357,176,24837,24836,25297,305],"42wp_author":[47132,47143,47109],"class_list":["post-114391","post","type-post","status-publish","format-standard","has-post-thumbnail","hentry","category-f1","tag-alpine","tag-barcelona","tag-f1","tag-f1-2022","tag-fernando-alonso","tag-formula-1-2","tag-grande-premio-2","tag-pre-temporada-2","tag-testes","42wp_author-eric-calduch","42wp_author-felipe-leite","42wp_author-redacao-gp"],"_links":{"self":[{"href":"https:\/\/grandepremio.com\/br\/wp-json\/wp\/v2\/posts\/114391","targetHints":{"allow":["GET"]}}],"collection":[{"href":"https:\/\/grandepremio.com\/br\/wp-json\/wp\/v2\/posts"}],"about":[{"href":"https:\/\/grandepremio.com\/br\/wp-json\/wp\/v2\/types\/post"}],"replies":[{"embeddable":true,"href":"https:\/\/grandepremio.com\/br\/wp-json\/wp\/v2\/comments?post=114391"}],"version-history":[{"count":0,"href":"https:\/\/grandepremio.com\/br\/wp-json\/wp\/v2\/posts\/114391\/revisions"}],"wp:featuredmedia":[{"embeddable":true,"href":"https:\/\/grandepremio.com\/br\/wp-json\/wp\/v2\/media\/1000544211"}],"wp:attachment":[{"href":"https:\/\/grandepremio.com\/br\/wp-json\/wp\/v2\/media?parent=114391"}],"wp:term":[{"taxonomy":"category","embeddable":true,"href":"https:\/\/grandepremio.com\/br\/wp-json\/wp\/v2\/categories?post=114391"},{"taxonomy":"post_tag","embeddable":true,"href":"https:\/\/grandepremio.com\/br\/wp-json\/wp\/v2\/tags?post=114391"},{"taxonomy":"42wp_author","embeddable":true,"href":"https:\/\/grandepremio.com\/br\/wp-json\/wp\/v2\/42wp_author?post=114391"}],"curies":[{"name":"wp","href":"https:\/\/api.w.org\/{rel}","templated":true}]}}