{"id":114392,"date":"2022-02-25T09:17:21","date_gmt":"2022-02-25T12:17:21","guid":{"rendered":"https:\/\/grandepremio.com\/br\/noticias\/haas-futuro-f1-seguro-poe-nikita-mazepin-duvida-nem-tudo-depende-nos\/"},"modified":"2022-02-25T13:14:40","modified_gmt":"2022-02-25T16:14:40","slug":"haas-futuro-f1-seguro-poe-nikita-mazepin-duvida-nem-tudo-depende-nos","status":"publish","type":"post","link":"https:\/\/grandepremio.com\/br\/f1\/haas-futuro-f1-seguro-poe-nikita-mazepin-duvida-nem-tudo-depende-nos\/","title":{"rendered":"Haas v\u00ea futuro na F1 seguro, mas p\u00f5e Mazepin em d\u00favida: \u201cNem tudo depende de n\u00f3s\u201d"},"content":{"rendered":"\n<figure class=\"wp-block-embed is-type-video is-provider-youtube wp-block-embed-youtube wp-embed-aspect-16-9 wp-has-aspect-ratio\"><div class=\"wp-block-embed__wrapper\">\n<iframe loading=\"lazy\" title=\"COMO FOI O SEGUNDO DIA DA PR\u00c9-TEMPORADA DA F\u00d3RMULA 1 2022 EM BARCELONA | Briefing\" width=\"500\" height=\"281\" src=\"https:\/\/www.youtube.com\/embed\/QQsB_WtnLQQ?feature=oembed\" frameborder=\"0\" allow=\"accelerometer; autoplay; clipboard-write; encrypted-media; gyroscope; picture-in-picture; web-share\" referrerpolicy=\"strict-origin-when-cross-origin\" allowfullscreen><\/iframe>\n<\/div><figcaption>COMO FOI O SEGUNDO DIA DA PR\u00c9-TEMPORADA DA F\u00d3RMULA 1 2022 EM BARCELONA | Briefing<\/figcaption><\/figure>\n\n\n\n<p class=\"wp-block-paragraph\">Chefe da Haas, Guenther Steiner afirmou que a escuderia n\u00e3o ser\u00e1 afetada pelo conflito entre R\u00fassia e Ucr\u00e2nia, mas foi muito menos assertivo ao falar do futuro de Nikita Mazepin. O dirigente ressaltou que nem tudo depende da equipe.<\/p>\n\n\n\n<p class=\"wp-block-paragraph\">O leste da Europa vive dias de muita tens\u00e3o. Desde quinta-feira (24), tropas da R\u00fassia invadem o territ\u00f3rio da Ucr\u00e2nia, avan\u00e7ando em dire\u00e7\u00e3o \u00e0 capital Kiev, que voltou a ser bombardeada. A invas\u00e3o em larga escala ao territ\u00f3rio ucraniano acontece por terra, mar e ar e, de acordo com a ONU (Organiza\u00e7\u00e3o das Na\u00e7\u00f5es Unidas), j\u00e1 h\u00e3 127 v\u00edtimas civis, al\u00e9m de outras 102 feridos.<\/p>\n\n\n\n<p class=\"wp-block-paragraph\"><strong><a href=\"https:\/\/www.grandepremio.com\/br\/programacao-tv\/noticias\/as-corridas-do-fim-de-semana-na-tv-e-no-streaming-25-e-27-de-fevereiro\/\">As corridas do fim de semana na TV e&nbsp;<\/a><a href=\"https:\/\/formula1aovivo.com\/\" target=\"_blank\" rel=\"noreferrer noopener\">no streaming<\/a><a href=\"https:\/\/www.grandepremio.com\/br\/programacao-tv\/noticias\/as-corridas-do-fim-de-semana-na-tv-e-no-streaming-25-e-27-de-fevereiro\/\">: 25 e 27 de fevereiro<\/a><\/strong><\/p>\n\n\n\n<figure class=\"wp-block-image size-large\"><img decoding=\"async\" src=\"https:\/\/www.grandepremio.com\/br\/wp-content\/uploads\/2022\/02\/nikita-mazepin-00-1024x683.jpg\" alt=\"\" class=\"wp-image-544206\"\/><figcaption>Nikita Mazepin foi removido da coletiva de imprensa prevista para hoje (Foto: Eric Calduch\/GRANDE PR\u00caMIO)<\/figcaption><\/figure>\n\n\n\n<p class=\"wp-block-paragraph\"><strong>\u25b6\ufe0f&nbsp;Inscreva-se nos dois canais do GRANDE PR\u00caMIO no YouTube:&nbsp;<a href=\"https:\/\/www.youtube.com\/channel\/UC9OlHEgxoaY6QY6nWPoiqQg?sub_confirmation=1\" target=\"_blank\" rel=\"noreferrer noopener\">GP<\/a>&nbsp;|&nbsp;<a href=\"https:\/\/www.youtube.com\/channel\/UC9csiS6q_C3C0FYhyr1rnFA?sub_confirmation=1\" target=\"_blank\" rel=\"noreferrer noopener\">GP2<\/a><\/strong><\/p>\n\n\n\n<p class=\"wp-block-paragraph\">O Ocidente respondeu com san\u00e7\u00f5es, que miram bancos, empresas e oligarcas russos. At\u00e9 agora, por\u00e9m, isso n\u00e3o foi suficiente para conter a R\u00fassia.<\/p>\n\n\n\n<p class=\"wp-block-paragraph\">A situa\u00e7\u00e3o atingiu em cheio a Haas, que tem uma gigante russa do ramo de fertilizantes como principal patrocinadora. O dinheiro russo, ali\u00e1s, \u00e9 tamb\u00e9m o que sustenta a vaga de Mazepin na equipe.<\/p>\n\n\n\n<p class=\"wp-block-paragraph\">Nesta sexta-feira (25), a <a href=\"https:\/\/www.grandepremio.com\/br\/f1\/noticias\/haas-aparece-bandeira-patrocinio-russo-ultimo-dia-testes-barcelona\/\">equipe americana apareceu para o \u00faltimo dia de testes em Barcelona sem estampar a marca da Uralkali nos carros e tamb\u00e9m sem as cores da bandeira russa<\/a>. \u00c0 imprensa, Steiner assegurou que a equipe n\u00e3o ser\u00e1 afetada pela situa\u00e7\u00e3o.<\/p>\n\n\n\n<p class=\"wp-block-paragraph\">\u201cA equipe n\u00e3o ser\u00e1 afetada. Falei com eles ontem e disse a eles que n\u00e3o h\u00e1 motivo para preocupa\u00e7\u00e3o. Tomamos a decis\u00e3o certa para enviar uma mensagem a todos\u201d, destacou Steiner, que afirmou que vai \u201ctrabalhar\u201d na situa\u00e7\u00e3o \u201cna pr\u00f3xima semana\u201d.<\/p>\n\n\n\n<p class=\"wp-block-paragraph\">Questionado se, levando em conta a situa\u00e7\u00e3o e a falta de performance de Mazepin, vale a pensa manter o piloto, Guenther respondeu: \u201cExistem quest\u00f5es legais que temos de analisar e a\u00ed veremos o que acontece. Isso precisa ser resolvido. Nem tudo depende de n\u00f3s. Existem governos envolvidos\u201d, limitou-se a dizer.<\/p>\n\n\n\n<h3 class=\"wp-block-heading\"><strong>Entenda o conflito entre R\u00fassia e Ucr\u00e2nia:<\/strong><\/h3>\n\n\n\n<p class=\"wp-block-paragraph\">Na \u00faltima segunda-feira (21), o presidente russo Vladimir Putin reconheceu, em decreto, a independ\u00eancia das prov\u00edncias separatistas de Donetsk e Luhansk. O movimento gerou san\u00e7\u00f5es da Uni\u00e3o Europeia e dos Estados Unidos ao governo e a empresas russos, aumentando tamb\u00e9m o medo de um confronto na regi\u00e3o.<\/p>\n\n\n\n<p class=\"wp-block-paragraph\">A tens\u00e3o escalou de vez no leste europeu nesta quinta-feira (24), j\u00e1 que a R\u00fassia atacou a Ucr\u00e2nia em um movimento classificado por Kiev como uma \u201cinvas\u00e3o total\u201d. \u00c0s 5h45 [23h45 de quarta-feira, no hor\u00e1rio de Bras\u00edlia], Putin anunciou em um pronunciamento uma \u201copera\u00e7\u00e3o militar especial\u201d para \u201cproteger a popula\u00e7\u00e3o do Donbass\u201d, uma \u00e1rea de maioria \u00e9tnica russa no leste ucraniano.<\/p>\n\n\n\n<p class=\"wp-block-paragraph\">O comando militar russo alega que \u201carmas de precis\u00e3o est\u00e3o degradando a infraestrutura militar, bases a\u00e9reas e avia\u00e7\u00e3o das For\u00e7as Armadas da Ucr\u00e2nia\u201d. De acordo com a rede brit\u00e2nica BBC, h\u00e1 relatos de tropas cruzando diversos pontos da fronteira e explos\u00f5es perto das principais cidades do pa\u00eds \u2015 n\u00e3o s\u00f3 no Donbass, onde grupos separatistas foram reconhecidos pela R\u00fassia.<\/p>\n\n\n\n<p class=\"wp-block-paragraph\">Na TV, Putin afirmou que a R\u00fassia n\u00e3o planeja uma ocupa\u00e7\u00e3o da Ucr\u00e2nia, mas amea\u00e7ou com uma resposta \u201cimediata\u201d qualquer um que tente interromper a opera\u00e7\u00e3o atual. O mandat\u00e1rio russo recomendou que os soldados ucranianos se rendam e voltem para casa. \u201cDo contr\u00e1rio, a pr\u00f3pria Ucr\u00e2nia seria culpada pelo derramamento de sangue\u201d, avisou.<\/p>\n\n\n\n<p class=\"wp-block-paragraph\">Presidente da Ucr\u00e2nia, Volodymyr Zelensky decretou lei marcial em todo o pa\u00eds, instaurando regime de guerra e convocando grande parte dos reservistas das for\u00e7as armadas \u2013 inclusive impedindo que qualquer homem entre 18 e 60 anos de idade saiam do pa\u00eds nos pr\u00f3ximos 30 dias.<\/p>\n\n\n\n<p class=\"wp-block-paragraph\">Segundo autoridades ucranianas, o primeiro dia de conflito terminou com a morte de mais de 300 pessoas. A crise militar \u00e9 uma das maiores desde a Segunda Guerra Mundial e a mais grave da Europa envolvendo uma pot\u00eancia nuclear.<\/p>\n\n\n\n<p class=\"wp-block-paragraph\">O cerco \u00e0 capital Kiev se intensificou nesta quinta e, segundo o jornal americano The New York Times, soldados da R\u00fassia j\u00e1 est\u00e3o na cidade. O desespero tomou conta da popula\u00e7\u00e3o, que foi orientada pelo pr\u00f3prio governo a lan\u00e7ar coquet\u00e9is molotov na dire\u00e7\u00e3o dos soldados da R\u00fassia. A imprensa local, inclusive, tem ensinado a popula\u00e7\u00e3o a fazer o artefato.<\/p>\n\n\n\n<p class=\"wp-block-paragraph\">O&nbsp;<strong>GRANDE PR\u00caMIO<\/strong>&nbsp;cobre in loco a primeira semana de testes da&nbsp;<a href=\"https:\/\/www.grandepremio.com\/formula-1\/\" target=\"_blank\" rel=\"noreferrer noopener\">F\u00f3rmula 1<\/a>&nbsp;no Circuito de&nbsp;Barcelona-<a href=\"https:\/\/es.grandepremio.com\/\" target=\"_blank\" rel=\"noreferrer noopener\">Catalunha<\/a>&nbsp;com Eric Calduch. Al\u00e9m disso, o GP acompanha tudo&nbsp;<a href=\"https:\/\/www.grandepremio.com\/br\/f1\/ao-vivo\"><strong>AO VIVO e&nbsp;<\/strong><\/a><a href=\"https:\/\/www.grandepremio.com\/br\/ao-vivo\/\"><strong>EM&nbsp;<\/strong><\/a><strong><a href=\"https:\/\/www.grandepremio.com\/br\/ao-vivo\/\" target=\"_blank\" rel=\"noreferrer noopener\">TEMPO REAL<\/a><\/strong>.<\/p>\n\n\n\n<figure class=\"wp-block-embed is-type-video is-provider-youtube wp-block-embed-youtube wp-embed-aspect-16-9 wp-has-aspect-ratio\"><div class=\"wp-block-embed__wrapper\">\n<iframe loading=\"lazy\" title=\"F\u00d3RMULA 1 RESISTE \u00c0 POSS\u00cdVEL ENTRADA DA ANDRETTI EM 2024. POR QUE?\" width=\"500\" height=\"281\" src=\"https:\/\/www.youtube.com\/embed\/fRd1ZDUV_tM?feature=oembed\" frameborder=\"0\" allow=\"accelerometer; autoplay; clipboard-write; encrypted-media; gyroscope; picture-in-picture; web-share\" referrerpolicy=\"strict-origin-when-cross-origin\" allowfullscreen><\/iframe>\n<\/div><figcaption>F\u00d3RMULA 1 RESISTE \u00c0 POSS\u00cdVEL ENTRADA DA ANDRETTI EM 2024. POR QUE?<\/figcaption><\/figure>\n","protected":false},"excerpt":{"rendered":"<p>Guenther Steiner assegurou que a equipe n\u00e3o ser\u00e1 impactada pelo conflito entre R\u00fassia e Ucr\u00e2nia, mas admitiu que \u00e9 preciso lidar com quest\u00f5es legais<\/p>\n","protected":false},"author":0,"featured_media":1000544207,"comment_status":"closed","ping_status":"closed","sticky":false,"template":"","format":"standard","meta":{"42wp_featured_image_caption":"","42wp_featured_image_credits":"","42wp_featured_video":"","42wp_featured_image_hidden":false,"42wp_authors_list":[],"footnotes":""},"categories":[2],"tags":[147,1357,24837,26841,30732,119,116,26293,30951],"42wp_author":[47113],"class_list":["post-114392","post","type-post","status-publish","format-standard","has-post-thumbnail","hentry","category-f1","tag-f1","tag-f1-2022","tag-formula-1-2","tag-formula-1-2022","tag-formula-1-classificacao-2022","tag-haas","tag-nikita-mazepin","tag-russia-2","tag-ucrania","42wp_author-juliana-tesser"],"_links":{"self":[{"href":"https:\/\/grandepremio.com\/br\/wp-json\/wp\/v2\/posts\/114392","targetHints":{"allow":["GET"]}}],"collection":[{"href":"https:\/\/grandepremio.com\/br\/wp-json\/wp\/v2\/posts"}],"about":[{"href":"https:\/\/grandepremio.com\/br\/wp-json\/wp\/v2\/types\/post"}],"replies":[{"embeddable":true,"href":"https:\/\/grandepremio.com\/br\/wp-json\/wp\/v2\/comments?post=114392"}],"version-history":[{"count":0,"href":"https:\/\/grandepremio.com\/br\/wp-json\/wp\/v2\/posts\/114392\/revisions"}],"wp:featuredmedia":[{"embeddable":true,"href":"https:\/\/grandepremio.com\/br\/wp-json\/wp\/v2\/media\/1000544207"}],"wp:attachment":[{"href":"https:\/\/grandepremio.com\/br\/wp-json\/wp\/v2\/media?parent=114392"}],"wp:term":[{"taxonomy":"category","embeddable":true,"href":"https:\/\/grandepremio.com\/br\/wp-json\/wp\/v2\/categories?post=114392"},{"taxonomy":"post_tag","embeddable":true,"href":"https:\/\/grandepremio.com\/br\/wp-json\/wp\/v2\/tags?post=114392"},{"taxonomy":"42wp_author","embeddable":true,"href":"https:\/\/grandepremio.com\/br\/wp-json\/wp\/v2\/42wp_author?post=114392"}],"curies":[{"name":"wp","href":"https:\/\/api.w.org\/{rel}","templated":true}]}}