{"id":114402,"date":"2022-02-25T04:00:00","date_gmt":"2022-02-25T07:00:00","guid":{"rendered":"https:\/\/grandepremio.com\/br\/noticias\/mclaren-defende-andretti-f1-equipes-contra-visao-limitada\/"},"modified":"2022-02-25T06:15:15","modified_gmt":"2022-02-25T09:15:15","slug":"mclaren-defende-andretti-f1-equipes-contra-visao-limitada","status":"publish","type":"post","link":"https:\/\/grandepremio.com\/br\/f1\/mclaren-defende-andretti-f1-equipes-contra-visao-limitada\/","title":{"rendered":"McLaren defende entrada da Andretti na F1 e avalia oposi\u00e7\u00e3o como \u201cvis\u00e3o limitada\u201d"},"content":{"rendered":"\n<figure class=\"wp-block-embed is-type-video is-provider-youtube wp-block-embed-youtube wp-embed-aspect-16-9 wp-has-aspect-ratio\"><div class=\"wp-block-embed__wrapper\">\n<iframe loading=\"lazy\" title=\"COMO FOI O SEGUNDO DIA DA PR\u00c9-TEMPORADA DA F\u00d3RMULA 1 2022 EM BARCELONA | Briefing\" width=\"500\" height=\"281\" src=\"https:\/\/www.youtube.com\/embed\/QQsB_WtnLQQ?feature=oembed\" frameborder=\"0\" allow=\"accelerometer; autoplay; clipboard-write; encrypted-media; gyroscope; picture-in-picture; web-share\" referrerpolicy=\"strict-origin-when-cross-origin\" allowfullscreen><\/iframe>\n<\/div><figcaption>COMO FOI O SEGUNDO DIA DA PR\u00c9-TEMPORADA DA F\u00d3RMULA 1 2022 EM BARCELONA | Briefing<\/figcaption><\/figure>\n\n\n\n<p class=\"wp-block-paragraph\">A Andretti <a href=\"https:\/\/www.grandepremio.com\/br\/f1\/noticias\/andretti-entra-pedido-fia-formar-nova-equipe-f1-a-partir-de-2024\/\">oficializou o desejo de entrar na<\/a> F\u00f3rmula 1 na \u00faltima semana, meses depois de se aproximar de um acordo para comprar a assumir a equipe da Alfa Romeo. A tentativa declarada de entrada de um novo time gerou v\u00e1rias rea\u00e7\u00f5es no paddock, com Red Bull e Mercedes com <a href=\"https:\/\/www.grandepremio.com\/br\/f1\/noticias\/chefe-da-mercedes-explica-resistencia-sobre-andretti-na-f1-nao-e-so-pagar-a-taxa\/\">um p\u00e9 atr\u00e1s<\/a> e a Alpine <a href=\"https:\/\/www.grandepremio.com\/br\/f1\/noticias\/alpine-anima-andretti-f1-estuda-parceria-com-estrutura\/\">defendendo os estadunidenses<\/a>. A McLaren se juntou aos franceses e foi contundente ao afirmar que as concorrentes deveriam adorar a ideia do grupo americano.<\/p>\n\n\n\n<p class=\"wp-block-paragraph\">Zak Brown, diretor-executivo da McLaren, saiu em defesa da Andretti, que \u00e9 sua rival na Indy. Para ele, a entrada de uma equipe de nome s\u00f3 ajudaria a categoria a crescer nos Estados Unidos. Ir contra isso significa algo negativo.<\/p>\n\n\n\n<p class=\"wp-block-paragraph\"><strong>&nbsp;\u25b6\ufe0f Inscreva-se nos dois canais do GRANDE PR\u00caMIO no YouTube: <a href=\"https:\/\/www.youtube.com\/channel\/UC9OlHEgxoaY6QY6nWPoiqQg?sub_confirmation=1\">GP<\/a> | <a href=\"https:\/\/www.youtube.com\/channel\/UC9csiS6q_C3C0FYhyr1rnFA?sub_confirmation=1\">GP2<\/a><\/strong><\/p>\n\n\n\n<p class=\"wp-block-paragraph\">\u201cAcho que a Andretti como nome, como um time de corrida altamente respeit\u00e1vel. Sabendo quem s\u00e3o os apoiadores e quem Michael \u00e9, sem d\u00favida alguma nos ajudar\u00e1 a crescer na Am\u00e9rica do Norte\u201d, disse Brown.&nbsp;<\/p>\n\n\n\n<p class=\"wp-block-paragraph\">\u201cAcho que os times que talvez n\u00e3o apoiem est\u00e3o tendo uma vis\u00e3o limitada. N\u00f3s estamos tentando fazer o esporte crescer? Ou estamos entrando numa tend\u00eancia ruim que equipes de corrida costumam ter, que \u00e9 pensar sobre o hoje e n\u00e3o sobre o futuro?\u201d, questionou.<\/p>\n\n\n\n<figure class=\"wp-block-image size-large\"><img decoding=\"async\" src=\"https:\/\/www.grandepremio.com\/br\/wp-content\/uploads\/2022\/02\/Michael-Andretti-during-driver-announcement-Acura-Grand-Prix-of-Long-Beach_Ref-Image-Without-Watermark_m48676-1024x683.jpg\" alt=\"\" class=\"wp-image-542840\"\/><figcaption>Michael Andretti tem equipes na Indy, na F\u00f3rmula E, no Extreme E e no IMSA (Foto: Indycar)<\/figcaption><\/figure>\n\n\n\n<p class=\"wp-block-paragraph\">A discuss\u00e3o sobre a entrada de uma 11\u00aa equipe passa por um importante aspecto financeiro, j\u00e1 que o dinheiro distribu\u00eddo pela categoria seria dilu\u00eddo com um time a mais. \u00c9 justamente por isso que h\u00e1 um mecanismo em que novas equipes precisam pagar uma taxa de US$ 200 milh\u00f5es &#8211; equivalente a cerca de R$ 1 bilh\u00e3o na cota\u00e7\u00e3o do dia &#8211; para cobrir o buraco comercial.<\/p>\n\n\n\n<p class=\"wp-block-paragraph\">Sob esse aspecto, Brown criticou mais uma vez a falta de vis\u00e3o das equipes da categoria. Para ele, o potencial que a Andretti traz de crescimento nos EUA compensaria a maior divis\u00e3o das receitas. A F\u00f3rmula 1 j\u00e1 vem crescendo exponencialmente no pa\u00eds, e neste ano, ter\u00e1, al\u00e9m da corrida em Austin, o <a href=\"https:\/\/www.grandepremio.com\/br\/etapa\/f1\/gp-de-miami-formula-1-2022\/\">GP de Miami<\/a>.<\/p>\n\n\n\n<p class=\"wp-block-paragraph\">\u201cSe forem US$ 100 milh\u00f5es &#8211; cerca de R$ 500 milh\u00f5es -, eles podem nos ajudar a ganhar mais US$ 100 milh\u00f5es em receitas no esporte pela TV e pelo interesse no esporte? Eu acredito que sim. E a coisa mais f\u00e1cil depois \u00e9 continuar a buscar uma redu\u00e7\u00e3o de gastos. Em tr\u00eas ou quatro anos, quando n\u00e3o houver mais o pagamento da taxa de dilui\u00e7\u00e3o, \u00e9 s\u00f3 reduzir nosso or\u00e7amento por US$ 10 milh\u00f5es por ano\u201d, explicou Brown.<\/p>\n\n\n\n<p class=\"wp-block-paragraph\">\u201cAl\u00e9m disso, voc\u00ea s\u00f3 pode ter 12 equipes no grid. Ent\u00e3o quando voc\u00ea tem todas as 12, voc\u00ea fica numa situa\u00e7\u00e3o em que a \u00fanica maneira de entrar no esporte \u00e9 comprando\u201d, relembrou o dirigente. \u201cEnt\u00e3o acho que vai aumentar o valor das equipes. Novamente, acho que \u00e9 uma vis\u00e3o limitada n\u00e3o querer outros times confi\u00e1veis dentro do esporte por conta de dilui\u00e7\u00e3o\u201d, concluiu.<\/p>\n\n\n\n<p class=\"wp-block-paragraph\">No dia anterior, o chefe da Mercedes, Toto Wolff, tamb\u00e9m se colocou como uma barreira para a Andretti. \u201cSomos o auge, isto \u00e9 a Liga dos Campe\u00f5es, a NFL, e redistribuir franquias n\u00e3o \u00e9 o objetivo, n\u00e3o \u00e9 como deve ser feito, e esta n\u00e3o \u00e9 a inten\u00e7\u00e3o da <a href=\"https:\/\/www.grandepremio.com\/formula-1\/\">F\u00f3rmula 1<\/a> nem da FIA\u201d, opinou.<\/p>\n\n\n\n<p class=\"wp-block-paragraph\">O <strong>GRANDE PR\u00caMIO<\/strong> cobre in loco a primeira semana de testes da F\u00f3rmula 1 no Circuito de <a href=\"https:\/\/es.grandepremio.com\/\">Barcelona<\/a>-Catalunha com Eric Calduch. Al\u00e9m disso, o GP acompanha tudo <a href=\"https:\/\/www.grandepremio.com\/br\/f1\/ao-vivo\"><strong>AO VIVO e <\/strong><\/a><a href=\"https:\/\/www.grandepremio.com\/br\/ao-vivo\/\"><strong>EM TEMPO REAL<\/strong><\/a>.<\/p>\n\n\n\n<figure class=\"wp-block-embed is-type-video is-provider-youtube wp-block-embed-youtube wp-embed-aspect-16-9 wp-has-aspect-ratio\"><div class=\"wp-block-embed__wrapper\">\n<iframe loading=\"lazy\" title=\"F\u00d3RMULA 1 RESISTE \u00c0 POSS\u00cdVEL ENTRADA DA ANDRETTI EM 2024. POR QUE?\" width=\"500\" height=\"281\" src=\"https:\/\/www.youtube.com\/embed\/fRd1ZDUV_tM?feature=oembed\" frameborder=\"0\" allow=\"accelerometer; autoplay; clipboard-write; encrypted-media; gyroscope; picture-in-picture; web-share\" referrerpolicy=\"strict-origin-when-cross-origin\" allowfullscreen><\/iframe>\n<\/div><figcaption>F\u00d3RMULA 1 RESISTE \u00c0 POSS\u00cdVEL ENTRADA DA ANDRETTI EM 2024. POR QUE?<\/figcaption><\/figure>\n\n\n\n<figure class=\"wp-block-embed is-type-video is-provider-youtube wp-block-embed-youtube wp-embed-aspect-16-9 wp-has-aspect-ratio\"><div class=\"wp-block-embed__wrapper\">\n<iframe loading=\"lazy\" title=\"F\u00d3RMULA 1 2022: O QUE O PRIMEIRO DIA DE TESTES REVELOU? E NO QUE FICAR DE OLHO\" width=\"500\" height=\"281\" src=\"https:\/\/www.youtube.com\/embed\/kkTPDBDIbcM?feature=oembed\" frameborder=\"0\" allow=\"accelerometer; autoplay; clipboard-write; encrypted-media; gyroscope; picture-in-picture; web-share\" referrerpolicy=\"strict-origin-when-cross-origin\" allowfullscreen><\/iframe>\n<\/div><figcaption>F\u00d3RMULA 1 2022: O QUE O PRIMEIRO DIA DE TESTES REVELOU? E NO QUE FICAR DE OLHO<\/figcaption><\/figure>\n","protected":false},"excerpt":{"rendered":"<p>Zak Brown, chefe da McLaren, defendeu entrada da equipe norte-americana ap\u00f3s cr\u00edticas de Red Bull e Mercedes, ressaltando o potencial de crescimento nos Estados Unidos<\/p>\n","protected":false},"author":0,"featured_media":1000448185,"comment_status":"closed","ping_status":"closed","sticky":false,"template":"","format":"standard","meta":{"42wp_featured_image_caption":"","42wp_featured_image_credits":"","42wp_featured_video":"","42wp_featured_image_hidden":false,"42wp_authors_list":[],"footnotes":""},"categories":[2],"tags":[20491,417,147,1357,180,24837,90,82,204,150,580],"42wp_author":[47144,47132],"class_list":["post-114402","post","type-post","status-publish","format-standard","has-post-thumbnail","hentry","category-f1","tag-alpine","tag-andretti","tag-f1","tag-f1-2022","tag-formula-1","tag-formula-1-2","tag-mclaren","tag-mercedes","tag-red-bull","tag-toto-wolff","tag-zak-brown","42wp_author-andre-netto","42wp_author-eric-calduch"],"_links":{"self":[{"href":"https:\/\/grandepremio.com\/br\/wp-json\/wp\/v2\/posts\/114402","targetHints":{"allow":["GET"]}}],"collection":[{"href":"https:\/\/grandepremio.com\/br\/wp-json\/wp\/v2\/posts"}],"about":[{"href":"https:\/\/grandepremio.com\/br\/wp-json\/wp\/v2\/types\/post"}],"replies":[{"embeddable":true,"href":"https:\/\/grandepremio.com\/br\/wp-json\/wp\/v2\/comments?post=114402"}],"version-history":[{"count":0,"href":"https:\/\/grandepremio.com\/br\/wp-json\/wp\/v2\/posts\/114402\/revisions"}],"wp:featuredmedia":[{"embeddable":true,"href":"https:\/\/grandepremio.com\/br\/wp-json\/wp\/v2\/media\/1000448185"}],"wp:attachment":[{"href":"https:\/\/grandepremio.com\/br\/wp-json\/wp\/v2\/media?parent=114402"}],"wp:term":[{"taxonomy":"category","embeddable":true,"href":"https:\/\/grandepremio.com\/br\/wp-json\/wp\/v2\/categories?post=114402"},{"taxonomy":"post_tag","embeddable":true,"href":"https:\/\/grandepremio.com\/br\/wp-json\/wp\/v2\/tags?post=114402"},{"taxonomy":"42wp_author","embeddable":true,"href":"https:\/\/grandepremio.com\/br\/wp-json\/wp\/v2\/42wp_author?post=114402"}],"curies":[{"name":"wp","href":"https:\/\/api.w.org\/{rel}","templated":true}]}}