{"id":114412,"date":"2022-02-24T13:42:10","date_gmt":"2022-02-24T16:42:10","guid":{"rendered":"https:\/\/grandepremio.com\/br\/noticias\/diretor-de-provas-da-indy-kyle-novak-e-escolhido-para-corte-de-apelacoes-da-fia\/"},"modified":"2022-02-24T13:42:18","modified_gmt":"2022-02-24T16:42:18","slug":"diretor-de-provas-da-indy-kyle-novak-e-escolhido-para-corte-de-apelacoes-da-fia","status":"publish","type":"post","link":"https:\/\/grandepremio.com\/br\/indy\/diretor-de-provas-da-indy-kyle-novak-e-escolhido-para-corte-de-apelacoes-da-fia\/","title":{"rendered":"Diretor de provas da Indy, Kyle Novak \u00e9 escolhido para Corte de Apela\u00e7\u00f5es da FIA"},"content":{"rendered":"\n<figure class=\"wp-block-embed is-type-video is-provider-youtube wp-block-embed-youtube wp-embed-aspect-16-9 wp-has-aspect-ratio\"><div class=\"wp-block-embed__wrapper\">\n<iframe loading=\"lazy\" title=\"COMO FOI O PRIMEIRO DIA DA PR\u00c9-TEMPORADA DA F\u00d3RMULA 1 2022 EM BARCELONA | Briefing\" width=\"500\" height=\"281\" src=\"https:\/\/www.youtube.com\/embed\/jjKXKVIgCxA?feature=oembed\" frameborder=\"0\" allow=\"accelerometer; autoplay; clipboard-write; encrypted-media; gyroscope; picture-in-picture; web-share\" referrerpolicy=\"strict-origin-when-cross-origin\" allowfullscreen><\/iframe>\n<\/div><figcaption>COMO FOI O PRIMEIRO DIA DA PR\u00c9-TEMPORADA DA F\u00d3RMULA 1 2022 EM BARCELONA | Briefing<\/figcaption><\/figure>\n\n\n\n<p class=\"wp-block-paragraph\">A Indy contou com uma grande novidade nesta quinta-feira (24). Kyle Novak, diretor de provas da categoria, foi escolhido pela Assembleia Geral da Federa\u00e7\u00e3o Internacional de Automobilismo [FIA] para ser um dos 36 \u00e1rbitros participantes da corte da entidade.<\/p>\n\n\n\n<p class=\"wp-block-paragraph\">A Corte de Apela\u00e7\u00e3o Internacional da FIA, tamb\u00e9m conhecido como ICA, \u00e9 uma entidade independente da administra\u00e7\u00e3o da federa\u00e7\u00e3o e sua estrutura principal. Nela, 36 ju\u00edzes resolvem disputas disciplinares ou legais envolvendo categorias filiadas \u00e0 FIA.<\/p>\n\n\n\n<p class=\"wp-block-paragraph\"><strong>\u25b6\ufe0f\u00a0Inscreva-se nos dois canais do GRANDE PR\u00caMIO no YouTube:\u00a0<a href=\"https:\/\/www.youtube.com\/channel\/UC9OlHEgxoaY6QY6nWPoiqQg?sub_confirmation=1\" target=\"_blank\" rel=\"noreferrer noopener\">GP<\/a>\u00a0|\u00a0<a href=\"https:\/\/www.youtube.com\/channel\/UC9csiS6q_C3C0FYhyr1rnFA?sub_confirmation=1\" target=\"_blank\" rel=\"noreferrer noopener\">GP2<\/a><\/strong><\/p>\n\n\n\n<figure class=\"wp-block-image size-large\"><img decoding=\"async\" src=\"https:\/\/www.grandepremio.com\/br\/wp-content\/uploads\/2022\/02\/Pit-lane-Firestone-Grand-Prix-of-Monterey_Large-Image-Without-Watermark_m48264-1024x683.jpg\" alt=\"\" class=\"wp-image-543345\"\/><figcaption>Novak \u00e9 diretor de provas da Indy desde 2018 (Foto: Indycar)<\/figcaption><\/figure>\n\n\n\n<p class=\"wp-block-paragraph\">Advogado, Novak come\u00e7ou como diretor de provas da Indy em 2018 e tamb\u00e9m assumir\u00e1 a fun\u00e7\u00e3o da Indy Lights a partir desta temporada. Na corte arbitral, ser\u00e1 o \u00fanico representante da categoria.<\/p>\n\n\n\n<p class=\"wp-block-paragraph\">&#8220;Ser capaz de colocar a Indy na lista de representantes e estar a servi\u00e7o da FIA \u00e9 uma honra tremenda. A grande competi\u00e7\u00e3o e o crescimento que experienciamos nos \u00faltimos anos mostram o n\u00edvel de respeito em todo mundo pela Indy&#8221;, afirmou Novak em comunicado.<\/p>\n\n\n\n<p class=\"wp-block-paragraph\">A Indy possui outros integrantes na FIA, como o presidente Jay Frye na Comiss\u00e3o de Monopostos, o Dr. Geoffrey Billow na Comiss\u00e3o M\u00e9dica e o inspetor de pistas Tony Cotman.<\/p>\n\n\n\n<p class=\"wp-block-paragraph\">A temporada 2022 da Indy come\u00e7a neste fim de semana, em S\u00e3o Petersburgo, no domingo (27). As ruas da cidade localizada no estado americano da Fl\u00f3rida tamb\u00e9m ser\u00e3o palco da estreia da Indy Lights neste ano.<\/p>\n","protected":false},"excerpt":{"rendered":"<p>Kyle Novak, diretor de provas da Indy desde 2018, foi um dos 36 selecionados para integrar a Corte de Apela\u00e7\u00f5es da FIA a partir deste ano<\/p>\n","protected":false},"author":0,"featured_media":1000543986,"comment_status":"closed","ping_status":"closed","sticky":false,"template":"","format":"standard","meta":{"42wp_featured_image_caption":"","42wp_featured_image_credits":"","42wp_featured_video":"","42wp_featured_image_hidden":false,"42wp_authors_list":[],"footnotes":""},"categories":[3],"tags":[103,24836,93,2209,4528,94,29495],"42wp_author":[47135],"class_list":["post-114412","post","type-post","status-publish","format-standard","has-post-thumbnail","hentry","category-indy","tag-fia","tag-grande-premio-2","tag-indy","tag-indy-2022","tag-indy-car","tag-indycar","tag-indycar-2022","42wp_author-pedro-luis-cuenca"],"_links":{"self":[{"href":"https:\/\/grandepremio.com\/br\/wp-json\/wp\/v2\/posts\/114412","targetHints":{"allow":["GET"]}}],"collection":[{"href":"https:\/\/grandepremio.com\/br\/wp-json\/wp\/v2\/posts"}],"about":[{"href":"https:\/\/grandepremio.com\/br\/wp-json\/wp\/v2\/types\/post"}],"replies":[{"embeddable":true,"href":"https:\/\/grandepremio.com\/br\/wp-json\/wp\/v2\/comments?post=114412"}],"version-history":[{"count":0,"href":"https:\/\/grandepremio.com\/br\/wp-json\/wp\/v2\/posts\/114412\/revisions"}],"wp:featuredmedia":[{"embeddable":true,"href":"https:\/\/grandepremio.com\/br\/wp-json\/wp\/v2\/media\/1000543986"}],"wp:attachment":[{"href":"https:\/\/grandepremio.com\/br\/wp-json\/wp\/v2\/media?parent=114412"}],"wp:term":[{"taxonomy":"category","embeddable":true,"href":"https:\/\/grandepremio.com\/br\/wp-json\/wp\/v2\/categories?post=114412"},{"taxonomy":"post_tag","embeddable":true,"href":"https:\/\/grandepremio.com\/br\/wp-json\/wp\/v2\/tags?post=114412"},{"taxonomy":"42wp_author","embeddable":true,"href":"https:\/\/grandepremio.com\/br\/wp-json\/wp\/v2\/42wp_author?post=114412"}],"curies":[{"name":"wp","href":"https:\/\/api.w.org\/{rel}","templated":true}]}}