{"id":114414,"date":"2022-02-24T12:18:36","date_gmt":"2022-02-24T15:18:36","guid":{"rendered":"https:\/\/grandepremio.com\/br\/noticias\/fernando-alonso-mostra-otimismo-passo-frente-alpine-relacao-motor\/"},"modified":"2022-02-24T12:18:45","modified_gmt":"2022-02-24T15:18:45","slug":"fernando-alonso-mostra-otimismo-passo-frente-alpine-relacao-motor","status":"publish","type":"post","link":"https:\/\/grandepremio.com\/br\/f1\/fernando-alonso-mostra-otimismo-passo-frente-alpine-relacao-motor\/","title":{"rendered":"Alonso mostra otimismo com &#8220;passo \u00e0 frente&#8221; da Alpine em rela\u00e7\u00e3o ao motor"},"content":{"rendered":"\n<figure class=\"wp-block-embed is-type-video is-provider-youtube wp-block-embed-youtube wp-embed-aspect-16-9 wp-has-aspect-ratio\"><div class=\"wp-block-embed__wrapper\">\n<iframe loading=\"lazy\" title=\"COMO FOI O PRIMEIRO DIA DA PR\u00c9-TEMPORADA DA F\u00d3RMULA 1 2022 EM BARCELONA | Briefing\" width=\"500\" height=\"281\" src=\"https:\/\/www.youtube.com\/embed\/jjKXKVIgCxA?feature=oembed\" frameborder=\"0\" allow=\"accelerometer; autoplay; clipboard-write; encrypted-media; gyroscope; picture-in-picture; web-share\" referrerpolicy=\"strict-origin-when-cross-origin\" allowfullscreen><\/iframe>\n<\/div><figcaption>COMO FOI O PRIMEIRO DIA DA PR\u00c9-TEMPORADA DA F\u00d3RMULA 1 2022 EM BARCELONA | Briefing<br><\/figcaption><\/figure>\n\n\n\n<p class=\"wp-block-paragraph\">Com pouco mais de 120 voltas, Fernando Alonso teve uma ideia do desempenho da A522 nos testes de pr\u00e9-temporada de Barcelona, na \u00faltima quarta-feira. Ainda que tenha fechado o dia a 2s178 do l\u00edder Lando Norris, o asturiano mostrou otimismo com o motor Renault e espera que a Alpine alcance a mesma boa performance da temporada de 2021.<\/p>\n\n\n\n<p class=\"wp-block-paragraph\">&#8220;Acreditamos que demos um passo \u00e0 frente em rela\u00e7\u00e3o ao motor, quanto a pot\u00eancia. Quanto ao motor, todos foram afetados em muitos aspectos diferentes. Ent\u00e3o vamos ver se podemos ser um pouco mais competitivos quanto a isso e manter o que acreditamos que o carro teve no ano passado. Achamos que [o motor] foi um dos pontos mais fortes do carro nas corridas, n\u00e3o teve problema algum e, portanto, precisamos combinar essa pot\u00eancia, essa performance, e ter um bom desempenho em termos de corrida&#8221;, disse ele, em entrevista coletiva. <\/p>\n\n\n\n<p class=\"wp-block-paragraph\"><strong>\u25b6\ufe0f\u00a0Inscreva-se nos dois canais do GRANDE PR\u00caMIO no YouTube:\u00a0<a href=\"https:\/\/www.youtube.com\/channel\/UC9OlHEgxoaY6QY6nWPoiqQg?sub_confirmation=1\" target=\"_blank\" rel=\"noreferrer noopener\">GP<\/a>\u00a0|\u00a0<a href=\"https:\/\/www.youtube.com\/channel\/UC9csiS6q_C3C0FYhyr1rnFA?sub_confirmation=1\" target=\"_blank\" rel=\"noreferrer noopener\">GP2<\/a><\/strong><br><strong><a href=\"https:\/\/www.grandepremio.com\/formula-1\/\" target=\"_blank\" rel=\"noreferrer noopener\">F1\u00a0<\/a>promete\u00a0<a href=\"https:\/\/www.grandepremio.com\/br\/f1\/noticias\/f1-promete-monitorar-conflito-ucrania-antes-definir-sobre-gp-da-russia\/\">\u201cmonitorar\u201d conflito na Ucr\u00e2nia<\/a>\u00a0antes de definir sobre GP da R\u00fassia<\/strong><\/p>\n\n\n\n<figure class=\"wp-block-image size-large\"><img decoding=\"async\" src=\"https:\/\/www.grandepremio.com\/br\/wp-content\/uploads\/2022\/02\/DSC_0810-1024x683.jpg\" alt=\"\" class=\"wp-image-543571\"\/><figcaption>Alpine est\u00e1 em fase de aprendizado no novo carro para temporada 2022 (Foto: Eric Calduch\/GRANDE PR\u00caMIO)<\/figcaption><\/figure>\n\n\n\n<p class=\"wp-block-paragraph\">&#8220;At\u00e9 agora, est\u00e1 tudo indo bem, temos todos os dados que temos de ontem e do &#8216;dynos&#8217;. Mas at\u00e9 irmos para o Bahrein vamos ver o que todos os outros fizeram tamb\u00e9m no lado do motor, quanto progresso todos fizeram neste inverno. Sentimos que perdemos desempenho com o novo combust\u00edvel e vamos tentar recuperar isso. Ent\u00e3o, vamos ver isso no Bahrein&#8221;, acrescentou. <\/p>\n\n\n\n<p class=\"wp-block-paragraph\">Alonso retornou \u00e0 F1 em 2021 e, numa boa parceria com Esteban Ocon, que venceu pela equipe francesa no GP da Hungria de 2021, o dono do carro #14 foi ao p\u00f3dio no Catar, acabando com um jejum de sete anos. Al\u00e9m disso, a Alpine alcan\u00e7ou seu objetivo na temporada passada: o quinto lugar no Mundial de Construtores, deixando a rival AlphaTauri para tr\u00e1s. <\/p>\n\n\n\n<p class=\"wp-block-paragraph\">Na sess\u00e3o de testes da manh\u00e3 desta quinta-feira (24), <a href=\"https:\/\/www.grandepremio.com\/br\/f1\/noticias\/daniel-ricciardo-mclaren-lidera-novamente-manha-dia-2-f1-barcelona\/\" target=\"_blank\" rel=\"noreferrer noopener\">foi Ocon o respons\u00e1vel por guiar o carro. Ele ficou na \u00faltima posi\u00e7\u00e3o, a 2s925 do l\u00edder Daniel Ricciardo. <\/a><\/p>\n\n\n\n<p class=\"wp-block-paragraph\">O\u00a0<strong>GRANDE PR\u00caMIO<\/strong>\u00a0cobre in loco a primeira semana de testes da\u00a0<a href=\"https:\/\/www.grandepremio.com\/formula-1\/\" target=\"_blank\" rel=\"noreferrer noopener\">F\u00f3rmula 1<\/a>\u00a0no Circuito de Barcelona-<a href=\"https:\/\/es.grandepremio.com\/\" target=\"_blank\" rel=\"noreferrer noopener\">Catalunha<\/a>\u00a0com Eric Calduch. Al\u00e9m disso, o GP acompanha tudo\u00a0<a href=\"https:\/\/www.grandepremio.com\/br\/f1\/ao-vivo\"><strong>AO VIVO<\/strong>\u00a0e\u00a0<strong>EM\u00a0<\/strong><\/a><strong><a href=\"https:\/\/www.grandepremio.com\/br\/ao-vivo\/\" target=\"_blank\" rel=\"noreferrer noopener\">TEMPO REAL<\/a><\/strong> <\/p>\n\n\n\n<figure class=\"wp-block-embed is-type-video is-provider-youtube wp-block-embed-youtube wp-embed-aspect-16-9 wp-has-aspect-ratio\"><div class=\"wp-block-embed__wrapper\">\n<iframe loading=\"lazy\" title=\"O QUE ESPERAR DE HAMILTON NA F\u00d3RMULA 1 2022?\" width=\"500\" height=\"281\" src=\"https:\/\/www.youtube.com\/embed\/o1IdmR1PO88?feature=oembed\" frameborder=\"0\" allow=\"accelerometer; autoplay; clipboard-write; encrypted-media; gyroscope; picture-in-picture; web-share\" referrerpolicy=\"strict-origin-when-cross-origin\" allowfullscreen><\/iframe>\n<\/div><figcaption>O QUE ESPERAR DE HAMILTON NA F\u00d3RMULA 1 2022?<br><\/figcaption><\/figure>\n\n\n\n<p class=\"wp-block-paragraph\"> <\/p>\n","protected":false},"excerpt":{"rendered":"<p>Ap\u00f3s andar com a A522 no primeiro dia de testes em Barcelona, Fernando Alonso viu com bons olhos os esfor\u00e7os da Alpine para melhorar o motor em 2022<\/p>\n","protected":false},"author":0,"featured_media":1000543570,"comment_status":"closed","ping_status":"closed","sticky":false,"template":"","format":"standard","meta":{"42wp_featured_image_caption":"","42wp_featured_image_credits":"","42wp_featured_video":"","42wp_featured_image_hidden":false,"42wp_authors_list":[],"footnotes":""},"categories":[2],"tags":[20491,302,1357,176,24837,1491,2305,30588],"42wp_author":[47139,47132,47109],"class_list":["post-114414","post","type-post","status-publish","format-standard","has-post-thumbnail","hentry","category-f1","tag-alpine","tag-esteban-ocon","tag-f1-2022","tag-fernando-alonso","tag-formula-1-2","tag-grande-premio","tag-motor-renault","tag-testes-barcelona","42wp_author-ana-cerveira","42wp_author-eric-calduch","42wp_author-redacao-gp"],"_links":{"self":[{"href":"https:\/\/grandepremio.com\/br\/wp-json\/wp\/v2\/posts\/114414","targetHints":{"allow":["GET"]}}],"collection":[{"href":"https:\/\/grandepremio.com\/br\/wp-json\/wp\/v2\/posts"}],"about":[{"href":"https:\/\/grandepremio.com\/br\/wp-json\/wp\/v2\/types\/post"}],"replies":[{"embeddable":true,"href":"https:\/\/grandepremio.com\/br\/wp-json\/wp\/v2\/comments?post=114414"}],"version-history":[{"count":0,"href":"https:\/\/grandepremio.com\/br\/wp-json\/wp\/v2\/posts\/114414\/revisions"}],"wp:featuredmedia":[{"embeddable":true,"href":"https:\/\/grandepremio.com\/br\/wp-json\/wp\/v2\/media\/1000543570"}],"wp:attachment":[{"href":"https:\/\/grandepremio.com\/br\/wp-json\/wp\/v2\/media?parent=114414"}],"wp:term":[{"taxonomy":"category","embeddable":true,"href":"https:\/\/grandepremio.com\/br\/wp-json\/wp\/v2\/categories?post=114414"},{"taxonomy":"post_tag","embeddable":true,"href":"https:\/\/grandepremio.com\/br\/wp-json\/wp\/v2\/tags?post=114414"},{"taxonomy":"42wp_author","embeddable":true,"href":"https:\/\/grandepremio.com\/br\/wp-json\/wp\/v2\/42wp_author?post=114414"}],"curies":[{"name":"wp","href":"https:\/\/api.w.org\/{rel}","templated":true}]}}