{"id":114425,"date":"2022-02-24T04:54:19","date_gmt":"2022-02-24T07:54:19","guid":{"rendered":"https:\/\/grandepremio.com\/br\/noticias\/barcelona-segue-ceu-aberto-temperatura-amena-dia-2-testes-f1\/"},"modified":"2022-02-24T04:54:25","modified_gmt":"2022-02-24T07:54:25","slug":"barcelona-segue-ceu-aberto-temperatura-amena-dia-2-testes-f1","status":"publish","type":"post","link":"https:\/\/grandepremio.com\/br\/f1\/barcelona-segue-ceu-aberto-temperatura-amena-dia-2-testes-f1\/","title":{"rendered":"Barcelona segue com c\u00e9u aberto e temperatura amena para dia 2 de testes da F1"},"content":{"rendered":"\n<figure class=\"wp-block-embed is-type-video is-provider-youtube wp-block-embed-youtube wp-embed-aspect-16-9 wp-has-aspect-ratio\"><div class=\"wp-block-embed__wrapper\">\n<iframe loading=\"lazy\" title=\"COMO FOI O PRIMEIRO DIA DA PR\u00c9-TEMPORADA DA F\u00d3RMULA 1 2022 EM BARCELONA | Briefing\" width=\"500\" height=\"281\" src=\"https:\/\/www.youtube.com\/embed\/jjKXKVIgCxA?feature=oembed\" frameborder=\"0\" allow=\"accelerometer; autoplay; clipboard-write; encrypted-media; gyroscope; picture-in-picture; web-share\" referrerpolicy=\"strict-origin-when-cross-origin\" allowfullscreen><\/iframe>\n<\/div><figcaption>COMO FOI O PRIMEIRO DIA DA PR\u00c9-TEMPORADA DA F\u00d3RMULA 1 2022 EM BARCELONA | Briefing<\/figcaption><\/figure>\n\n\n\n<p class=\"wp-block-paragraph\">Assim como na estreia da pr\u00e9-temporada da F\u00f3rmula 1, o segundo dia de testes coletivos em Barcelona, nesta quinta-feira (24), conta com clima bastante ameno para que as equipes e pilotos tenha mais oito horas de atividades de pista para trabalharem nos novos carros. As chances de chuva n\u00e3o novamente nulas.<\/p>\n\n\n\n<p class=\"wp-block-paragraph\"><strong>\u25b6\ufe0f\u00a0Inscreva-se nos dois canais do GRANDE PR\u00caMIO no YouTube:\u00a0<a href=\"https:\/\/www.youtube.com\/channel\/UC9OlHEgxoaY6QY6nWPoiqQg?sub_confirmation=1\" target=\"_blank\" rel=\"noreferrer noopener\">GP<\/a>\u00a0|\u00a0<a href=\"https:\/\/www.youtube.com\/channel\/UC9csiS6q_C3C0FYhyr1rnFA?sub_confirmation=1\" target=\"_blank\" rel=\"noreferrer noopener\">GP2<\/a><\/strong><br><strong>O que o primeiro dia de testes da F1 2022 revelou? <a href=\"https:\/\/www.grandepremio.com\/br\/f1\/noticias\/o-que-o-primeiro-dia-de-testes-da-f1-2022-revelou-e-no-que-ficar-de-olho\/\">E no que ficar de olho?<\/a><\/strong><\/p>\n\n\n\n<p class=\"wp-block-paragraph\">O dia de testes inicia \u00e0s 9h locais (5h no hor\u00e1rio de Bras\u00edlia) ainda numa temperatura bastante baixa, de 9\u00b0C e sensa\u00e7\u00e3o t\u00e9rmica de 12\u00b0C. A maior diferen\u00e7a para ontem, quando o c\u00e9u estava quase que totalmente aberto, \u00e9 a nebulosidade esperada para perto de 60%.<\/p>\n\n\n\n<p class=\"wp-block-paragraph\">Durante as quatro horas da sess\u00e3o matinal, a temperatura sobe para 12\u00b0C, 14\u00b0C e 16\u00b0C no fim de cada hora, com a sensa\u00e7\u00e3o t\u00e9rmica respectivamente em 16\u00b0C, 18\u00b0C e 19\u00b0C. A nebulosidade cai em rela\u00e7\u00e3o ao princ\u00edpio da sess\u00e3o. As informa\u00e7\u00f5es s\u00e3o do servi\u00e7o meteorol\u00f3gico Accuweather.<\/p>\n\n\n\n<p class=\"wp-block-paragraph\">J\u00e1 durante a tarde as primeiras tr\u00eas horas &#8211; 14h \u00e0s 17h locais (10h \u00e0s 13h em Bras\u00edlia) &#8211; t\u00eam temperatura entre 17\u00b0C e 19\u00b0C e sensa\u00e7\u00e3o constante em 20\u00b0C. Os n\u00fameros caem para 17\u00b0C pr\u00f3ximo \u00e0 quarta e \u00faltima hora. A hora final de testes tamb\u00e9m conta com a maior expectativa de vento, com 11 km\/h de m\u00e9dia e rajadas de at\u00e9 26 km\/h. A nebulosidade mant\u00e9m mesmos n\u00fameros do fim da manh\u00e3.<\/p>\n\n\n\n<p class=\"wp-block-paragraph\">Tanto no turno da manh\u00e3 quanto no da tarde o servi\u00e7o clim\u00e1tico indica que n\u00e3o h\u00e1 qualquer chance de chuva.<\/p>\n\n\n\n<p class=\"wp-block-paragraph\">O <strong>GRANDE PR\u00caMIO<\/strong> cobre in loco a primeira semana de testes da F\u00f3rmula 1 no Circuito de Barcelona-Catalunha com Eric Calduch. Al\u00e9m disso, o GP acompanha tudo <a href=\"https:\/\/www.grandepremio.com\/br\/f1\/ao-vivo\"><strong>AO VIVO<\/strong> e <strong>EM TEMPO REAL<\/strong><\/a>.<\/p>\n\n\n\n<figure class=\"wp-block-embed is-type-video is-provider-youtube wp-block-embed-youtube wp-embed-aspect-16-9 wp-has-aspect-ratio\"><div class=\"wp-block-embed__wrapper\">\n<iframe loading=\"lazy\" title=\"AS 10 VEZES QUE A FIA INTERFERIU (E MUITO) NAS CORRIDAS DA F\u00d3RMULA 1\" width=\"500\" height=\"281\" src=\"https:\/\/www.youtube.com\/embed\/iLKNPs_-z_Y?feature=oembed\" frameborder=\"0\" allow=\"accelerometer; autoplay; clipboard-write; encrypted-media; gyroscope; picture-in-picture; web-share\" referrerpolicy=\"strict-origin-when-cross-origin\" allowfullscreen><\/iframe>\n<\/div><figcaption>AS 10 VEZES QUE A FIA INTERFERIU (E MUITO) NAS CORRIDAS DA F\u00d3RMULA 1<\/figcaption><\/figure>\n","protected":false},"excerpt":{"rendered":"<p>F\u00f3rmula 1 chega para segundo dos tr\u00eas dias de testes coletivos de pr\u00e9-temporada com clima ameno na regi\u00e3o do Circuito de Montmel\u00f3-Barcelona<\/p>\n","protected":false},"author":0,"featured_media":1000543846,"comment_status":"closed","ping_status":"closed","sticky":false,"template":"","format":"standard","meta":{"42wp_featured_image_caption":"","42wp_featured_image_credits":"","42wp_featured_video":"","42wp_featured_image_hidden":false,"42wp_authors_list":[],"footnotes":""},"categories":[2],"tags":[304,1357,26841,25936,27452,1881,1979],"42wp_author":[47132,47120],"class_list":["post-114425","post","type-post","status-publish","format-standard","has-post-thumbnail","hentry","category-f1","tag-barcelona","tag-f1-2022","tag-formula-1-2022","tag-montmelo","tag-pre-temporada-f1","tag-testes-coletivos","tag-testes-f1","42wp_author-eric-calduch","42wp_author-pedro-henrique-marum"],"_links":{"self":[{"href":"https:\/\/grandepremio.com\/br\/wp-json\/wp\/v2\/posts\/114425","targetHints":{"allow":["GET"]}}],"collection":[{"href":"https:\/\/grandepremio.com\/br\/wp-json\/wp\/v2\/posts"}],"about":[{"href":"https:\/\/grandepremio.com\/br\/wp-json\/wp\/v2\/types\/post"}],"replies":[{"embeddable":true,"href":"https:\/\/grandepremio.com\/br\/wp-json\/wp\/v2\/comments?post=114425"}],"version-history":[{"count":0,"href":"https:\/\/grandepremio.com\/br\/wp-json\/wp\/v2\/posts\/114425\/revisions"}],"wp:featuredmedia":[{"embeddable":true,"href":"https:\/\/grandepremio.com\/br\/wp-json\/wp\/v2\/media\/1000543846"}],"wp:attachment":[{"href":"https:\/\/grandepremio.com\/br\/wp-json\/wp\/v2\/media?parent=114425"}],"wp:term":[{"taxonomy":"category","embeddable":true,"href":"https:\/\/grandepremio.com\/br\/wp-json\/wp\/v2\/categories?post=114425"},{"taxonomy":"post_tag","embeddable":true,"href":"https:\/\/grandepremio.com\/br\/wp-json\/wp\/v2\/tags?post=114425"},{"taxonomy":"42wp_author","embeddable":true,"href":"https:\/\/grandepremio.com\/br\/wp-json\/wp\/v2\/42wp_author?post=114425"}],"curies":[{"name":"wp","href":"https:\/\/api.w.org\/{rel}","templated":true}]}}