{"id":114430,"date":"2022-02-24T04:00:00","date_gmt":"2022-02-24T07:00:00","guid":{"rendered":"https:\/\/grandepremio.com\/br\/noticias\/mick-schumacher-haas-no-caminho-para-ano-de-sucesso-formula-1\/"},"modified":"2022-02-23T19:07:17","modified_gmt":"2022-02-23T22:07:17","slug":"mick-schumacher-haas-no-caminho-para-ano-de-sucesso-formula-1","status":"publish","type":"post","link":"https:\/\/grandepremio.com\/br\/f1\/mick-schumacher-haas-no-caminho-para-ano-de-sucesso-formula-1\/","title":{"rendered":"Mick Schumacher v\u00ea Haas no caminho para ter \u201cano de sucesso\u201d na F\u00f3rmula 1"},"content":{"rendered":"\n<figure class=\"wp-block-embed is-type-video is-provider-youtube wp-block-embed-youtube wp-embed-aspect-16-9 wp-has-aspect-ratio\"><div class=\"wp-block-embed__wrapper\">\n<iframe loading=\"lazy\" title=\"COMO FOI O PRIMEIRO DIA DA PR\u00c9-TEMPORADA DA F\u00d3RMULA 1 2022 EM BARCELONA | Briefing\" width=\"500\" height=\"281\" src=\"https:\/\/www.youtube.com\/embed\/jjKXKVIgCxA?feature=oembed\" frameborder=\"0\" allow=\"accelerometer; autoplay; clipboard-write; encrypted-media; gyroscope; picture-in-picture; web-share\" referrerpolicy=\"strict-origin-when-cross-origin\" allowfullscreen><\/iframe>\n<\/div><figcaption>COMO FOI O PRIMEIRO DIA DA PR\u00c9-TEMPORADA DA F\u00d3RMULA 1 2022 EM BARCELONA | Briefing<\/figcaption><\/figure>\n\n\n\n<p class=\"wp-block-paragraph\">Depois de um 2021 sem pontuar e andando no final do grid da <a href=\"https:\/\/www.grandepremio.com\/formula-1\/\">F\u00f3rmula 1<\/a>, a <a href=\"https:\/\/www.grandepremio.com\/br\/equipe\/f1\/2020\/haas-f1-team\/\">Haas<\/a> n\u00e3o tem como piorar em 2022. A equipe norte-americana passou o \u00faltimo ano focada nas novas regulamenta\u00e7\u00f5es e a esperan\u00e7a agora \u00e9 voltar a brigar no meio do pelot\u00e3o.\u00a0<\/p>\n\n\n\n<p class=\"wp-block-paragraph\">Caminhando para seu segundo ano na categoria, <a href=\"https:\/\/www.grandepremio.com\/br\/piloto\/mick-schumacher\/\">Mick Schumacher<\/a> acredita que tem mais experi\u00eancia para lidar com as dificuldades da categoria. Mesmo assim, o alem\u00e3o sabe que o aprendizado nunca acaba, ainda mais em um ano de tantas mudan\u00e7as na F\u00f3rmula 1.<\/p>\n\n\n\n<p class=\"wp-block-paragraph\">\u201cSaber o que esperar e como a temporada est\u00e1 se desenvolvendo obviamente ajuda. Sempre h\u00e1 coisas para aprender, nunca acaba, e quando as regras mudam tanto, tamb\u00e9m afeta a curva de desempenho\u201d, disse <a href=\"https:\/\/www.grandepremio.com\/br\/piloto\/mick-schumacher\/\">Mick Schumacher<\/a>. \u201cEu provavelmente sei como lidar um pouco melhor com tudo, ent\u00e3o tamb\u00e9m espero que seja um pouco melhor que o ano passado\u201d, completou.<\/p>\n\n\n\n<p class=\"wp-block-paragraph\">\u00a0\u25b6\ufe0f <strong>Inscreva-se nos dois canais do GRANDE PR\u00caMIO no YouTube:<\/strong> <a href=\"https:\/\/www.youtube.com\/channel\/UC9OlHEgxoaY6QY6nWPoiqQg?sub_confirmation=1\">GP<\/a> | <a href=\"https:\/\/www.youtube.com\/channel\/UC9csiS6q_C3C0FYhyr1rnFA?sub_confirmation=1\">GP2<\/a><\/p>\n\n\n\n<figure class=\"wp-block-image size-large\"><img decoding=\"async\" src=\"https:\/\/www.grandepremio.com\/br\/wp-content\/uploads\/2022\/02\/FMTGaN5XoAU6EKd-1024x1024.jpg\" alt=\"\" class=\"wp-image-543748\"\/><figcaption>Mick Schumacher no primeiro dia de testes em Barcelona (Foto: Haas)<\/figcaption><\/figure>\n\n\n\n<p class=\"wp-block-paragraph\">Mick aproveitou a intertemporada para passar um tempo em um rancho da fam\u00edlia no Texas, onde recarregou as baterias antes da nova temporada, mas, claro, sem abdicar de sua prepara\u00e7\u00e3o.<\/p>\n\n\n\n<p class=\"wp-block-paragraph\">\u201cEstive l\u00e1 por 15 dias e fomos andar de cavalo. Claro, continuei a treinar e sempre me mantive de olho no projeto deste ano. Estive em contato com a equipe e acredito que estamos no caminho de um ano de sucesso\u201d, afirmou o jovem de 22 anos.<\/p>\n\n\n\n<p class=\"wp-block-paragraph\">Mick sempre se destacou em seus segundos anos nas categorias de base do automobilismo, conquistando ambos os t\u00edtulos da F\u00f3rmula 3 e da <a href=\"https:\/\/www.grandepremio.com\/br\/f2\/\">F\u00f3rmula 2<\/a> na segunda temporada. Ainda que a <a href=\"https:\/\/www.grandepremio.com\/br\/equipe\/f1\/2020\/haas-f1-team\/\">Haas<\/a> acredite que ele<a href=\"https:\/\/www.grandepremio.com\/br\/f1\/noticias\/haas-nao-cre-em-evolucao-no-segundo-ano-de-mick-schumacher-pode-ja-ter-acontecido\/\"> j\u00e1 tenha dado um salto<\/a>, o alem\u00e3o sabe que conhecer as pistas ajuda muito nos finais de semana da F\u00f3rmula 1.<\/p>\n\n\n\n<p class=\"wp-block-paragraph\">\u201cEsse ano, vou para os locais sabendo o que esperar, ent\u00e3o n\u00e3o tenho de brigar com o tr\u00e1fego no primeiro treino livre e posso desenvolver o carro e acerto logo de cara. \u00c9 muito ben\u00e9fico come\u00e7ar com um acerto pr\u00f3ximo e, se for r\u00e1pido no segundo treino, por exemplo, voc\u00ea tem certeza de que est\u00e1 no caminho certo\u201d, explicou <a href=\"https:\/\/www.grandepremio.com\/br\/piloto\/mick-schumacher\/\">Schumacher<\/a>.<\/p>\n\n\n\n<p class=\"wp-block-paragraph\">\u201cTodo o s\u00e1bado se torna muito mais f\u00e1cil, porque voc\u00ea pode focar nos pontos que precisa para a classifica\u00e7\u00e3o. Ent\u00e3o minha esperan\u00e7a est\u00e1 muito alta este ano e a expectativa tamb\u00e9m \u00e9 bem grande\u201d, concluiu Mick.<\/p>\n\n\n\n<p class=\"wp-block-paragraph\">O <strong>GRANDE PR\u00caMIO<\/strong> cobre in loco a primeira semana de testes da <a href=\"https:\/\/www.grandepremio.com\/formula-1\/\">F\u00f3rmula 1<\/a> no Circuito de <a href=\"https:\/\/es.grandepremio.com\/\">Barcelona<\/a>-Catalunha com Eric Calduch. Al\u00e9m disso, o GP acompanha tudo <a href=\"https:\/\/www.grandepremio.com\/br\/f1\/ao-vivo\"><strong>AO VIVO e <\/strong><\/a><a href=\"https:\/\/www.grandepremio.com\/br\/ao-vivo\/\"><strong>EM TEMPO REAL<\/strong><\/a>.<\/p>\n\n\n\n<figure class=\"wp-block-embed is-type-video is-provider-youtube wp-block-embed-youtube wp-embed-aspect-16-9 wp-has-aspect-ratio\"><div class=\"wp-block-embed__wrapper\">\n<iframe loading=\"lazy\" title=\"O QUE ESPERAR DE HAMILTON NA F\u00d3RMULA 1 2022?\" width=\"500\" height=\"281\" src=\"https:\/\/www.youtube.com\/embed\/o1IdmR1PO88?feature=oembed\" frameborder=\"0\" allow=\"accelerometer; autoplay; clipboard-write; encrypted-media; gyroscope; picture-in-picture; web-share\" referrerpolicy=\"strict-origin-when-cross-origin\" allowfullscreen><\/iframe>\n<\/div><figcaption>O QUE ESPERAR DE HAMILTON NA F\u00d3RMULA 1 2022?<\/figcaption><\/figure>\n","protected":false},"excerpt":{"rendered":"<p>Mick Schumacher diz estar mais preparado em seu segundo ano na categoria, v\u00ea grande vantagem por j\u00e1 conhecer as pistas e acredita que a equipe norte-americana est\u00e1 no caminho certo<\/p>\n","protected":false},"author":0,"featured_media":1000532099,"comment_status":"closed","ping_status":"closed","sticky":false,"template":"","format":"standard","meta":{"42wp_featured_image_caption":"","42wp_featured_image_credits":"","42wp_featured_video":"","42wp_featured_image_hidden":false,"42wp_authors_list":[],"footnotes":""},"categories":[2],"tags":[147,1357,24837,119,1294,25297],"42wp_author":[47144],"class_list":["post-114430","post","type-post","status-publish","format-standard","has-post-thumbnail","hentry","category-f1","tag-f1","tag-f1-2022","tag-formula-1-2","tag-haas","tag-mick-schumacher","tag-pre-temporada-2","42wp_author-andre-netto"],"_links":{"self":[{"href":"https:\/\/grandepremio.com\/br\/wp-json\/wp\/v2\/posts\/114430","targetHints":{"allow":["GET"]}}],"collection":[{"href":"https:\/\/grandepremio.com\/br\/wp-json\/wp\/v2\/posts"}],"about":[{"href":"https:\/\/grandepremio.com\/br\/wp-json\/wp\/v2\/types\/post"}],"replies":[{"embeddable":true,"href":"https:\/\/grandepremio.com\/br\/wp-json\/wp\/v2\/comments?post=114430"}],"version-history":[{"count":0,"href":"https:\/\/grandepremio.com\/br\/wp-json\/wp\/v2\/posts\/114430\/revisions"}],"wp:featuredmedia":[{"embeddable":true,"href":"https:\/\/grandepremio.com\/br\/wp-json\/wp\/v2\/media\/1000532099"}],"wp:attachment":[{"href":"https:\/\/grandepremio.com\/br\/wp-json\/wp\/v2\/media?parent=114430"}],"wp:term":[{"taxonomy":"category","embeddable":true,"href":"https:\/\/grandepremio.com\/br\/wp-json\/wp\/v2\/categories?post=114430"},{"taxonomy":"post_tag","embeddable":true,"href":"https:\/\/grandepremio.com\/br\/wp-json\/wp\/v2\/tags?post=114430"},{"taxonomy":"42wp_author","embeddable":true,"href":"https:\/\/grandepremio.com\/br\/wp-json\/wp\/v2\/42wp_author?post=114430"}],"curies":[{"name":"wp","href":"https:\/\/api.w.org\/{rel}","templated":true}]}}