{"id":114432,"date":"2022-02-23T18:30:00","date_gmt":"2022-02-23T21:30:00","guid":{"rendered":"https:\/\/grandepremio.com\/br\/noticias\/o-que-o-primeiro-dia-de-testes-da-f1-2022-revelou-e-no-que-ficar-de-olho\/"},"modified":"2022-02-23T17:25:04","modified_gmt":"2022-02-23T20:25:04","slug":"o-que-o-primeiro-dia-de-testes-da-f1-2022-revelou-e-no-que-ficar-de-olho","status":"publish","type":"post","link":"https:\/\/grandepremio.com\/br\/f1\/o-que-o-primeiro-dia-de-testes-da-f1-2022-revelou-e-no-que-ficar-de-olho\/","title":{"rendered":"O que o primeiro dia de testes da F1 2022 revelou? E no que ficar de olho?"},"content":{"rendered":"\n<figure class=\"wp-block-embed is-type-rich is-provider-incorporar-manipulador wp-block-embed-incorporar-manipulador wp-embed-aspect-16-9 wp-has-aspect-ratio\"><div class=\"wp-block-embed__wrapper\">\n<iframe loading=\"lazy\" title=\"F\u00d3RMULA 1 2022: O QUE O PRIMEIRO DIA DE TESTES REVELOU? E NO QUE FICAR DE OLHO\" width=\"500\" height=\"281\" src=\"https:\/\/www.youtube.com\/embed\/kkTPDBDIbcM?feature=oembed\" frameborder=\"0\" allow=\"accelerometer; autoplay; clipboard-write; encrypted-media; gyroscope; picture-in-picture; web-share\" referrerpolicy=\"strict-origin-when-cross-origin\" allowfullscreen><\/iframe>\n<\/div><\/figure>\n\n\n\n<p class=\"wp-block-paragraph\">A F\u00f3rmula 1 deu <a href=\"https:\/\/www.grandepremio.com\/br\/f1\/noticias\/lando-norris-lidera-primeiro-dia-testes-coletivos-f1-barcelona\/\">o pontap\u00e9 inicial para a temporada 2022 com os testes coletivos em Barcelona<\/a>, na Espanha, nesta quarta-feira. O mist\u00e9rio em torno dos carros e das solu\u00e7\u00f5es das equipes para o campeonato deste ano acabou e muita gente chamou a aten\u00e7\u00e3o no circuito catal\u00e3o.<\/p>\n\n\n\n<p class=\"wp-block-paragraph\">A Red Bull foi um dos times ganhou os holofotes. a equipe colocou o RB18 para acelerar no circuito de Barcelona, ap\u00f3s um misterioso lan\u00e7amento sem mostrar grandes detalhes e um shakedown fechado em Silverstone, o novo b\u00f3lido dos taurinos foi visto pelo p\u00fablico em detalhe s\u00f3 agora.<\/p>\n\n\n\n<p class=\"wp-block-paragraph\"><strong>\u25b6\ufe0f\u00a0Inscreva-se nos dois canais do GRANDE PR\u00caMIO no YouTube:\u00a0<a href=\"https:\/\/www.youtube.com\/channel\/UC9OlHEgxoaY6QY6nWPoiqQg?sub_confirmation=1\" target=\"_blank\" rel=\"noreferrer noopener\">GP<\/a>\u00a0|\u00a0<a href=\"https:\/\/www.youtube.com\/channel\/UC9csiS6q_C3C0FYhyr1rnFA?sub_confirmation=1\" target=\"_blank\" rel=\"noreferrer noopener\">GP2<\/a><\/strong><\/p>\n\n\n\n<figure class=\"wp-block-image size-large\"><img decoding=\"async\" src=\"https:\/\/www.grandepremio.com\/br\/wp-content\/uploads\/2022\/02\/Red-Bull-1024x576.jpg\" alt=\"\" class=\"wp-image-543597\"\/><figcaption>Com o n\u00famero 1, Max Verstappen acumulou 80 voltas com o novo RB 18 (Foto: Red Bull Content Pool)<\/figcaption><\/figure>\n\n\n\n<p class=\"wp-block-paragraph\">Uma das grandes novidades \u00e9 a agressiva lateral do carro, com uma divis\u00e3o do fluxo de ar levado para a traseira. Al\u00e9m disso, imagens tamb\u00e9m mostraram um corte nas aletas do carro, novidade que n\u00e3o tinha sido mostrada no lan\u00e7amento.<\/p>\n\n\n\n<p class=\"wp-block-paragraph\">Al\u00e9m dos taurinos, a Mercedes tamb\u00e9m testou componentes diferentes, assim como a Alpine, que chega um motor totalmente novo. Assim, o v\u00eddeo de hoje trata das revela\u00e7\u00f5es deste primeiro dia de atividades.<\/p>\n","protected":false},"excerpt":{"rendered":"<p>Enfim, a F\u00f3rmula 1 colocou seus carros na pista em Barcelona. A McLaren foi a mais r\u00e1pida, mas quem chamou a aten\u00e7\u00e3o mesmo foi a Red Bull<\/p>\n","protected":false},"author":0,"featured_media":1000543554,"comment_status":"closed","ping_status":"closed","sticky":false,"template":"","format":"standard","meta":{"42wp_featured_image_caption":"","42wp_featured_image_credits":"","42wp_featured_video":"","42wp_featured_image_hidden":false,"42wp_authors_list":[],"footnotes":""},"categories":[2],"tags":[304,1357,26841,87,203,82,25814,204,27493],"42wp_author":[47115],"class_list":["post-114432","post","type-post","status-publish","format-standard","has-post-thumbnail","hentry","category-f1","tag-barcelona","tag-f1-2022","tag-formula-1-2022","tag-lewis-hamilton","tag-max-verstappen","tag-mercedes","tag-mundial-de-formula-1","tag-red-bull","tag-testes-de-pre-temporada","42wp_author-evelyn-guimaraes"],"_links":{"self":[{"href":"https:\/\/grandepremio.com\/br\/wp-json\/wp\/v2\/posts\/114432","targetHints":{"allow":["GET"]}}],"collection":[{"href":"https:\/\/grandepremio.com\/br\/wp-json\/wp\/v2\/posts"}],"about":[{"href":"https:\/\/grandepremio.com\/br\/wp-json\/wp\/v2\/types\/post"}],"replies":[{"embeddable":true,"href":"https:\/\/grandepremio.com\/br\/wp-json\/wp\/v2\/comments?post=114432"}],"version-history":[{"count":0,"href":"https:\/\/grandepremio.com\/br\/wp-json\/wp\/v2\/posts\/114432\/revisions"}],"wp:featuredmedia":[{"embeddable":true,"href":"https:\/\/grandepremio.com\/br\/wp-json\/wp\/v2\/media\/1000543554"}],"wp:attachment":[{"href":"https:\/\/grandepremio.com\/br\/wp-json\/wp\/v2\/media?parent=114432"}],"wp:term":[{"taxonomy":"category","embeddable":true,"href":"https:\/\/grandepremio.com\/br\/wp-json\/wp\/v2\/categories?post=114432"},{"taxonomy":"post_tag","embeddable":true,"href":"https:\/\/grandepremio.com\/br\/wp-json\/wp\/v2\/tags?post=114432"},{"taxonomy":"42wp_author","embeddable":true,"href":"https:\/\/grandepremio.com\/br\/wp-json\/wp\/v2\/42wp_author?post=114432"}],"curies":[{"name":"wp","href":"https:\/\/api.w.org\/{rel}","templated":true}]}}