{"id":114437,"date":"2022-02-23T14:19:15","date_gmt":"2022-02-23T17:19:15","guid":{"rendered":"https:\/\/grandepremio.com\/br\/noticias\/daniel-ricciardo-ve-mcl36-complexo-minimiza-dificuldade-visao-melhora-tempo\/"},"modified":"2022-02-23T14:21:47","modified_gmt":"2022-02-23T17:21:47","slug":"daniel-ricciardo-ve-mcl36-complexo-minimiza-dificuldade-visao-melhora-tempo","status":"publish","type":"post","link":"https:\/\/grandepremio.com\/br\/f1\/daniel-ricciardo-ve-mcl36-complexo-minimiza-dificuldade-visao-melhora-tempo\/","title":{"rendered":"Ricciardo v\u00ea &#8220;complexo&#8221; MCL36 e minimiza problema de vis\u00e3o: &#8220;Melhora com tempo&#8221;"},"content":{"rendered":"\n<figure class=\"wp-block-embed is-type-video is-provider-youtube wp-block-embed-youtube wp-embed-aspect-16-9 wp-has-aspect-ratio\"><div class=\"wp-block-embed__wrapper\">\n<iframe loading=\"lazy\" title=\"COMO FOI O PRIMEIRO DIA DA PR\u00c9-TEMPORADA DA F\u00d3RMULA 1 2022 EM BARCELONA | Briefing\" width=\"500\" height=\"281\" src=\"https:\/\/www.youtube.com\/embed\/jjKXKVIgCxA?feature=oembed\" frameborder=\"0\" allow=\"accelerometer; autoplay; clipboard-write; encrypted-media; gyroscope; picture-in-picture; web-share\" referrerpolicy=\"strict-origin-when-cross-origin\" allowfullscreen><\/iframe>\n<\/div><figcaption>COMO FOI O PRIMEIRO DIA DA PR\u00c9-TEMPORADA DA F\u00d3RMULA 1 2022 EM BARCELONA | Briefing<br><\/figcaption><\/figure>\n\n\n\n<p class=\"wp-block-paragraph\">Nesta quarta-feira (23), <a href=\"https:\/\/www.grandepremio.com\/br\/f1\/noticias\/lando-norris-lidera-primeiro-dia-testes-coletivos-f1-barcelona\/\" target=\"_blank\" rel=\"noreferrer noopener\">quem andou com o MCL36 foi Lando Norris \u2014 que, inclusive, liderou o primeiro dia de testes em Barcelona \u2014<\/a>, mas Daniel Ricciardo aproveitou a coletiva de imprensa para tamb\u00e9m falar sobre o carro da McLaren para 2022. O australiano comentou sobre suas primeiras impress\u00f5es e apontou uma grandes quest\u00f5es desta nova era da F\u00f3rmula 1: a adapta\u00e7\u00e3o. <\/p>\n\n\n\n<p class=\"wp-block-paragraph\">&#8220;Dei algumas voltas no outro dia e minha primeira impress\u00e3o foi de um carro complexo. Pode haver muitas c\u00e2meras dispon\u00edveis, mas n\u00e3o h\u00e1 nada como o ponto de vista do piloto quando ele est\u00e1 atr\u00e1s do volante. Mesmo para um piloto experiente \u00e9 dif\u00edcil se adaptar&#8221;, disse Ricciardo. <\/p>\n\n\n\n<figure class=\"wp-block-image size-large\"><img decoding=\"async\" src=\"https:\/\/www.grandepremio.com\/br\/wp-content\/uploads\/2022\/02\/Testes3-1024x682.jpeg\" alt=\"\" class=\"wp-image-543542\"\/><figcaption>Lando Norris foi quem testou o MCL36 nesta quarta-feira (23) (Foto: McLaren)<\/figcaption><\/figure>\n\n\n\n<p class=\"wp-block-paragraph\">Outro ponto levantado pelo dono do carro #3 foi a visibilidade, tema bastante discutido pelos pilotos nos \u00faltimos dias.  <a href=\"https:\/\/www.grandepremio.com\/br\/f1\/noticias\/carlos-sainz-elogia-visual-radical-ferrari-preocupa-visibilidade-dificil\/\" target=\"_blank\" rel=\"noreferrer noopener\">Carlos Sainz Jr., Nicholas Latifi, Alex Albon e Max Verstappen foram alguns<\/a> dos que comentaram sobre a preocupa\u00e7\u00e3o com os novos pneus aro 18, que s\u00e3o maiores e devem dificultar a visibilidade de quem est\u00e1 atr\u00e1s do volante. Para Ricciardo, n\u00e3o \u00e9 diferente, mas ele diz ser mais f\u00e1cil lidar com isto com o passar do tempo<\/p>\n\n\n\n<p class=\"wp-block-paragraph\">&#8220;Este ano a visibilidade \u00e9 menor [por causa dos novos pneus de 18 polegadas], mas voc\u00ea encontra os pontos de refer\u00eancia ou se acostuma com isso. Fica mais f\u00e1cil com o tempo. Eu n\u00e3o vejo como negativo, \u00e9 algo com o qual voc\u00ea tem que trabalhar. Voc\u00ea se acostuma e ter\u00e1 de confiar em sua intui\u00e7\u00e3o. O desafio das corridas ser\u00e1 se acostumar ao fato de que haver\u00e1 pontos cegos. E com isso, tamb\u00e9m haver\u00e1 a possibilidade de boas batalhas na pista&#8221;, finalizou.<\/p>\n\n\n\n<p class=\"wp-block-paragraph\">O\u00a0<strong>GRANDE PR\u00caMIO<\/strong>\u00a0cobre in loco a primeira semana de testes da\u00a0<a href=\"https:\/\/www.grandepremio.com\/formula-1\/\" target=\"_blank\" rel=\"noreferrer noopener\">F\u00f3rmula 1<\/a>\u00a0no Circuito de Barcelona-<a href=\"https:\/\/es.grandepremio.com\/\" target=\"_blank\" rel=\"noreferrer noopener\">Catalunha<\/a>\u00a0com Eric Calduch. Al\u00e9m disso, o GP acompanha tudo\u00a0<a href=\"https:\/\/www.grandepremio.com\/br\/f1\/ao-vivo\"><strong>AO VIVO<\/strong>\u00a0e\u00a0<strong>EM\u00a0<\/strong><\/a><strong><a href=\"https:\/\/www.grandepremio.com\/br\/ao-vivo\/\" target=\"_blank\" rel=\"noreferrer noopener\">TEMPO REAL<\/a><\/strong>.<\/p>\n\n\n\n<figure class=\"wp-block-embed is-type-video is-provider-youtube wp-block-embed-youtube wp-embed-aspect-16-9 wp-has-aspect-ratio\"><div class=\"wp-block-embed__wrapper\">\n<iframe loading=\"lazy\" title=\"O QUE ESPERAR DE HAMILTON NA F\u00d3RMULA 1 2022?\" width=\"500\" height=\"281\" src=\"https:\/\/www.youtube.com\/embed\/o1IdmR1PO88?feature=oembed\" frameborder=\"0\" allow=\"accelerometer; autoplay; clipboard-write; encrypted-media; gyroscope; picture-in-picture; web-share\" referrerpolicy=\"strict-origin-when-cross-origin\" allowfullscreen><\/iframe>\n<\/div><figcaption>O QUE ESPERAR DE HAMILTON NA F\u00d3RMULA 1 2022?<br><\/figcaption><\/figure>\n\n\n\n<p class=\"wp-block-paragraph\"><\/p>\n","protected":false},"excerpt":{"rendered":"<p>Daniel Ricciardo reiterou que a adapta\u00e7\u00e3o ao &#8220;complexo&#8221; MCL36 vai ser uma das quest\u00f5es na temporada de 2022. Mas, em rela\u00e7\u00e3o \u00e0 visibilidade, o piloto cr\u00ea que \u00e9 mais uma quest\u00e3o de costume<\/p>\n","protected":false},"author":0,"featured_media":1000521917,"comment_status":"closed","ping_status":"closed","sticky":false,"template":"","format":"standard","meta":{"42wp_featured_image_caption":"","42wp_featured_image_credits":"","42wp_featured_video":"","42wp_featured_image_hidden":false,"42wp_authors_list":[],"footnotes":""},"categories":[2],"tags":[211,1357,24837,1491,547,30510,90],"42wp_author":[47139,47132,47109],"class_list":["post-114437","post","type-post","status-publish","format-standard","has-post-thumbnail","hentry","category-f1","tag-daniel-ricciardo","tag-f1-2022","tag-formula-1-2","tag-grande-premio","tag-lando-norris","tag-mcl36","tag-mclaren","42wp_author-ana-cerveira","42wp_author-eric-calduch","42wp_author-redacao-gp"],"_links":{"self":[{"href":"https:\/\/grandepremio.com\/br\/wp-json\/wp\/v2\/posts\/114437","targetHints":{"allow":["GET"]}}],"collection":[{"href":"https:\/\/grandepremio.com\/br\/wp-json\/wp\/v2\/posts"}],"about":[{"href":"https:\/\/grandepremio.com\/br\/wp-json\/wp\/v2\/types\/post"}],"replies":[{"embeddable":true,"href":"https:\/\/grandepremio.com\/br\/wp-json\/wp\/v2\/comments?post=114437"}],"version-history":[{"count":0,"href":"https:\/\/grandepremio.com\/br\/wp-json\/wp\/v2\/posts\/114437\/revisions"}],"wp:featuredmedia":[{"embeddable":true,"href":"https:\/\/grandepremio.com\/br\/wp-json\/wp\/v2\/media\/1000521917"}],"wp:attachment":[{"href":"https:\/\/grandepremio.com\/br\/wp-json\/wp\/v2\/media?parent=114437"}],"wp:term":[{"taxonomy":"category","embeddable":true,"href":"https:\/\/grandepremio.com\/br\/wp-json\/wp\/v2\/categories?post=114437"},{"taxonomy":"post_tag","embeddable":true,"href":"https:\/\/grandepremio.com\/br\/wp-json\/wp\/v2\/tags?post=114437"},{"taxonomy":"42wp_author","embeddable":true,"href":"https:\/\/grandepremio.com\/br\/wp-json\/wp\/v2\/42wp_author?post=114437"}],"curies":[{"name":"wp","href":"https:\/\/api.w.org\/{rel}","templated":true}]}}