{"id":114451,"date":"2022-02-23T05:15:00","date_gmt":"2022-02-23T08:15:00","guid":{"rendered":"https:\/\/grandepremio.com\/br\/noticias\/polemicas-no-dtm-criam-pulga-atras-da-orelha-com-novo-diretor-de-provas-da-f1\/"},"modified":"2022-02-22T22:32:39","modified_gmt":"2022-02-23T01:32:39","slug":"polemicas-no-dtm-criam-pulga-atras-da-orelha-com-novo-diretor-de-provas-da-f1","status":"publish","type":"post","link":"https:\/\/grandepremio.com\/br\/f1\/polemicas-no-dtm-criam-pulga-atras-da-orelha-com-novo-diretor-de-provas-da-f1\/","title":{"rendered":"Pol\u00eamicas no DTM criam &#8220;pulga atr\u00e1s da orelha&#8221; com novo diretor de provas da F1"},"content":{"rendered":"\n<p class=\"wp-block-paragraph\">O Paddock GP #275 falou sobre as escolhas da FIA para substituir Michael Masi no posto de diretor de provas da F\u00f3rmula 1. Gabriel Curty citou que as pol\u00eamicas no DTM geram d\u00favidas no nome de Niels Wittich, que ocupava o posto no controle de corrida da categoria de turismo alem\u00e3.<\/p>\n\n\n\n<p class=\"wp-block-paragraph\"><strong>Assista ao trecho completo abaixo:<\/strong><\/p>\n\n\n\n<figure class=\"wp-block-embed is-type-rich is-provider-incorporar-manipulador wp-block-embed-incorporar-manipulador wp-embed-aspect-16-9 wp-has-aspect-ratio\"><div class=\"wp-block-embed__wrapper\">\nhttps:\/\/www.youtube.com\/watch?v=QQd3yjjTvYI?start=1344\n<\/div><\/figure>\n\n\n\n<p class=\"wp-block-paragraph\"><strong>\u25b6\ufe0f\u00a0Inscreva-se nos dois canais do GRANDE PR\u00caMIO no YouTube:\u00a0<a href=\"https:\/\/www.youtube.com\/channel\/UC9OlHEgxoaY6QY6nWPoiqQg?sub_confirmation=1\" target=\"_blank\" rel=\"noreferrer noopener\">GP<\/a>\u00a0|\u00a0<a href=\"https:\/\/www.youtube.com\/channel\/UC9csiS6q_C3C0FYhyr1rnFA?sub_confirmation=1\" target=\"_blank\" rel=\"noreferrer noopener\">GP2<\/a><\/strong><\/p>\n","protected":false},"excerpt":{"rendered":"<p>Niels Wittich foi um dos escolhidos para substituir Michael Masi na dire\u00e7\u00e3o de prova da F\u00f3rmula 1. Gabriel Curty falou sobre as d\u00favidas que tem com o antigo diretor do DTM<\/p>\n","protected":false},"author":0,"featured_media":1000517095,"comment_status":"closed","ping_status":"closed","sticky":false,"template":"","format":"standard","meta":{"42wp_featured_image_caption":"","42wp_featured_image_credits":"","42wp_featured_video":"","42wp_featured_image_hidden":false,"42wp_authors_list":[],"footnotes":""},"categories":[2],"tags":[412,1357,24837,230,1385,30907,1537],"42wp_author":[47119],"class_list":["post-114451","post","type-post","status-publish","format-standard","has-post-thumbnail","hentry","category-f1","tag-dtm","tag-f1-2022","tag-formula-1-2","tag-gabriel-curty","tag-michael-masi","tag-niels-wittich","tag-paddock-gp","42wp_author-gabriel-carvalho"],"_links":{"self":[{"href":"https:\/\/grandepremio.com\/br\/wp-json\/wp\/v2\/posts\/114451","targetHints":{"allow":["GET"]}}],"collection":[{"href":"https:\/\/grandepremio.com\/br\/wp-json\/wp\/v2\/posts"}],"about":[{"href":"https:\/\/grandepremio.com\/br\/wp-json\/wp\/v2\/types\/post"}],"replies":[{"embeddable":true,"href":"https:\/\/grandepremio.com\/br\/wp-json\/wp\/v2\/comments?post=114451"}],"version-history":[{"count":0,"href":"https:\/\/grandepremio.com\/br\/wp-json\/wp\/v2\/posts\/114451\/revisions"}],"wp:featuredmedia":[{"embeddable":true,"href":"https:\/\/grandepremio.com\/br\/wp-json\/wp\/v2\/media\/1000517095"}],"wp:attachment":[{"href":"https:\/\/grandepremio.com\/br\/wp-json\/wp\/v2\/media?parent=114451"}],"wp:term":[{"taxonomy":"category","embeddable":true,"href":"https:\/\/grandepremio.com\/br\/wp-json\/wp\/v2\/categories?post=114451"},{"taxonomy":"post_tag","embeddable":true,"href":"https:\/\/grandepremio.com\/br\/wp-json\/wp\/v2\/tags?post=114451"},{"taxonomy":"42wp_author","embeddable":true,"href":"https:\/\/grandepremio.com\/br\/wp-json\/wp\/v2\/42wp_author?post=114451"}],"curies":[{"name":"wp","href":"https:\/\/api.w.org\/{rel}","templated":true}]}}