{"id":114476,"date":"2022-02-22T07:41:42","date_gmt":"2022-02-22T10:41:42","guid":{"rendered":"https:\/\/grandepremio.com\/br\/noticias\/alphatauri-define-escala-teste-coletivo-barcelona-yuki-tsunoda-sozinho-primeiro-dia\/"},"modified":"2022-02-22T11:06:50","modified_gmt":"2022-02-22T14:06:50","slug":"alphatauri-define-escala-teste-coletivo-barcelona-yuki-tsunoda-sozinho-primeiro-dia","status":"publish","type":"post","link":"https:\/\/grandepremio.com\/br\/f1\/alphatauri-define-escala-teste-coletivo-barcelona-yuki-tsunoda-sozinho-primeiro-dia\/","title":{"rendered":"AlphaTauri define escala para testes de Barcelona com apenas Tsunoda no primeiro dia"},"content":{"rendered":"\n<figure class=\"wp-block-embed is-type-video is-provider-youtube wp-block-embed-youtube wp-embed-aspect-16-9 wp-has-aspect-ratio\"><div class=\"wp-block-embed__wrapper\">\n<iframe loading=\"lazy\" title=\"AS 10 VEZES QUE A FIA INTERFERIU (E MUITO) NAS CORRIDAS DA F\u00d3RMULA 1\" width=\"500\" height=\"281\" src=\"https:\/\/www.youtube.com\/embed\/iLKNPs_-z_Y?feature=oembed\" frameborder=\"0\" allow=\"accelerometer; autoplay; clipboard-write; encrypted-media; gyroscope; picture-in-picture; web-share\" referrerpolicy=\"strict-origin-when-cross-origin\" allowfullscreen><\/iframe>\n<\/div><figcaption>AS 10 VEZES QUE A FIA INTERFERIU (E MUITO) NAS CORRIDAS DA F\u00d3RMULA 1<\/figcaption><\/figure>\n\n\n\n<p class=\"wp-block-paragraph\">A AlphaTauri \u00e9 mais uma das equipes do grid da F\u00f3rmula 1 a definir a escala dos pilotos para a sess\u00e3o de testes coletivos de pr\u00e9-temporada em Barcelona. O an\u00fancio veio na manh\u00e3 desta ter\u00e7a-feira (22), a menos de 24 horas do come\u00e7o das atividades. O time italiano preferiu dar dias completos \u00e0 dupla de pilotos antes de separar os turnos.<\/p>\n\n\n\n<p class=\"wp-block-paragraph\"><strong>\u25b6\ufe0f&nbsp;Inscreva-se nos dois canais do GRANDE PR\u00caMIO no YouTube:&nbsp;<a href=\"https:\/\/www.youtube.com\/channel\/UC9OlHEgxoaY6QY6nWPoiqQg?sub_confirmation=1\" target=\"_blank\" rel=\"noreferrer noopener\">GP<\/a>&nbsp;|&nbsp;<a href=\"https:\/\/www.youtube.com\/channel\/UC9csiS6q_C3C0FYhyr1rnFA?sub_confirmation=1\" target=\"_blank\" rel=\"noreferrer noopener\">GP2<\/a><\/strong><\/p>\n\n\n\n<p class=\"wp-block-paragraph\">Isso quer dizer que nos primeiros dois dias de pista, apenas um dos pilotos do time ir\u00e1 \u00e0 pista. Na quarta-feira, ser\u00e1 Yuki Tsunoda. Ap\u00f3s uma primeira temporada de mais altos que baixos, o japon\u00eas ter\u00e1 a chance de tocar primeiro no b\u00f3lido feito na f\u00e1brica de Faenza.<\/p>\n\n\n\n<p class=\"wp-block-paragraph\">Depois, na quinta-feira, ser\u00e1 a vez de Pierre Gasly passar boa parte das seis horas de atividade na pista &#8211; salvo, claro, qualquer problema no carro. O franc\u00eas retoma as atividades com um t\u00edtulo que jamais algu\u00e9m teve pelo time B da Red Bull, seja como Toro Rosso ou AlphaTauri &#8211; ou na precursora da equipe, a Minardi: foi ao p\u00f3dio pelo menos uma vez por tr\u00eas anos consecutivos.<\/p>\n\n\n\n<figure class=\"wp-block-image size-large\"><img decoding=\"async\" src=\"https:\/\/www.grandepremio.com\/br\/wp-content\/uploads\/2021\/11\/alphatauri-yukitsunoda-01-7-1024x683.jpg\" alt=\"\" class=\"wp-image-526829\"\/><figcaption>Yuki Tsunoda abre os trabalhos na pr\u00e9-temporada (Foto: AlphaTauri)<\/figcaption><\/figure>\n\n\n\n<figure class=\"wp-block-embed is-type-rich is-provider-spotify wp-block-embed-spotify wp-embed-aspect-21-9 wp-has-aspect-ratio\"><div class=\"wp-block-embed__wrapper\">\n<iframe title=\"Spotify Embed: Paddockast #136 | Nova presid\u00eancia da FIA j\u00e1 come\u00e7a a indicar algo na F1?\" style=\"border-radius: 12px\" width=\"100%\" height=\"152\" frameborder=\"0\" allowfullscreen allow=\"autoplay; clipboard-write; encrypted-media; fullscreen; picture-in-picture\" loading=\"lazy\" src=\"https:\/\/open.spotify.com\/embed\/episode\/0Fa33ws0GNtSb6ZSIshOc1?utm_source=oembed\"><\/iframe>\n<\/div><figcaption>Paddockast #136 | Nova presid\u00eancia da FIA j\u00e1 come\u00e7a a indicar algo na F1?<\/figcaption><\/figure>\n\n\n\n<p class=\"wp-block-paragraph\">Para fechar a semana na Catalunha, os dois dividem o carro na sexta-feira: Gasly guia pela manh\u00e3, enquanto Tsunoda fica com a atribui\u00e7\u00e3o durante o per\u00edodo vespertino.<\/p>\n\n\n\n<p class=\"wp-block-paragraph\">Com isso, metade do grid j\u00e1 tornou oficial a programa\u00e7\u00e3o para os testes: <a href=\"https:\/\/www.grandepremio.com\/br\/f1\/noticias\/aston-martin-define-escalacao-dos-pilotos-para-testes-pre-temporada-barcelona\/\">Aston Martin<\/a>, <a href=\"https:\/\/www.grandepremio.com\/br\/f1\/noticias\/haas-anuncia-escalacao-pilotos-pre-temporada-f1-barcelona\/\">Haas<\/a>, <a href=\"https:\/\/www.grandepremio.com\/br\/f1\/noticias\/red-bull-define-cronograma-de-pilotos-para-pre-temporada-da-f1-em-barcelona\/\">Red Bull<\/a>, <a href=\"https:\/\/www.grandepremio.com\/br\/f1\/noticias\/williams-define-escalacao-dos-pilotos-para-pre-temporada-da-f1-em-barcelona\/\">Williams<\/a> e <a href=\"https:\/\/www.grandepremio.com\/br\/f1\/noticias\/alfa-romeo-define-escalacao-de-pilotos-para-pre-temporada-da-f1-em-barcelona\/\">Alfa Romeo<\/a> fizeram o mesmo.<\/p>\n\n\n\n<p class=\"wp-block-paragraph\">Ap\u00f3s Barcelona, os carros v\u00e3o para o Bahrein. A pista de Sakhir encerra a pr\u00e9-temporada &#8211; com testes entre 10 e 12 de mar\u00e7o &#8211; e abre o campeonato de 2022 &#8211; no fim de semana do dia 20 de mar\u00e7o.<\/p>\n\n\n\n<p class=\"wp-block-paragraph\">O <strong>GRANDE PR\u00caMIO<\/strong> acompanha a sess\u00e3o de testes coletivos de Barcelona &#8216;in loco&#8217; com o rep\u00f3rter Eric Calduch. Al\u00e9m disso, segue tudo <a href=\"https:\/\/www.grandepremio.com\/br\/ao-vivo\/f1\/\"><strong>AO VIVO<\/strong> e <strong>EM TEMPO REAL<\/strong><\/a>.<\/p>\n\n\n\n<figure class=\"wp-block-embed is-type-video is-provider-youtube wp-block-embed-youtube wp-embed-aspect-16-9 wp-has-aspect-ratio\"><div class=\"wp-block-embed__wrapper\">\n<iframe loading=\"lazy\" title=\"ALPHATAURI APRESENTA AT03 PARA TEMPORADA 2022 DA F1 | React\" width=\"500\" height=\"281\" src=\"https:\/\/www.youtube.com\/embed\/r8UxrfqKV34?feature=oembed\" frameborder=\"0\" allow=\"accelerometer; autoplay; clipboard-write; encrypted-media; gyroscope; picture-in-picture; web-share\" referrerpolicy=\"strict-origin-when-cross-origin\" allowfullscreen><\/iframe>\n<\/div><figcaption>ALPHATAURI APRESENTA AT03 PARA TEMPORADA 2022 DA F1 | React<br><\/figcaption><\/figure>\n","protected":false},"excerpt":{"rendered":"<p>A AlphaTauri vai para a primeira sess\u00e3o de testes coletivos de pr\u00e9-temporada com dias completos para cada um de seus pilotos<\/p>\n","protected":false},"author":0,"featured_media":1000541782,"comment_status":"closed","ping_status":"closed","sticky":false,"template":"","format":"standard","meta":{"42wp_featured_image_caption":"","42wp_featured_image_credits":"","42wp_featured_video":"","42wp_featured_image_hidden":false,"42wp_authors_list":[],"footnotes":""},"categories":[2],"tags":[524,1357,26841,24836,28288,676,1881,597],"42wp_author":[47120],"class_list":["post-114476","post","type-post","status-publish","format-standard","has-post-thumbnail","hentry","category-f1","tag-alphatauri","tag-f1-2022","tag-formula-1-2022","tag-grande-premio-2","tag-grandepremio-2","tag-pierre-gasly","tag-testes-coletivos","tag-yuki-tsunoda","42wp_author-pedro-henrique-marum"],"_links":{"self":[{"href":"https:\/\/grandepremio.com\/br\/wp-json\/wp\/v2\/posts\/114476","targetHints":{"allow":["GET"]}}],"collection":[{"href":"https:\/\/grandepremio.com\/br\/wp-json\/wp\/v2\/posts"}],"about":[{"href":"https:\/\/grandepremio.com\/br\/wp-json\/wp\/v2\/types\/post"}],"replies":[{"embeddable":true,"href":"https:\/\/grandepremio.com\/br\/wp-json\/wp\/v2\/comments?post=114476"}],"version-history":[{"count":0,"href":"https:\/\/grandepremio.com\/br\/wp-json\/wp\/v2\/posts\/114476\/revisions"}],"wp:featuredmedia":[{"embeddable":true,"href":"https:\/\/grandepremio.com\/br\/wp-json\/wp\/v2\/media\/1000541782"}],"wp:attachment":[{"href":"https:\/\/grandepremio.com\/br\/wp-json\/wp\/v2\/media?parent=114476"}],"wp:term":[{"taxonomy":"category","embeddable":true,"href":"https:\/\/grandepremio.com\/br\/wp-json\/wp\/v2\/categories?post=114476"},{"taxonomy":"post_tag","embeddable":true,"href":"https:\/\/grandepremio.com\/br\/wp-json\/wp\/v2\/tags?post=114476"},{"taxonomy":"42wp_author","embeddable":true,"href":"https:\/\/grandepremio.com\/br\/wp-json\/wp\/v2\/42wp_author?post=114476"}],"curies":[{"name":"wp","href":"https:\/\/api.w.org\/{rel}","templated":true}]}}