{"id":114477,"date":"2022-02-22T07:22:41","date_gmt":"2022-02-22T10:22:41","guid":{"rendered":"https:\/\/grandepremio.com\/br\/noticias\/fernando-alonso-celebra-inicio-nova-era-formula-1-voltei-causa-regulamento\/"},"modified":"2022-02-25T06:14:39","modified_gmt":"2022-02-25T09:14:39","slug":"fernando-alonso-celebra-inicio-nova-era-formula-1-voltei-causa-regulamento","status":"publish","type":"post","link":"https:\/\/grandepremio.com\/br\/f1\/fernando-alonso-celebra-inicio-nova-era-formula-1-voltei-causa-regulamento\/","title":{"rendered":"Alonso celebra in\u00edcio de nova era na F\u00f3rmula 1: \u201cVoltei por causa deste regulamento\u201d"},"content":{"rendered":"\n<figure class=\"wp-block-embed is-type-video is-provider-youtube wp-block-embed-youtube wp-embed-aspect-16-9 wp-has-aspect-ratio\"><div class=\"wp-block-embed__wrapper\">\n<iframe loading=\"lazy\" title=\"ALPINE APRESENTA A522, CARRO PARA A TEMPORADA 2022 DA F\u00d3RMULA 1 | React\" width=\"500\" height=\"281\" src=\"https:\/\/www.youtube.com\/embed\/4zGIbPUkJGg?feature=oembed\" frameborder=\"0\" allow=\"accelerometer; autoplay; clipboard-write; encrypted-media; gyroscope; picture-in-picture; web-share\" referrerpolicy=\"strict-origin-when-cross-origin\" allowfullscreen><\/iframe>\n<\/div><figcaption>ALPINE APRESENTA A522, CARRO PARA A TEMPORADA 2022 DA F\u00d3RMULA 1 | React<\/figcaption><\/figure>\n\n\n\n<p class=\"wp-block-paragraph\">Fernando Alonso n\u00e3o escondeu a anima\u00e7\u00e3o com o in\u00edcio de uma nova era na F\u00f3rmula 1, j\u00e1 que, segundo o espanhol, ele voltou \u00e0 categoria justamente por causa do regulamento que estar\u00e1 em vigor a partir de 2022. O asturiano torce para que a espera de um ano e meio seja recompensada por um campeonato efetivamente mais competitivo.<\/p>\n\n\n\n<p class=\"wp-block-paragraph\">Bicampe\u00e3o da categoria, o piloto da Alpine ficou fora do campeonato em 2019 e 2020, mas voltou no ano passado de olho em um mudan\u00e7a que promete uma F1 mais disputada. \u201cEu voltei para o esporte por causa deste regulamento\u201d, disse Alonso. \u201cEnt\u00e3o foi um ano e meio de espera por esses carros\u201d, comentou.<\/p>\n\n\n\n<figure class=\"wp-block-image size-large\"><img decoding=\"async\" src=\"https:\/\/www.grandepremio.com\/br\/wp-content\/uploads\/2022\/02\/2022-BWT-Alpine-F1-Team-season-launch-Fernando-Alonso-Driver-1008x1024.jpg\" alt=\"\" class=\"wp-image-543325\"\/><figcaption>Fernando Alonso afirmou que passou um ano e meio esperando pelo novo regulamento da F1 (Foto: Alpine)<\/figcaption><\/figure>\n\n\n\n<p class=\"wp-block-paragraph\">\u25b6\ufe0f&nbsp;<strong>Inscreva-se nos dois canais do GRANDE PR\u00caMIO no YouTube:<\/strong>&nbsp;<strong><a href=\"https:\/\/www.youtube.com\/channel\/UC9OlHEgxoaY6QY6nWPoiqQg?sub_confirmation=1\">GP<\/a>&nbsp;|&nbsp;<a href=\"https:\/\/www.youtube.com\/channel\/UC9csiS6q_C3C0FYhyr1rnFA?sub_confirmation=1\">GP2<\/a><\/strong><\/p>\n\n\n\n<p class=\"wp-block-paragraph\"><a href=\"https:\/\/www.grandepremio.com\/br\/f1\/noticias\/alpine-surge-em-azul-e-rosa-e-revela-a522-ousado-para-temporada-2022-da-formula-1\/\">No dia em que a Alpine apresentou o carro para a temporada 2022<\/a>, Alonso se disse otimista, mas reconheceu que \u00e9 cedo para certezas, j\u00e1 que s\u00f3 o GP do Bahrein, em 20 de mar\u00e7o, dar\u00e1 uma imagem mais exata da nova ordem de for\u00e7as. Ainda assim, o veterano frisou que trabalhou bastante para este momento.<\/p>\n\n\n\n<p class=\"wp-block-paragraph\">\u201cEstou mais otimista do que no ano passado, provavelmente porque o novo regulamento d\u00e1 a esperan\u00e7a de que tudo pode mudar e voc\u00ea pode ser competitivo desde a primeira corrida\u201d, frisou. \u201c\u00c9 bom estar de volta. Trabalhei duro para esta nova temporada. Foi uma longa espera depois que a mudan\u00e7a de regulamento foi adiada pela pandemia\u201d, comentou.<\/p>\n\n\n\n<p class=\"wp-block-paragraph\">O regulamento proposto pela FIA tem como objetivo produzir corridas mais disputadas, n\u00e3o s\u00f3 por meio de uma mudan\u00e7a completa no design dos carros, mas tamb\u00e9m por uma limita\u00e7\u00e3o maior nos gastos das equipes.<\/p>\n\n\n\n<p class=\"wp-block-paragraph\">\u201cO carro parece fant\u00e1stico com as novas regras em vigor e eu gosto da nova pintura. Temos um novo motor e estamos confiantes de que tivemos um bom desenvolvimento com essa nova gera\u00e7\u00e3o de carros. N\u00e3o saberemos onde todos est\u00e3o at\u00e9 o Bahrein, mas estamos empolgados em levar o carro para o primeiro teste nesta semana\u201d, declarou. \u201cEspero que este novo regulamento tenha funcionado e traga corridas mais empolgantes neste ano\u201d, completou.<\/p>\n\n\n\n<figure class=\"wp-block-embed is-type-video is-provider-youtube wp-block-embed-youtube wp-embed-aspect-16-9 wp-has-aspect-ratio\"><div class=\"wp-block-embed__wrapper\">\n<iframe loading=\"lazy\" title=\"F\u00d3RMULA 1 2022: HAMILTON NO ATAQUE + O QUE VEM POR A\u00cd NA PR\u00c9-TEMPORADA | Paddock GP #275\" width=\"500\" height=\"281\" src=\"https:\/\/www.youtube.com\/embed\/QQd3yjjTvYI?feature=oembed\" frameborder=\"0\" allow=\"accelerometer; autoplay; clipboard-write; encrypted-media; gyroscope; picture-in-picture; web-share\" referrerpolicy=\"strict-origin-when-cross-origin\" allowfullscreen><\/iframe>\n<\/div><figcaption>F\u00d3RMULA 1 2022: HAMILTON NO ATAQUE + O QUE VEM POR A\u00cd NA PR\u00c9-TEMPORADA | Paddock GP&nbsp;<a href=\"https:\/\/www.youtube.com\/hashtag\/275\">#275<\/a><\/figcaption><\/figure>\n","protected":false},"excerpt":{"rendered":"<p>Asturiano comentou que passou um ano e meio esperando pela ado\u00e7\u00e3o das novas regras e torceu para que a mudan\u00e7a resulte efetivamente em uma F\u00f3rmula 1 mais competitiva<\/p>\n","protected":false},"author":0,"featured_media":1000543248,"comment_status":"closed","ping_status":"closed","sticky":false,"template":"","format":"standard","meta":{"42wp_featured_image_caption":"","42wp_featured_image_credits":"","42wp_featured_video":"","42wp_featured_image_hidden":false,"42wp_authors_list":[],"footnotes":""},"categories":[2],"tags":[29394,147,1357,176,24837,26841,30732],"42wp_author":[47113],"class_list":["post-114477","post","type-post","status-publish","format-standard","has-post-thumbnail","hentry","category-f1","tag-calendario-formula-1-2022","tag-f1","tag-f1-2022","tag-fernando-alonso","tag-formula-1-2","tag-formula-1-2022","tag-formula-1-classificacao-2022","42wp_author-juliana-tesser"],"_links":{"self":[{"href":"https:\/\/grandepremio.com\/br\/wp-json\/wp\/v2\/posts\/114477","targetHints":{"allow":["GET"]}}],"collection":[{"href":"https:\/\/grandepremio.com\/br\/wp-json\/wp\/v2\/posts"}],"about":[{"href":"https:\/\/grandepremio.com\/br\/wp-json\/wp\/v2\/types\/post"}],"replies":[{"embeddable":true,"href":"https:\/\/grandepremio.com\/br\/wp-json\/wp\/v2\/comments?post=114477"}],"version-history":[{"count":0,"href":"https:\/\/grandepremio.com\/br\/wp-json\/wp\/v2\/posts\/114477\/revisions"}],"wp:featuredmedia":[{"embeddable":true,"href":"https:\/\/grandepremio.com\/br\/wp-json\/wp\/v2\/media\/1000543248"}],"wp:attachment":[{"href":"https:\/\/grandepremio.com\/br\/wp-json\/wp\/v2\/media?parent=114477"}],"wp:term":[{"taxonomy":"category","embeddable":true,"href":"https:\/\/grandepremio.com\/br\/wp-json\/wp\/v2\/categories?post=114477"},{"taxonomy":"post_tag","embeddable":true,"href":"https:\/\/grandepremio.com\/br\/wp-json\/wp\/v2\/tags?post=114477"},{"taxonomy":"42wp_author","embeddable":true,"href":"https:\/\/grandepremio.com\/br\/wp-json\/wp\/v2\/42wp_author?post=114477"}],"curies":[{"name":"wp","href":"https:\/\/api.w.org\/{rel}","templated":true}]}}