{"id":114485,"date":"2022-02-21T14:55:00","date_gmt":"2022-02-21T17:55:00","guid":{"rendered":"https:\/\/grandepremio.com\/br\/noticias\/alpine-surge-em-azul-e-rosa-e-revela-a522-ousado-para-temporada-2022-da-formula-1\/"},"modified":"2022-02-21T16:18:24","modified_gmt":"2022-02-21T19:18:24","slug":"alpine-surge-em-azul-e-rosa-e-revela-a522-ousado-para-temporada-2022-da-formula-1","status":"publish","type":"post","link":"https:\/\/grandepremio.com\/br\/f1\/alpine-surge-em-azul-e-rosa-e-revela-a522-ousado-para-temporada-2022-da-formula-1\/","title":{"rendered":"Alpine surge em azul e rosa e revela A522 ousado para temporada 2022 da F\u00f3rmula 1"},"content":{"rendered":"\n<figure class=\"wp-block-embed is-type-video is-provider-youtube wp-block-embed-youtube wp-embed-aspect-16-9 wp-has-aspect-ratio\"><div class=\"wp-block-embed__wrapper\">\n<iframe loading=\"lazy\" title=\"ALPINE APRESENTA A522, CARRO PARA A TEMPORADA 2022 DA F\u00d3RMULA 1 | React\" width=\"500\" height=\"281\" src=\"https:\/\/www.youtube.com\/embed\/4zGIbPUkJGg?feature=oembed\" frameborder=\"0\" allow=\"accelerometer; autoplay; clipboard-write; encrypted-media; gyroscope; picture-in-picture; web-share\" referrerpolicy=\"strict-origin-when-cross-origin\" allowfullscreen><\/iframe>\n<\/div><\/figure>\n\n\n\n<p class=\"wp-block-paragraph\">Depois de Alpha Tauri, Williams, Ferrari e Mercedes na \u00faltima semana, a F\u00f3rmula 1 entra na reta final de lan\u00e7amentos dos carros para a temporada de 2022. A Alpine abriu os trabalhos, j\u00e1 nesta segunda-feira (21), com a A522. O novo modelo da equipe francesa surgiu com linhas interessantes e em um projeto que apresentou um olhar um pouco diferente sobre alguns elementos do novo regulamento. A dupla de pilotos segue a mesma, com o experiente Fernando Alonso e o jovem Esteban Ocon. <\/p>\n\n\n\n<p class=\"wp-block-paragraph\">Uma novidade j\u00e1 esperada &#8211; e confirmada agora &#8211; no carro gaul\u00eas \u00e9 <a href=\"https:\/\/www.grandepremio.com\/br\/f1\/noticias\/alpine-acerta-patrocinio-bwt-leva-rosa-carros-fernando-alonso-esteban-ocon\/\">a estampa da companhia austr\u00edaca BWT<\/a>, antiga patrocinadora da Force India (que viria a se tornar Racing Point). A inser\u00e7\u00e3o da caracter\u00edstica cor rosa da empresa de sistemas de tratamento de \u00e1gua se fez presente na apresenta\u00e7\u00e3o. Na verdade, a esquadra vai usar duas vers\u00f5es diferentes: o rosa predominante na abertura da temporada e a combina\u00e7\u00e3o pink-azul met\u00e1lico no restante da temporada &#8211; essa revelada durante o evento. <\/p>\n\n\n\n<p class=\"wp-block-paragraph\">O lan\u00e7amento aconteceu em Paris e contou com os principais nomes da marca francesa. Quem primeiro falou sobre a nova temporada da F1 e a expectiva diante de um regulamento completamente difente foi Luca de Meo, CEO da Renault. &#8220;\u00c9 uma forma de mostrar o qu\u00e3o pr\u00f3xima a Alpine e o projeto da F\u00f3rmula 1 est\u00e3o com o cora\u00e7\u00e3o da empresa, historicamente sediado aqui em Paris. N\u00f3s somos o time que defende a cor azul, que historicamente s\u00e3o as cores do esporte a motor franc\u00eas. Eu dira que agora azul e rosa, com a corpora\u00e7\u00e3o de Andreas, ent\u00e3o \u00e9 &#8216;La vie en Rose&#8217; azul. \u00c9 \u00f3timo estar aqui e estou ansioso para o come\u00e7o da temporada&#8221;, afirmou.<\/p>\n\n\n\n<p class=\"wp-block-paragraph\">&#8220;Acho que a equipe fez um grande trabalho no ano passado, tivemos de aprender muitas coisas, tomar muitas decis\u00f5es para estruturar a organiza\u00e7\u00e3o, entender qual era a estrat\u00e9gia, investimentos, mas acho que eles fizeram um grande trabalho. O que eu realmente gostei foi o esp\u00edrito que eu vi se desenvolver, e uma das imagens que mais gosto da temporada \u00e9 o Fernando abra\u00e7ando o Esteban quando ele ganhou e esse esp\u00edrito \u00e9 exatamente o tipo de esp\u00edrito que quero ver na equipe, porque competitividade \u00e9 ok, mas n\u00f3s temos que jogar limpo e a irmandade \u00e9 importante para unir os membros da equipe, \u00e9 importante para mim&#8221;, completou o executivo.<\/p>\n\n\n\n<p class=\"wp-block-paragraph\">\u25b6\ufe0f&nbsp;<strong>Inscreva-se nos dois canais do GRANDE PR\u00caMIO no YouTube:<\/strong>&nbsp;<strong><a href=\"https:\/\/www.youtube.com\/channel\/UC9OlHEgxoaY6QY6nWPoiqQg?sub_confirmation=1\">GP<\/a>&nbsp;|&nbsp;<a href=\"https:\/\/www.youtube.com\/channel\/UC9csiS6q_C3C0FYhyr1rnFA?sub_confirmation=1\">GP2<\/a><\/strong><\/p>\n\n\n\n<figure class=\"wp-block-image size-large\"><img decoding=\"async\" src=\"https:\/\/www.grandepremio.com\/br\/wp-content\/uploads\/2022\/02\/Alpine-3-1024x576.jpg\" alt=\"\" class=\"wp-image-543237\"\/><figcaption>Alpine lan\u00e7ou o A522 nesta segunda-feira (Foto: Alpine)<\/figcaption><\/figure>\n\n\n\n<p class=\"wp-block-paragraph\">A Alpine chega para a nova temporada com uma profunda reestrutura\u00e7\u00e3o em seu departamento t\u00e9cnico. Ap\u00f3s <a href=\"https:\/\/www.grandepremio.com\/br\/f1\/noticias\/alpine-dispensa-diretor-executivo-marcin-budkowski-abre-portas-para-chegada-otmar-szafnauer\/\">dispensar o diretor-executivo polon\u00eas Marcin Budkowski em janeiro passado<\/a>, o time azul <a href=\"https:\/\/www.grandepremio.com\/br\/f1\/noticias\/alpine-confirma-chegada-otmar-szafnauer-como-novo-chefe-equipe-f1\/\">oficializou a aguardada chegada de Otmar Szafnauer<\/a>, ex-Aston Martin, como novo chefe de equipe. &#8220;Eu apenas sei como essa equipe \u00e9 boa e, de fato, o qu\u00e3o bons eles se tornaram. Todos os f\u00e1brica, os dois pilotos, s\u00e3o muito fortes e estou animado por entrar nesse grupo&#8221;, disse Szafnauer.<\/p>\n\n\n\n<p class=\"wp-block-paragraph\">\u201cEstou animado em trabalhar com todos para alcan\u00e7ar o nosso desafio: levar o time para brigar pelo t\u00edtulo em at\u00e9 100 corridas. Minha aten\u00e7\u00e3o \u00e9 focada em preparar o come\u00e7o da temporada no Bahrein. Como uma das tr\u00eas equipes de f\u00e1brica da F\u00f3rmula 1, a Alpine est\u00e1 preparada para alcan\u00e7ar sua ambi\u00e7\u00e3o, mal posso esperar para come\u00e7ar a jornada\u201d, declarou o romeno.<\/p>\n\n\n\n<p class=\"wp-block-paragraph\">Al\u00e9m de Szafnauer, a Alpine tamb\u00e9m anunciou a vinda de Bruno Famin como novo diretor-t\u00e9cnico da f\u00e1brica francesa, localizada em Viry-Ch\u00e2tillon. Famin &#8211; que era secret\u00e1rio-geral adjunto esportivo na FIA &#8211; substitui Pat Fry na fun\u00e7\u00e3o, <a href=\"https:\/\/www.grandepremio.com\/br\/f1\/noticias\/alpine-reorganiza-departamento-tecnico-antes-do-comeco-da-temporada-2022-da-f1\/\">j\u00e1 que o engenheiro de 57 anos passar\u00e1 a chefiar o corpo t\u00e9cnico da equipe francesa<\/a>.<\/p>\n\n\n\n<p class=\"wp-block-paragraph\">Ali\u00e1s, \u00e9 Fry quem assina o projeto do A522. O ex-engenheiro idealizou linhas mais atrevidas, com um bico alongado, sob a asa dianteira. As entradas de ar laterais s\u00e3o menores do que as vistas na Mercedes, por exemplo, e h\u00e1 uma solu\u00e7\u00e3o diferente nos sidepods. \u00c9 um carro menor tamb\u00e9m, muito semelhante ao que faz a Red Bull no que diz respeito \u00e0 dist\u00e2ncia entre-eixos. <\/p>\n\n\n\n<p class=\"wp-block-paragraph\">A cobertura do motor ganhou pequenas aberturas, enquanto a Renault entrega a promessa de um motor muito mais forte. Como outras equipes, a suspens\u00e3o dianteira manteve o sistema pushrod, enquanto a traseira foi remodelada. <\/p>\n\n\n\n<p class=\"wp-block-paragraph\"><strong>VEJA TAMB\u00c9M<\/strong><br>#&nbsp;<strong><a href=\"https:\/\/www.grandepremio.com\/br\/f1\/noticias\/pierre-gasly-ve-lewis-hamilton-maior-historia-mas-diz-terminaria-ultimo-haas\/\">Gasly v\u00ea Hamilton como maior da hist\u00f3ria, mas diz: \u201cTerminaria em \u00faltimo na Haas\u201d<\/a><\/strong><\/p>\n\n\n\n<figure class=\"wp-block-image size-large\"><img decoding=\"async\" src=\"https:\/\/www.grandepremio.com\/br\/wp-content\/uploads\/2022\/02\/Alpine-2-1024x576.jpg\" alt=\"\" class=\"wp-image-543236\"\/><figcaption>Alpine ganhou tons de rosa por conta do novo patrocinador (Foto: Alpine)<\/figcaption><\/figure>\n\n\n\n<p class=\"wp-block-paragraph\">Outra mudan\u00e7a estrutural no time azul e rosa foi a realoca\u00e7\u00e3o de cargo de Davide Brivio, antigo chefe da Suzuki na MotoGP. Contratado em 2021 para ser diretor de corridas, o italiano foi realocado ao posto de diretor de projetos de expans\u00e3o. Al\u00e9m disso, Matt Harman, ex-diretor de engenharia da Alpine, foi promovido para diretor-t\u00e9cnico da equipe.<\/p>\n\n\n\n<p class=\"wp-block-paragraph\">\u201cPara tratar de todas essas mudan\u00e7as e continuar progredindo, o que n\u00f3s fizemos foi refor\u00e7ar consideravelmente o time. Foi muito fortalecido o lado t\u00e9cnico, primeira e majoritariamente, o carro, n\u00f3s contratamos o Pat Fry e temos um novo diretor t\u00e9cnico, Matt Harman, estes dois v\u00e3o formar uma dupla muito forte e que se complementa que ser\u00e1 muito capaz de gerenciar as opera\u00e7\u00f5es t\u00e9cnicas e o desenvolvimento de performance dentro e fora da pista. E isto \u00e9 realmente um elenco essencial da performance&#8221;, explicou Laurent Rossi, CEO da Alpine, durante a apresenta\u00e7\u00e3o.<\/p>\n\n\n\n<p class=\"wp-block-paragraph\">&#8220;Em Viry, temos o Bruno Famin dirigindo as opera\u00e7\u00f5es da unidade de pot\u00eancia, o seu trabalho ser\u00e1, claro, apoiar a F\u00f3rmula 1 e o desenvolvimento do atual motor, mas tamb\u00e9m para as futuras regras. Mas tamb\u00e9m para entregar unidades de pot\u00eancia de alta performance para todas as nossas unidades. Por fim, mas n\u00e3o menos importante, estamos muito felizes de ter conosco o Otmar Szafnauer como novo chefe de equipe. Otmar vai trazer conhecimento, experi\u00eancia, lideran\u00e7a provada e habilidades de constru\u00e7\u00e3o de grupo muito necess\u00e1rias para nos elevar ao pr\u00f3ximo n\u00edvel. Ent\u00e3o voc\u00ea v\u00ea que nosso time A \u00e9 liderado por pessoas classe A&#8221;, emendou.<\/p>\n\n\n\n<figure class=\"wp-block-image size-large\"><img decoding=\"async\" src=\"https:\/\/www.grandepremio.com\/br\/wp-content\/uploads\/2022\/02\/FMIVUsKWUAM54fq-1024x576.jpeg\" alt=\"\" class=\"wp-image-543248\"\/><figcaption>A vers\u00e3o que vai abrir da temporada (Foto: Alpine)<\/figcaption><\/figure>\n\n\n\n<p class=\"wp-block-paragraph\">Em 2021, a equipe &#8211; <a href=\"https:\/\/www.grandepremio.com\/br\/f1\/noticias\/esteban-ocon-vitoria-inacreditavel-gp-da-hungria-caotico-memoravel-formula-1\/\">que venceu o GP da Hungria, com Ocon<\/a> &#8211; terminou na quinta coloca\u00e7\u00e3o da tabela, tendo somado 155 pontos, 13 \u00e0 frente da Alpha Tauri e 120 atr\u00e1s da McLaren. Para conseguir o objetivo de demonstrar clara evolu\u00e7\u00e3o em rela\u00e7\u00e3o ao ano passado, a Alpine segue apostando na combina\u00e7\u00e3o experi\u00eancia e juventudo. Enquanto o franc\u00eas venceu de maneira surpreendente em Hungaroring, o melhor resultado do bicampe\u00e3o mundial foi um honroso p\u00f3dio no Catar, antepen\u00faltimo Grande Pr\u00eamio da temporada.<\/p>\n\n\n\n<p class=\"wp-block-paragraph\">&#8220;Eu voltei ao esporte por causa desse novo regulamento, foi um ano e meio de espera, ent\u00e3o estamos muito otimistas. Acho que a equipe fez um \u00f3timo trabalho e estamos prontos&#8221;, afirmou Alonso, que retornou \u00e0 f\u00f3rmula 1 na temporada passada.<\/p>\n\n\n\n<p class=\"wp-block-paragraph\">O lan\u00e7amento da A522 foi o \u00faltimo antes do in\u00edcio da primeira jornada de testes da pr\u00e9-temporada da categoria, em Barcelona, na Catalunha. As sess\u00f5es em territ\u00f3rio europeu ir\u00e3o acontecer na quarta, quinta e sexta-feira (23 at\u00e9 25). Depois, a F1 segue com uma segunda sess\u00e3o, no Bahrein, entre 10 e 12 de mar\u00e7o. No fim de semana seguinte, dos dias 18-20 de mar\u00e7o, o campeonato come\u00e7a para valer com o GP barenita.<\/p>\n\n\n\n<figure class=\"wp-block-embed is-type-video is-provider-youtube wp-block-embed-youtube wp-embed-aspect-16-9 wp-has-aspect-ratio\"><div class=\"wp-block-embed__wrapper\">\n<iframe loading=\"lazy\" title=\"F\u00d3RMULA 1: \u00c9 HORA DE ACABAR COM OS LAN\u00c7AMENTOS DE CARROS?\" width=\"500\" height=\"281\" src=\"https:\/\/www.youtube.com\/embed\/OV-fqojvd7M?feature=oembed\" frameborder=\"0\" allow=\"accelerometer; autoplay; clipboard-write; encrypted-media; gyroscope; picture-in-picture; web-share\" referrerpolicy=\"strict-origin-when-cross-origin\" allowfullscreen><\/iframe>\n<\/div><figcaption>F\u00d3RMULA 1: \u00c9 HORA DE ACABAR COM OS LAN\u00c7AMENTOS DE CARROS?<\/figcaption><\/figure>\n\n\n\n<p class=\"wp-block-paragraph\"><\/p>\n","protected":false},"excerpt":{"rendered":"<p>Em um evento em Paris, a Alpine trouxe ao mundo o modelo A522 para a temporada 2022 da F1. O carro ganhou toques de rosa na cl\u00e1ssica pintura azul<\/p>\n","protected":false},"author":0,"featured_media":1000543235,"comment_status":"closed","ping_status":"closed","sticky":false,"template":"","format":"standard","meta":{"42wp_featured_image_caption":"","42wp_featured_image_credits":"","42wp_featured_video":"","42wp_featured_image_hidden":false,"42wp_authors_list":[],"footnotes":""},"categories":[2],"tags":[20491,302,147,1357,176,24837,26841,30732],"42wp_author":[47115,47143],"class_list":["post-114485","post","type-post","status-publish","format-standard","has-post-thumbnail","hentry","category-f1","tag-alpine","tag-esteban-ocon","tag-f1","tag-f1-2022","tag-fernando-alonso","tag-formula-1-2","tag-formula-1-2022","tag-formula-1-classificacao-2022","42wp_author-evelyn-guimaraes","42wp_author-felipe-leite"],"_links":{"self":[{"href":"https:\/\/grandepremio.com\/br\/wp-json\/wp\/v2\/posts\/114485","targetHints":{"allow":["GET"]}}],"collection":[{"href":"https:\/\/grandepremio.com\/br\/wp-json\/wp\/v2\/posts"}],"about":[{"href":"https:\/\/grandepremio.com\/br\/wp-json\/wp\/v2\/types\/post"}],"replies":[{"embeddable":true,"href":"https:\/\/grandepremio.com\/br\/wp-json\/wp\/v2\/comments?post=114485"}],"version-history":[{"count":0,"href":"https:\/\/grandepremio.com\/br\/wp-json\/wp\/v2\/posts\/114485\/revisions"}],"wp:featuredmedia":[{"embeddable":true,"href":"https:\/\/grandepremio.com\/br\/wp-json\/wp\/v2\/media\/1000543235"}],"wp:attachment":[{"href":"https:\/\/grandepremio.com\/br\/wp-json\/wp\/v2\/media?parent=114485"}],"wp:term":[{"taxonomy":"category","embeddable":true,"href":"https:\/\/grandepremio.com\/br\/wp-json\/wp\/v2\/categories?post=114485"},{"taxonomy":"post_tag","embeddable":true,"href":"https:\/\/grandepremio.com\/br\/wp-json\/wp\/v2\/tags?post=114485"},{"taxonomy":"42wp_author","embeddable":true,"href":"https:\/\/grandepremio.com\/br\/wp-json\/wp\/v2\/42wp_author?post=114485"}],"curies":[{"name":"wp","href":"https:\/\/api.w.org\/{rel}","templated":true}]}}