{"id":114488,"date":"2022-02-21T12:24:18","date_gmt":"2022-02-21T15:24:18","guid":{"rendered":"https:\/\/grandepremio.com\/br\/noticias\/nissan-fecha-com-alianca-mercedes-mclaren-para-fornecer-motores-a-partir-de-2023\/"},"modified":"2022-02-21T15:02:25","modified_gmt":"2022-02-21T18:02:25","slug":"nissan-fecha-com-alianca-mercedes-mclaren-para-fornecer-motores-a-partir-de-2023","status":"publish","type":"post","link":"https:\/\/grandepremio.com\/br\/formula-e\/nissan-fecha-com-alianca-mercedes-mclaren-para-fornecer-motores-a-partir-de-2023\/","title":{"rendered":"Nissan fecha com alian\u00e7a Mercedes-McLaren para fornecer motores a partir de 2023"},"content":{"rendered":"\n<figure class=\"wp-block-embed is-type-video is-provider-youtube wp-block-embed-youtube wp-embed-aspect-16-9 wp-has-aspect-ratio\"><div class=\"wp-block-embed__wrapper\">\n<iframe loading=\"lazy\" title=\"AS 10 VEZES QUE A FIA INTERFERIU (E MUITO) NAS CORRIDAS DA F\u00d3RMULA 1\" width=\"500\" height=\"281\" src=\"https:\/\/www.youtube.com\/embed\/iLKNPs_-z_Y?feature=oembed\" frameborder=\"0\" allow=\"accelerometer; autoplay; clipboard-write; encrypted-media; gyroscope; picture-in-picture; web-share\" referrerpolicy=\"strict-origin-when-cross-origin\" allowfullscreen><\/iframe>\n<\/div><figcaption>AS 10 VEZES QUE A FIA INTERFERIU (E MUITO) NAS CORRIDAS DA F\u00d3RMULA 1<\/figcaption><\/figure>\n\n\n\n<p class=\"wp-block-paragraph\">A Mercedes j\u00e1 anunciou que vai deixar de ser uma equipe de f\u00e1brica na F\u00f3rmula E ao final da atual temporada, e a Nissan fechou acordo para ser a respons\u00e1vel por fornecer o trem de for\u00e7a do time na estreia dos carros Gen3, em 2023. Apesar da confirma\u00e7\u00e3o de que vai abandonar a produ\u00e7\u00e3o de pe\u00e7as na categoria, o time alem\u00e3o permanecer\u00e1 no grid e busca envolver a McLaren em parceria para o pr\u00f3ximo ano \u2014 em conversas que v\u00eam evoluindo nos \u00faltimos meses, de acordo com o portal The Race.<\/p>\n\n\n\n<p class=\"wp-block-paragraph\">O ve\u00edculo adiantou que o acordo entre a Nissan e a equipe que ser\u00e1 formada ap\u00f3s a partida da Mercedes \u2014 que ainda n\u00e3o possui um nome definido \u2014 foi fechado recentemente e aguarda uma inscri\u00e7\u00e3o oficial para a pr\u00f3xima temporada da F\u00f3rmula E. O v\u00ednculo ser\u00e1 v\u00e1lido por toda a Era Gen3, o que compreende os anos de 2023 a 2026.<\/p>\n\n\n\n<p class=\"wp-block-paragraph\"><strong>\u25b6\ufe0f&nbsp;Inscreva-se nos dois canais do GRANDE PR\u00caMIO no YouTube:&nbsp;<a href=\"https:\/\/www.youtube.com\/channel\/UC9OlHEgxoaY6QY6nWPoiqQg?sub_confirmation=1\" target=\"_blank\" rel=\"noreferrer noopener\">GP<\/a>&nbsp;|&nbsp;<a href=\"https:\/\/www.youtube.com\/channel\/UC9csiS6q_C3C0FYhyr1rnFA?sub_confirmation=1\" target=\"_blank\" rel=\"noreferrer noopener\">GP2<\/a><\/strong><\/p>\n\n\n\n<figure class=\"wp-block-image size-large\"><img decoding=\"async\" src=\"https:\/\/www.grandepremio.com\/br\/wp-content\/uploads\/2022\/02\/3-EPS803_003958SMG_1802-1024x683.jpg\" alt=\"\" class=\"wp-image-541716\"\/><figcaption>Mercedes \u00e9 a atual campe\u00e3 da F\u00f3rmula E com Nyck De Vries (Foto: FIA F\u00f3rmula E)<\/figcaption><\/figure>\n\n\n\n<p class=\"wp-block-paragraph\">Ainda no m\u00eas de janeiro, durante a primeira etapa da temporada 2021\/2022, em Diriyah, o diretor da Nissan, Tommaso Volpe, havia adiantado que a equipe buscava um cliente para fornecer motores a partir do pr\u00f3ximo ano.<\/p>\n\n\n\n<p class=\"wp-block-paragraph\">&#8220;Estamos gerenciando toda a situa\u00e7\u00e3o de uma forma em que possamos fornecer [os trens de for\u00e7a]&#8221;, revelou no final de semana da corrida \u00e1rabe. <a href=\"https:\/\/www.grandepremio.com\/br\/formula-e\/noticias\/nissan-e-mahindra-admitem-desejo-de-fornecer-motor-para-equipes-clientes-na-formula-e\/\" target=\"_blank\" rel=\"noreferrer noopener\">Apesar de negar o fechamento do acordo, a uni\u00e3o j\u00e1 era esperada.<\/a><\/p>\n\n\n\n<p class=\"wp-block-paragraph\">Por fim, entra a McLaren. Enquanto a Mercedes trabalha para concluir a mudan\u00e7a de f\u00e1brica para Brackley, na Inglaterra \u2014 tamb\u00e9m utilizada pela F\u00f3rmula 1 \u2014, as conversas para que a equipe brit\u00e2nica assuma as opera\u00e7\u00f5es v\u00e3o cada vez mais tomando forma.<\/p>\n\n\n\n<p class=\"wp-block-paragraph\">Existe a possibilidade de que a equipe corra sob o nome McLaren j\u00e1 a partir da pr\u00f3xima temporada, conforme indicam conversas entre o time alem\u00e3o e Zak Brown, CEO da equipe inglesa. No entanto, o lado comercial ainda \u00e9 um entrave e impede a concretiza\u00e7\u00e3o do acordo, segundo uma fonte pr\u00f3xima \u00e0s tratativas.<\/p>\n\n\n\n<figure class=\"wp-block-image size-large\"><img decoding=\"async\" src=\"https:\/\/www.grandepremio.com\/br\/wp-content\/uploads\/2020\/05\/E_GHBKoWUAcSvEh-1024x683.jpg\" alt=\"LANDO NORRIS; ZAK BROWN; DANIEL RICCIARDO; MCLAREN; P\u00d3DIO; GP DA IT\u00c1LIA;\" class=\"wp-image-508575\"\/><figcaption>McLaren de Zak Brown conversa para entrar na F\u00f3rmula E em parceria com a Mercedes (Foto: McLaren)<\/figcaption><\/figure>\n\n\n\n<p class=\"wp-block-paragraph\">Caso os planos sigam adiante, a McLaren buscaria absorver os funcion\u00e1rios da f\u00e1brica atual da Mercedes, de forma que a marca alem\u00e3 consiga sair da categoria e ao mesmo tempo permane\u00e7a de outra forma \u2014 em nomenclatura que envolveria o time de Woking. Uma possibilidade \u00e9 de que os mesmos funcion\u00e1rios sejam novamente realocados, desta vez para a f\u00e1brica inglesa.<\/p>\n\n\n\n<p class=\"wp-block-paragraph\">Vale destacar que as rela\u00e7\u00f5es comerciais de Mercedes e McLaren indicam um poss\u00edvel investidor em comum, o que pode auxiliar no sucesso da opera\u00e7\u00e3o. Enquanto o time alem\u00e3o mant\u00e9m parceria com a cidade futur\u00edstica \u00e1rabe NEOM, o Fundo de Investimento P\u00fablico da Ar\u00e1bia Saudita \u2014 que injeta dinheiro diretamente nos planos para a cidade \u2014 possui uma parte nas a\u00e7\u00f5es da marca inglesa.<\/p>\n\n\n\n<p class=\"wp-block-paragraph\">Por fim, \u00e9 esperado que o chefe da Mercedes, Ian James, continue na fun\u00e7\u00e3o em caso de acerto entre as partes. As regras da FIA exigem que os times homologuem suas candidaturas para a pr\u00f3xima temporada at\u00e9 o m\u00eas de setembro, mas os principais detalhes sobre o formato da alian\u00e7a entre as equipes ser\u00e3o conhecidos antes.<\/p>\n","protected":false},"excerpt":{"rendered":"<p>Nissan fecha acordo e vai fornecer trens de for\u00e7a para alian\u00e7a Mercedes-McLaren, ainda a ser fechada na F\u00f3rmula E. V\u00ednculo vale por toda a Era Gen3, de 2023 a 2026<\/p>\n","protected":false},"author":0,"featured_media":1000485510,"comment_status":"closed","ping_status":"closed","sticky":false,"template":"","format":"standard","meta":{"42wp_featured_image_caption":"","42wp_featured_image_credits":"","42wp_featured_video":"","42wp_featured_image_hidden":false,"42wp_authors_list":[],"footnotes":""},"categories":[19],"tags":[379,27903,840,28327,24836,28285,90,82,894,311],"42wp_author":[47142],"class_list":["post-114488","post","type-post","status-publish","format-standard","has-post-thumbnail","hentry","category-formula-e","tag-fe","tag-fe-2022","tag-formula-e","tag-formula-e-2022","tag-grande-premio-2","tag-grandepremio","tag-mclaren","tag-mercedes","tag-nissan","tag-parceria","42wp_author-jp-nascimento"],"_links":{"self":[{"href":"https:\/\/grandepremio.com\/br\/wp-json\/wp\/v2\/posts\/114488","targetHints":{"allow":["GET"]}}],"collection":[{"href":"https:\/\/grandepremio.com\/br\/wp-json\/wp\/v2\/posts"}],"about":[{"href":"https:\/\/grandepremio.com\/br\/wp-json\/wp\/v2\/types\/post"}],"replies":[{"embeddable":true,"href":"https:\/\/grandepremio.com\/br\/wp-json\/wp\/v2\/comments?post=114488"}],"version-history":[{"count":0,"href":"https:\/\/grandepremio.com\/br\/wp-json\/wp\/v2\/posts\/114488\/revisions"}],"wp:featuredmedia":[{"embeddable":true,"href":"https:\/\/grandepremio.com\/br\/wp-json\/wp\/v2\/media\/1000485510"}],"wp:attachment":[{"href":"https:\/\/grandepremio.com\/br\/wp-json\/wp\/v2\/media?parent=114488"}],"wp:term":[{"taxonomy":"category","embeddable":true,"href":"https:\/\/grandepremio.com\/br\/wp-json\/wp\/v2\/categories?post=114488"},{"taxonomy":"post_tag","embeddable":true,"href":"https:\/\/grandepremio.com\/br\/wp-json\/wp\/v2\/tags?post=114488"},{"taxonomy":"42wp_author","embeddable":true,"href":"https:\/\/grandepremio.com\/br\/wp-json\/wp\/v2\/42wp_author?post=114488"}],"curies":[{"name":"wp","href":"https:\/\/api.w.org\/{rel}","templated":true}]}}