{"id":114528,"date":"2022-02-18T17:59:23","date_gmt":"2022-02-18T20:59:23","guid":{"rendered":"https:\/\/grandepremio.com\/br\/noticias\/andretti-entra-pedido-fia-formar-nova-equipe-f1-a-partir-de-2024\/"},"modified":"2022-02-18T18:30:15","modified_gmt":"2022-02-18T21:30:15","slug":"andretti-entra-pedido-fia-formar-nova-equipe-f1-a-partir-de-2024","status":"publish","type":"post","link":"https:\/\/grandepremio.com\/br\/f1\/andretti-entra-pedido-fia-formar-nova-equipe-f1-a-partir-de-2024\/","title":{"rendered":"Andretti entra com pedido na FIA para formar nova equipe na F1 a partir de 2024"},"content":{"rendered":"\n<figure class=\"wp-block-embed is-type-video is-provider-youtube wp-block-embed-youtube wp-embed-aspect-16-9 wp-has-aspect-ratio\"><div class=\"wp-block-embed__wrapper\">\n<iframe loading=\"lazy\" title=\"ANDRETTI -SAUBER NA F1: AFINAL, O ACORDO SAI OU N\u00c3O? | GP \u00e0s 10\" width=\"500\" height=\"281\" src=\"https:\/\/www.youtube.com\/embed\/bQREqCRCx2E?feature=oembed\" frameborder=\"0\" allow=\"accelerometer; autoplay; clipboard-write; encrypted-media; gyroscope; picture-in-picture; web-share\" referrerpolicy=\"strict-origin-when-cross-origin\" allowfullscreen><\/iframe>\n<\/div><\/figure>\n\n\n\n<p class=\"wp-block-paragraph\">A Andretti deu um passo fundamental para entrar no grid da F1. O que era apenas um forte rumor em 2021 virou realidade logo no segundo m\u00eas de 2022, com a marca oficializando nesta sexta-feira (18) o pedido de inscri\u00e7\u00e3o para a FIA a partir de 2024. E o grupo americano garante ter todos os requisitos para ser o 11\u00ba time na categoria m\u00e1xima do automobilismo mundial.<\/p>\n\n\n\n<p class=\"wp-block-paragraph\">A informa\u00e7\u00e3o foi dada pelo perfil no Twitter de Mario Andretti, pai de Michael Andretti, que toca os neg\u00f3cios da marca. Poucos minutos depois, confirmada pela pr\u00f3pria Andretti.<\/p>\n\n\n\n<p class=\"wp-block-paragraph\">As sondagens de Michael com a F1, ali\u00e1s, n\u00e3o s\u00e3o novidade. O americano passou perto de adquirir a Sauber no fim do ano passado, o que faria a Alfa Romeo se transformar em Andretti. No entanto,<a href=\"https:\/\/www.grandepremio.com\/br\/f1\/noticias\/andretti-sauber-na-f1-como-acordo-estava-praticamente-fechado-e-subiu-no-telhado\/\"> a negocia\u00e7\u00e3o fracassou<\/a>. Al\u00e9m disso, o americano j\u00e1 havia <a href=\"https:\/\/www.grandepremio.com\/br\/f1\/noticias\/andretti-conversa-williams-alfa-romeo-haas-por-equipe-f1\/\">sondado, tamb\u00e9m, a Haas e a Williams<\/a>. <\/p>\n\n\n\n<p class=\"wp-block-paragraph\">Em novembro do ano passado, Andretti explicou que o dinheiro n\u00e3o foi o fator que determinou o fracasso na aquisi\u00e7\u00e3o da estrutura da empresa de Hinwil, mas, sim, o fato de n\u00e3o poder assumir o controle da equipe, em situa\u00e7\u00e3o que surgiu de \u00faltima hora e encerrou <a href=\"https:\/\/www.grandepremio.com\/br\/f1\/noticias\/michael-andretti-revela-decisao-sobre-controle-equipe-impediu-compra-sauber\/\">qualquer possibilidade de um acordo<\/a>. O impasse no fim do processo de compra \u201cmatou o neg\u00f3cio\u201d, nas palavras do CEO e presidente da equipe que leva seu sobrenome.<\/p>\n\n\n\n<p class=\"wp-block-paragraph\">Al\u00e9m da Indy e das categorias do Road to Indy, a Andretti tem participa\u00e7\u00f5es importantes em competi\u00e7\u00f5es como a F\u00f3rmula E, Extreme E e V8 Supercars.<\/p>\n\n\n\n<figure class=\"wp-block-image size-large\"><img decoding=\"async\" src=\"https:\/\/www.grandepremio.com\/br\/wp-content\/uploads\/2020\/08\/indy500-mariomichaelandretti-01-1024x682.jpg\" alt=\"\" class=\"wp-image-410708\"\/><figcaption>O pai Mario e o filho Michael Andretti antes da largada da Indy 500. Estar\u00e3o os Andretti na F1 2024? (Foto: Indycar)<\/figcaption><\/figure>\n\n\n\n<p class=\"wp-block-paragraph\"><strong>O namoro de Michael com a F1<\/strong><\/p>\n\n\n\n<p class=\"wp-block-paragraph\">Os planos do filho de Mario Andretti de ingressar na F1 n\u00e3o s\u00e3o de hoje. Em meados de agosto de 2021, Michael viu uma oportunidade na Sauber &#8211; que corre no Mundial sob a bandeira da Alfa Romeo. Depois do in\u00edcio das conversas e de um acordo iminente, Andretti ficou a apenas 48 horas de fechar o contrato definitivo para comprar a esquadra su\u00ed\u00e7a e voltar a colocar seu sobrenome famoso na F\u00f3rmula 1.<\/p>\n\n\n\n<p class=\"wp-block-paragraph\">Entretanto, por conta de um desacordo a respeito do controle da empresa su\u00ed\u00e7a, as negocia\u00e7\u00f5es foram encerradas. Ainda na \u00e9poca, ex-piloto explicou que o dinheiro n\u00e3o foi o fator que determinou o fracasso na aquisi\u00e7\u00e3o da estrutura da empresa de Hinwil, mas, sim, o fato de n\u00e3o poder assumir o controle da equipe, em situa\u00e7\u00e3o que surgiu de \u00faltima hora e encerrou qualquer possibilidade de um acordo.<\/p>\n\n\n\n<p class=\"wp-block-paragraph\">Andretti tinha a inten\u00e7\u00e3o de colocar o americano Colton Herta ao lado de Valtteri Bottas, que havia acabado de fechar contrato com a Alfa Romeo para a temporada 2022 da F1.<\/p>\n","protected":false},"excerpt":{"rendered":"<p>Mario Andretti, pai de Michael, l\u00edder das opera\u00e7\u00f5es da marca, confirmou que a Andretti fez um pedido oficial para a FIA para ser a 11\u00aa equipe no grid da F1 em 2024<\/p>\n","protected":false},"author":0,"featured_media":1000521587,"comment_status":"closed","ping_status":"closed","sticky":false,"template":"","format":"standard","meta":{"42wp_featured_image_caption":"","42wp_featured_image_credits":"","42wp_featured_video":"","42wp_featured_image_hidden":false,"42wp_authors_list":[],"footnotes":""},"categories":[2],"tags":[457,417,147,3230,24837,30909,119,531,1181,1197,215],"42wp_author":[47115,47117,47109,47136],"class_list":["post-114528","post","type-post","status-publish","format-standard","has-post-thumbnail","hentry","category-f1","tag-alfa-romeo","tag-andretti","tag-f1","tag-f1-2024","tag-formula-1-2","tag-formula-1-2024","tag-haas","tag-mario-andretti","tag-michael-andretti","tag-sauber","tag-williams","42wp_author-evelyn-guimaraes","42wp_author-gabriel-curty","42wp_author-redacao-gp","42wp_author-victor-martins"],"_links":{"self":[{"href":"https:\/\/grandepremio.com\/br\/wp-json\/wp\/v2\/posts\/114528","targetHints":{"allow":["GET"]}}],"collection":[{"href":"https:\/\/grandepremio.com\/br\/wp-json\/wp\/v2\/posts"}],"about":[{"href":"https:\/\/grandepremio.com\/br\/wp-json\/wp\/v2\/types\/post"}],"replies":[{"embeddable":true,"href":"https:\/\/grandepremio.com\/br\/wp-json\/wp\/v2\/comments?post=114528"}],"version-history":[{"count":0,"href":"https:\/\/grandepremio.com\/br\/wp-json\/wp\/v2\/posts\/114528\/revisions"}],"wp:featuredmedia":[{"embeddable":true,"href":"https:\/\/grandepremio.com\/br\/wp-json\/wp\/v2\/media\/1000521587"}],"wp:attachment":[{"href":"https:\/\/grandepremio.com\/br\/wp-json\/wp\/v2\/media?parent=114528"}],"wp:term":[{"taxonomy":"category","embeddable":true,"href":"https:\/\/grandepremio.com\/br\/wp-json\/wp\/v2\/categories?post=114528"},{"taxonomy":"post_tag","embeddable":true,"href":"https:\/\/grandepremio.com\/br\/wp-json\/wp\/v2\/tags?post=114528"},{"taxonomy":"42wp_author","embeddable":true,"href":"https:\/\/grandepremio.com\/br\/wp-json\/wp\/v2\/42wp_author?post=114528"}],"curies":[{"name":"wp","href":"https:\/\/api.w.org\/{rel}","templated":true}]}}